{"id":755132,"date":"2026-01-29T05:56:12","date_gmt":"2026-01-29T05:56:12","guid":{"rendered":"https:\/\/www.europesays.com\/de\/755132\/"},"modified":"2026-01-29T05:56:12","modified_gmt":"2026-01-29T05:56:12","slug":"zschaepe-sagt-gegen-mutmassliche-nsu-vertraute-aus","status":"publish","type":"post","link":"https:\/\/www.europesays.com\/de\/755132\/","title":{"rendered":"Zsch\u00e4pe sagt gegen mutma\u00dfliche NSU-Vertraute aus"},"content":{"rendered":"<p>Brisanter Prozess in Dresden <\/p>\n<p>Zsch\u00e4pe soll gegen mutma\u00dfliche NSU-Vertraute aussagen<\/p>\n<p>29.01.2026 &#8211; 06:41 UhrLesedauer: 2 Min.<\/p>\n<p><a href=\"#focus-0\" class=\"transition-colors duration-200 block text-current relative\" data-sctrack=\"FocusGalleryImage.Reference\"><img fetchpriority=\"high\" data-testid=\"Opener.Image\" style=\"--lqipURL:url('https:\/\/images.t-online.de\/2026\/01\/3jBkbEU9XQp6\/0x40:800x450\/fit-in\/150x0\/filters:blur(25)\/beate-zschaepe-archivbild-die-verurteilte-rechtsterroristin-muss-heute-vor-gericht-erscheinen.jpg')\"   loading=\"eager\" src=\"https:\/\/www.europesays.com\/de\/wp-content\/uploads\/2026\/01\/beate-zschaepe-archivbild-die-verurteilte-rechtsterroristin-muss-heute-vor-gericht-erscheinen.jpg\" alt=\"Beate Zsch\u00e4pe (Archivbild): Die verurteilte Rechtsterroristin muss heute vor Gericht erscheinen.\" title=\"Beate Zsch\u00e4pe (Archivbild): Die verurteilte Rechtsterroristin muss heute vor Gericht erscheinen.\" width=\"800\" height=\"450\" class=\"bg-[url:var(--lqipURL)] bg-cover bg-center flex h-full w-full max-w-full\" decoding=\"async\"\/><img style=\"--width:32;--height:32\" loading=\"lazy\" src=\"https:\/\/dresden.t-online.de\/s\/paper\/_next\/static\/media\/zoom-in.f7dae02f.svg\" alt=\"Vergr\u00f6\u00dfern des Bildes\" title=\"Vergr\u00f6\u00dfern des Bildes\" class=\"block h-[calc(var(--height)_\/_16_*_1rem)] w-[calc(var(--width)_\/_16_*_1rem)] max-w-none absolute bottom-8 right-8 rounded-4 bg-snow p-8\" decoding=\"async\"\/><\/a><\/p>\n<p>Beate Zsch\u00e4pe (Archivbild): Die verurteilte Rechtsterroristin muss am Donnerstag vor Gericht erscheinen. (Quelle: Tobias Hase\/dpa)<\/p>\n<p class=\"font-bold text-18 leading-17\">Befragung in Dresden: Die NSU-Terroristin Beate Zsch\u00e4pe setzt ihre Aussage fort. Was sie \u00fcber ihre mutma\u00dfliche Vertraute verr\u00e4t, ist brisant.<\/p>\n<p class=\"text-18 leading-17\">Die NSU-Terroristin Beate Zsch\u00e4pe ist heute (9 Uhr) erneut als Zeugin vor dem Oberlandesgericht Dresden geladen. Sie soll ihre Aussage gegen ihre mutma\u00dfliche Vertraute Susann E. fortsetzen, nachdem die Befragung bei den ersten beiden Terminen im Dezember nicht abgeschlossen werden konnte.<\/p>\n<p class=\"text-18 leading-17\">Die Bundesanwaltschaft wirft Susann E., Ehefrau des bereits verurteilten NSU-Unterst\u00fctzers Andr\u00e9 E., unter anderem Unterst\u00fctzung einer terroristischen Vereinigung vor. Sie soll dem &#8222;Nationalsozialistischen Untergrund&#8220; (NSU) geholfen haben, etwa indem sie Zsch\u00e4pe ihre Krankenkassenkarte und ihre Personalien zur Verf\u00fcgung gestellt haben soll.<\/p>\n<p class=\"text-18 leading-17\">Zudem war die E. laut Anklage an der Abholung eines Wohnmobils beteiligt, das der sogenannte NSU am 4. November 2011 bei seinem letzten Raub\u00fcberfall in Eisenach verwendete. Seit sp\u00e4testens Anfang 2007 soll Susann E. von den rassistisch motivierten Morden des NSU gewusst haben. Das Oberlandesgericht Dresden hat weitere Verhandlungstermine bis Mitte Juni angesetzt.<\/p>\n<p class=\"text-18 leading-17\">Die Neonazi-Terrorzelle NSU bestand aus Beate Zsch\u00e4pe, Uwe B\u00f6hnhardt und Uwe Mundlos. Ab dem Jahr 2000 ver\u00fcbten sie \u00fcber mehrere Jahre hinweg unerkannt zehn Morde in ganz Deutschland. Ihre Opfer waren neun Gewerbetreibende t\u00fcrkischer und griechischer Herkunft sowie eine deutsche Polizistin. Mundlos und B\u00f6hnhardt verletzten zudem Dutzende Menschen bei zwei Bombenanschl\u00e4gen in K\u00f6ln. Die beiden t\u00f6teten sich 2011 in Eisenach, um ihrer Festnahme zu entgehen. Erst dann flog der NSU auf.<\/p>\n<p class=\"text-18 leading-17\">Zsch\u00e4pe verurteilten die Richter des Oberlandesgerichts M\u00fcnchen 2018 nach gut f\u00fcnf Jahren Prozessdauer zu lebenslanger Haft. Der Ehemann der jetzt Angeklagten, Andr\u00e9 E., war einer von vier weiteren Mitangeklagten in jenem Prozess. Er wurde zu zweieinhalb Jahren Haft verurteilt.<\/p>\n","protected":false},"excerpt":{"rendered":"Brisanter Prozess in Dresden Zsch\u00e4pe soll gegen mutma\u00dfliche NSU-Vertraute aussagen 29.01.2026 &#8211; 06:41 UhrLesedauer: 2 Min. Beate Zsch\u00e4pe&hellip;\n","protected":false},"author":2,"featured_media":755133,"comment_status":"","ping_status":"","sticky":false,"template":"","format":"standard","meta":{"footnotes":""},"categories":[1835],"tags":[3176,147287,416,14884,18330,3364,29,2386,30,417,60850,859,60848],"class_list":{"0":"post-755132","1":"post","2":"type-post","3":"status-publish","4":"format-standard","5":"has-post-thumbnail","7":"category-dresden","8":"tag-3176","9":"tag-andre-e","10":"tag-beate-zschaepe","11":"tag-befragung","12":"tag-bundesanwaltschaft","13":"tag-de","14":"tag-deutschland","15":"tag-dresden","16":"tag-germany","17":"tag-nsu","18":"tag-oberlandesgericht-dresden","19":"tag-sachsen","20":"tag-susann-e"},"share_on_mastodon":{"url":"https:\/\/pubeurope.com\/@de\/115976849711158741","error":""},"_links":{"self":[{"href":"https:\/\/www.europesays.com\/de\/wp-json\/wp\/v2\/posts\/755132","targetHints":{"allow":["GET"]}}],"collection":[{"href":"https:\/\/www.europesays.com\/de\/wp-json\/wp\/v2\/posts"}],"about":[{"href":"https:\/\/www.europesays.com\/de\/wp-json\/wp\/v2\/types\/post"}],"author":[{"embeddable":true,"href":"https:\/\/www.europesays.com\/de\/wp-json\/wp\/v2\/users\/2"}],"replies":[{"embeddable":true,"href":"https:\/\/www.europesays.com\/de\/wp-json\/wp\/v2\/comments?post=755132"}],"version-history":[{"count":0,"href":"https:\/\/www.europesays.com\/de\/wp-json\/wp\/v2\/posts\/755132\/revisions"}],"wp:featuredmedia":[{"embeddable":true,"href":"https:\/\/www.europesays.com\/de\/wp-json\/wp\/v2\/media\/755133"}],"wp:attachment":[{"href":"https:\/\/www.europesays.com\/de\/wp-json\/wp\/v2\/media?parent=755132"}],"wp:term":[{"taxonomy":"category","embeddable":true,"href":"https:\/\/www.europesays.com\/de\/wp-json\/wp\/v2\/categories?post=755132"},{"taxonomy":"post_tag","embeddable":true,"href":"https:\/\/www.europesays.com\/de\/wp-json\/wp\/v2\/tags?post=755132"}],"curies":[{"name":"wp","href":"https:\/\/api.w.org\/{rel}","templated":true}]}}