{"id":755184,"date":"2026-01-29T06:24:12","date_gmt":"2026-01-29T06:24:12","guid":{"rendered":"https:\/\/www.europesays.com\/de\/755184\/"},"modified":"2026-01-29T06:24:12","modified_gmt":"2026-01-29T06:24:12","slug":"skin-to-skin-im-belvedere-21","status":"publish","type":"post","link":"https:\/\/www.europesays.com\/de\/755184\/","title":{"rendered":"\u201eSkin to skin\u201c im Belvedere 21"},"content":{"rendered":"<p>Im Zentrum von Skin to Skin steht eine Gruppe von 55 identischen \u00fcberlebensgro\u00dfen Figuren. In schwere Stoffe geh\u00fcllt wirken sie wie Gestalten aus einer anderen Zeit, archaisch und futuristisch zugleich. Spiegelnde Elemente im Raum vervielfachen ihre Pr\u00e4senz, w\u00e4hrend ein eigens komponierter elektronischer Soundtrack die skulpturale Inszenierung akustisch erweitert. Sandra Mujingas Installation besetzt den Ausstellungsraum des Belvedere 21 und l\u00e4dt Besucher ein, in diese verschiedenen visuellen und klanglichen Ebenen einzutauchen.<\/p>\n<p>Ausstellungshinweis<\/p>\n<p>\u201eSkin to skin\u201c, Sandra Mujinga, Belvedere 21, Arsenalstra\u00dfe 1, 1030 Wien, 29.1. bis 31.5.2026, Di bis So 11.00 bis 18.00 Uhr,  Do 11.00  bis 21.00 Uhr.<\/p>\n<p>Die 1989 in Goma, in der Demokratischen Republik Kongo geborene Sandra Mujinga lebt und arbeitet in Oslo. Ihre multidisziplin\u00e4re Praxis umfasst Installation, Skulptur, Fotografie, Performance, Video und Musik. Zentrale Themen ihrer Arbeit sind die Sichtbarkeit Schwarzer K\u00f6rper im \u00f6ffentlichen Raum sowie das Potenzial von Opazit\u00e4t und Ambiguit\u00e4t f\u00fcr Handlungsmacht und Selbstschutz. Skin to Skin ist Mujingas erste Museumspr\u00e4sentation in \u00d6sterreich.<\/p>\n<p>K\u00f6rper anders denken<\/p>\n<p>Mujinga verhandle Fragen von Sichtbarkeit, Identit\u00e4t und technologisch gepr\u00e4gten Machtverh\u00e4ltnissen mit beeindruckender k\u00fcnstlerischer Pr\u00e4zision, so Stella Rollig, Generaldirektorin des Belvedere. Ihr Werk ber\u00fchrt zentrale Debatten unserer Gegenwart \u2013 von Repr\u00e4sentationspolitiken bis zu digitaler Erfassung. Skin to Skin er\u00f6ffnet im Belvedere 21 einen Raum, in dem neue Formen des Gemeinsamen vorstellbar werden.<\/p>\n<p>      <img decoding=\"async\" class=\"lazy-loading\" bad-src=\"data:image\/svg+xml;charset=utf-8,%3Csvg%20xmlns%3D'http%3A%2F%2Fwww.w3.org%2F2000%2Fsvg'%20viewBox%3D'0%200%202000%201125'%2F%3E\" src=\"https:\/\/www.europesays.com\/de\/wp-content\/uploads\/2026\/01\/2913930_bigpicture_1126158_sm1.jpg\"  alt=\"Ausstellungsansicht \u201eSandra Mujinga. Skin to Skin\u201c, Belvedere 21\"\/><\/p>\n<p>   Kunst-Dokumentation.com, Manuel Carreon Lopez \/ Belvedere, Wien<\/p>\n<p>      55 identische, \u00fcbergro\u00dfe Figuren im Ausstellungsraum.<\/p>\n<p>Kurator Axel K\u00f6hne findet, dass Mujingas Installation dazu einlade, &#8222;K\u00f6rper anders zu denken: nicht als klar abgegrenzte Einzelwesen, sondern als kollektive, fluide und widerst\u00e4ndige Pr\u00e4senz. Die Besucher*innen bewegen sich durch ein Feld von Doppelg\u00e4nger*innen, Spiegelungen und Sound und werden Teil einer spekulativen Umgebung, die neue Perspektiven auf Wahrnehmung, Identit\u00e4t und Gemeinschaft er\u00f6ffnet.<\/p>\n","protected":false},"excerpt":{"rendered":"Im Zentrum von Skin to Skin steht eine Gruppe von 55 identischen \u00fcberlebensgro\u00dfen Figuren. In schwere Stoffe geh\u00fcllt&hellip;\n","protected":false},"author":2,"featured_media":755185,"comment_status":"","ping_status":"","sticky":false,"template":"","format":"standard","meta":{"footnotes":""},"categories":[1775],"tags":[1793,29,214,30,1794,215],"class_list":{"0":"post-755184","1":"post","2":"type-post","3":"status-publish","4":"format-standard","5":"has-post-thumbnail","7":"category-kunst-und-design","8":"tag-art-and-design","9":"tag-deutschland","10":"tag-entertainment","11":"tag-germany","12":"tag-kunst-und-design","13":"tag-unterhaltung"},"share_on_mastodon":{"url":"https:\/\/pubeurope.com\/@de\/115976959655607223","error":""},"_links":{"self":[{"href":"https:\/\/www.europesays.com\/de\/wp-json\/wp\/v2\/posts\/755184","targetHints":{"allow":["GET"]}}],"collection":[{"href":"https:\/\/www.europesays.com\/de\/wp-json\/wp\/v2\/posts"}],"about":[{"href":"https:\/\/www.europesays.com\/de\/wp-json\/wp\/v2\/types\/post"}],"author":[{"embeddable":true,"href":"https:\/\/www.europesays.com\/de\/wp-json\/wp\/v2\/users\/2"}],"replies":[{"embeddable":true,"href":"https:\/\/www.europesays.com\/de\/wp-json\/wp\/v2\/comments?post=755184"}],"version-history":[{"count":0,"href":"https:\/\/www.europesays.com\/de\/wp-json\/wp\/v2\/posts\/755184\/revisions"}],"wp:featuredmedia":[{"embeddable":true,"href":"https:\/\/www.europesays.com\/de\/wp-json\/wp\/v2\/media\/755185"}],"wp:attachment":[{"href":"https:\/\/www.europesays.com\/de\/wp-json\/wp\/v2\/media?parent=755184"}],"wp:term":[{"taxonomy":"category","embeddable":true,"href":"https:\/\/www.europesays.com\/de\/wp-json\/wp\/v2\/categories?post=755184"},{"taxonomy":"post_tag","embeddable":true,"href":"https:\/\/www.europesays.com\/de\/wp-json\/wp\/v2\/tags?post=755184"}],"curies":[{"name":"wp","href":"https:\/\/api.w.org\/{rel}","templated":true}]}}