{"id":755297,"date":"2026-01-29T07:26:11","date_gmt":"2026-01-29T07:26:11","guid":{"rendered":"https:\/\/www.europesays.com\/de\/755297\/"},"modified":"2026-01-29T07:26:11","modified_gmt":"2026-01-29T07:26:11","slug":"duesseldorfer-awista-braucht-neuen-kopf-an-der-unternehmensspitze","status":"publish","type":"post","link":"https:\/\/www.europesays.com\/de\/755297\/","title":{"rendered":"D\u00fcsseldorfer Awista braucht neuen Kopf an der Unternehmensspitze\u00a0"},"content":{"rendered":"<p class=\"text_ohne_einzug richtext text-em-55 !leading-serif mx-6 desktop:mx-0\">Das D\u00fcsseldorfer Entsorgungsunternehmen Awista braucht einen neuen Kopf an der Unternehmensspitze. Peter Ehler, bislang Sprecher der Gesch\u00e4ftsf\u00fchrung der beiden Unternehmen Awista GmbH (Gesch\u00e4ftskunden) und Awista Kommunal (Privatkunden), wechselt zum Logistikdienstleister RheinCargo. Dort wird er zum 1. Februar die kaufm\u00e4nnische Gesch\u00e4ftsf\u00fchrungsposition von Sascha Odermatt \u00fcbernehmen. Das teilt die RheinCargo (RC), deren Firmensitz in K\u00f6ln liegt, am heutigen Donnerstag mit.<\/p>\n","protected":false},"excerpt":{"rendered":"Das D\u00fcsseldorfer Entsorgungsunternehmen Awista braucht einen neuen Kopf an der Unternehmensspitze. Peter Ehler, bislang Sprecher der Gesch\u00e4ftsf\u00fchrung der&hellip;\n","protected":false},"author":2,"featured_media":755298,"comment_status":"","ping_status":"","sticky":false,"template":"","format":"standard","meta":{"footnotes":""},"categories":[1831],"tags":[78845,3364,29,3405,3679,172321,30,17227,1209,172320,7253,5206,51945,67144,24561,172322,5421],"class_list":{"0":"post-755297","1":"post","2":"type-post","3":"status-publish","4":"format-standard","5":"has-post-thumbnail","7":"category-duesseldorf","8":"tag-awista","9":"tag-de","10":"tag-deutschland","11":"tag-duesseldorf","12":"tag-duesseldorfer","13":"tag-ehler","14":"tag-germany","15":"tag-geschaeftsfuehrer","16":"tag-nordrhein-westfalen","17":"tag-odermatt","18":"tag-peter","19":"tag-rhein","20":"tag-rheincargo","21":"tag-spitze","22":"tag-unternehmens","23":"tag-unternehmensspitze","24":"tag-wechsel"},"share_on_mastodon":{"url":"https:\/\/pubeurope.com\/@de\/115977203495995058","error":""},"_links":{"self":[{"href":"https:\/\/www.europesays.com\/de\/wp-json\/wp\/v2\/posts\/755297","targetHints":{"allow":["GET"]}}],"collection":[{"href":"https:\/\/www.europesays.com\/de\/wp-json\/wp\/v2\/posts"}],"about":[{"href":"https:\/\/www.europesays.com\/de\/wp-json\/wp\/v2\/types\/post"}],"author":[{"embeddable":true,"href":"https:\/\/www.europesays.com\/de\/wp-json\/wp\/v2\/users\/2"}],"replies":[{"embeddable":true,"href":"https:\/\/www.europesays.com\/de\/wp-json\/wp\/v2\/comments?post=755297"}],"version-history":[{"count":0,"href":"https:\/\/www.europesays.com\/de\/wp-json\/wp\/v2\/posts\/755297\/revisions"}],"wp:featuredmedia":[{"embeddable":true,"href":"https:\/\/www.europesays.com\/de\/wp-json\/wp\/v2\/media\/755298"}],"wp:attachment":[{"href":"https:\/\/www.europesays.com\/de\/wp-json\/wp\/v2\/media?parent=755297"}],"wp:term":[{"taxonomy":"category","embeddable":true,"href":"https:\/\/www.europesays.com\/de\/wp-json\/wp\/v2\/categories?post=755297"},{"taxonomy":"post_tag","embeddable":true,"href":"https:\/\/www.europesays.com\/de\/wp-json\/wp\/v2\/tags?post=755297"}],"curies":[{"name":"wp","href":"https:\/\/api.w.org\/{rel}","templated":true}]}}