{"id":755390,"date":"2026-01-29T08:18:13","date_gmt":"2026-01-29T08:18:13","guid":{"rendered":"https:\/\/www.europesays.com\/de\/755390\/"},"modified":"2026-01-29T08:18:13","modified_gmt":"2026-01-29T08:18:13","slug":"putins-armee-zu-unangenehmem-schritt-gezwungen-grosse-verluste-drohen","status":"publish","type":"post","link":"https:\/\/www.europesays.com\/de\/755390\/","title":{"rendered":"Putins Armee zu unangenehmem Schritt gezwungen \u2013 gro\u00dfe Verluste drohen"},"content":{"rendered":"<ol class=\"id-DonaldBreadcrumb lp_west_breadcrumb id-DonaldBreadcrumb--default\" data-k5a-pos=\"west_breadcrumb\">\n<li class=\"id-Breadcrumb-item\"><a href=\"https:\/\/www.merkur.de\/\" class=\"id-Breadcrumb-link\" data-id-ec=\"{\" shn=\"\" textlink=\"\" data-k5a-pos=\"1_startseite\" target=\"_blank\" rel=\"noopener\">Startseite<\/a><\/li>\n<li class=\"id-Breadcrumb-item\"><a href=\"https:\/\/www.merkur.de\/politik\/\" class=\"id-Breadcrumb-link\" data-id-ec=\"{\" shn=\"\" textlink=\"\" data-k5a-pos=\"2_politik\" target=\"_blank\" rel=\"noopener\">Politik<\/a><\/li>\n<\/ol>\n<p class=\"id-Story-timestamp id-Story-timestamp--default\">Stand: 29.01.2026, 09:02 Uhr<\/p>\n<p class=\"id-Story-authors id-Story-authors--default\">Von: <a class=\"id-Story-authors-link lp_west_author\" href=\"https:\/\/www.merkur.de\/autor\/franziska-schwarz-vc2f6paov.html\" title=\"Zur Autorenseite von Franziska Schwarz\" data-id-ec=\"{\" shn=\"\" author-link=\"\" schwarz=\"\" data-k5a-pos=\"west_author\" target=\"_blank\" rel=\"noopener\">Franziska Schwarz<\/a><\/p>\n<p class=\"id-Story-interactionBar id-Story-interactionBar--default\">DruckenTeilen<\/p>\n<p class=\"id-StoryElement-leadText\">News zum Ukraine-Krieg im Ticker: Russland muss laut einem Bericht aus der Not heraus 260 Panzer produzieren. Putins Verluste steigen weiter.<\/p>\n<p class=\"id-StoryElement-paragraph\">Kiew \u2013 Laut dem ukrainischen Geheimdienst sind die sowjetischen Waffenbest\u00e4nde Russlands nahezu ersch\u00f6pft. Oleh Luhowskyj, stellvertretender Leiter des ukrainischen Auslandsgeheimdienstes, erkl\u00e4rte, dass die ehemals riesigen Best\u00e4nde an gepanzerten Fahrzeugen und Artillerie aus der Sowjetzeit aufgebraucht seien.<\/p>\n<p><img decoding=\"async\" class=\"id-RatioPlaceholder-element wv_story_el_image\" src=\"https:\/\/www.europesays.com\/de\/wp-content\/uploads\/2026\/01\/31161503-ukraine-krieg-russland-wladimir-putin-panzer-nato-t-62-bundeswehr-1QOyGAfGjKBG.jpg\" loading=\"lazy\"   height=\"778\" width=\"1100\" alt=\"Ukraine-Krieg: Rekruten auf einem T-62-Panzer im russischen Oblast Jaroslawl\"\/>Russische Rekruten auf einem alten T-62-Panzer (Symbolbild) \u00a9\u00a0Vladimir Smirnov\/ImagoUkraine-News: Russlands Armee muss Panzer neu produzieren<\/p>\n<p class=\"id-StoryElement-paragraph\">Die russischen Streitkr\u00e4fte m\u00fcssen nun auf die <a href=\"https:\/\/www.merkur.de\/politik\/t-62-ukraine-krieg-russland-wladimir-putin-panzer-nato-bundeswehr-92895706.html\" class=\"id-import-Link\" data-id-ec=\"{&quot;sht&quot;:&quot;Container&quot;,&quot;shn&quot;:&quot;Story&quot;,&quot;p&quot;:{&quot;containerType&quot;:&quot;Paragraph&quot;,&quot;displayType&quot;:&quot;Paragraph InlineLink&quot;,&quot;type&quot;:&quot;INLINE_LINK&quot;,&quot;value&quot;:&quot;zeitintensive und teure Neuproduktion&quot;,&quot;variant&quot;:&quot;standardLink&quot;,&quot;sponsored&quot;:false,&quot;linkHref&quot;:&quot;https:\/\/www.merkur.de\/politik\/t-62-ukraine-krieg-russland-wladimir-putin-panzer-nato-bundeswehr-92895706.html&quot;,&quot;storyElementPosition&quot;:12,&quot;storyElementCount&quot;:23}}\" target=\"_blank\" rel=\"noopener\">zeitintensive und teure Neuproduktion<\/a> setzen. Russland plant, im Jahr 2026 insgesamt 260 neue Kampfpanzer zu produzieren, was einem Anstieg von 20 Prozent im Vergleich zum Vorjahr entspricht. Allerdings sinkt die Rate der Restaurierung alter Panzer um 40 Prozent. \u201eInfolgedessen wird die Gesamtzahl der auf das Schlachtfeld gelieferten Panzer um etwa ein Drittel geringer ausfallen als im letzten Jahr\u201c, so Luhowskyj laut ntv.<\/p>\n<p>Transparenzhinweis<\/p>\n<p class=\"id-StoryElement-factBox-paragraph\">Die hier verarbeiteten Informationen stammen von Nachrichtenagenturen und internationalen Quellen, aber auch von Kriegsparteien im\u00a0Ukraine-Krieg. Die Angaben\u00a0lassen sich nicht unabh\u00e4ngig \u00fcberpr\u00fcfen.<\/p>\n<p>Ukraine-News: <strong>Verluste f\u00fcr Russland<\/strong> weiterhin hoch<\/p>\n<p class=\"id-StoryElement-paragraph\">Die <a href=\"https:\/\/www.merkur.de\/politik\/opfern-verluste-fuer-russland-im-ukraine-krieg-neue-details-zu-zr-94129011.html\" class=\"id-import-Link\" data-id-ec=\"{&quot;sht&quot;:&quot;Container&quot;,&quot;shn&quot;:&quot;Story&quot;,&quot;p&quot;:{&quot;containerType&quot;:&quot;Paragraph&quot;,&quot;displayType&quot;:&quot;Paragraph InlineLink&quot;,&quot;type&quot;:&quot;INLINE_LINK&quot;,&quot;value&quot;:&quot;Verluste Russlands im Ukraine-Krieg&quot;,&quot;variant&quot;:&quot;standardLink&quot;,&quot;sponsored&quot;:false,&quot;linkHref&quot;:&quot;https:\/\/www.merkur.de\/politik\/opfern-verluste-fuer-russland-im-ukraine-krieg-neue-details-zu-zr-94129011.html&quot;,&quot;storyElementPosition&quot;:16,&quot;storyElementCount&quot;:23}}\" target=\"_blank\" rel=\"noopener\">Verluste Russlands im Ukraine-Krieg<\/a> nehmen indes weiter zu. Der Generalstab der ukrainischen Streitkr\u00e4fte berichtete auf Facebook, dass Putins Armee in den vergangenen 24 Stunden etwa 830 Soldaten verloren hat. H\u00e4ufig liegt die Zahl der t\u00e4glichen Verluste bei \u00fcber 1000 Soldaten. Am Vortag waren es weniger als 1000 Soldaten. Seit <a href=\"https:\/\/www.merkur.de\/politik\/treffen-ukraine-news-selenskyj-prangert-reinen-terrorismus-an-will-putin-direkt-zr-94143012.html\" class=\"id-import-Link\" data-id-ec=\"{&quot;sht&quot;:&quot;Container&quot;,&quot;shn&quot;:&quot;Story&quot;,&quot;p&quot;:{&quot;containerType&quot;:&quot;Paragraph&quot;,&quot;displayType&quot;:&quot;Paragraph InlineLink&quot;,&quot;type&quot;:&quot;INLINE_LINK&quot;,&quot;value&quot;:&quot;Beginn der K&#xE4;mpfe&quot;,&quot;variant&quot;:&quot;standardLink&quot;,&quot;sponsored&quot;:false,&quot;linkHref&quot;:&quot;https:\/\/www.merkur.de\/politik\/treffen-ukraine-news-selenskyj-prangert-reinen-terrorismus-an-will-putin-direkt-zr-94143012.html&quot;,&quot;storyElementPosition&quot;:16,&quot;storyElementCount&quot;:23}}\" target=\"_blank\" rel=\"noopener\">Beginn der K\u00e4mpfe<\/a> am 24. Februar 2022 belaufen sich die gesamten Verluste auf etwa 1.237.400 Soldaten.<\/p>\n<p>Gespr\u00e4che f\u00fcr ein <strong>Ende vom Ukraine-Krieg<\/strong><\/p>\n<p class=\"id-StoryElement-paragraph\">In Bezug auf die Verhandlungen zur Beendigung des Ukraine-Kriegs bleibt die Gebietsfrage um Donezk der letzte Streitpunkt. US-Au\u00dfenminister Marco Rubio bezeichnete dieses Thema als ein \u201esehr schwieriges\u201c, wie er laut Reuters vor einem Senatsausschuss \u00e4u\u00dferte.<\/p>\n<p>Trump und Putin: Die Geschichte ihrer Beziehung in Bildern<img decoding=\"async\" class=\"id-RatioPlaceholder-element wv_story_el_interstitialImage\" src=\"https:\/\/www.europesays.com\/de\/wp-content\/uploads\/2025\/08\/1755059894_91_37459918-osaka-2019-3cfe.jpg\" loading=\"lazy\"   height=\"3040\" width=\"4560\" alt=\"Osaka 2019\"\/><a href=\"https:\/\/www.merkur.de\/politik\/donald-trump-trifft-wladimir-putin-in-alaska-beziehung-in-bildern-zr-93632634.html\" class=\"id-StoryElement-intestitialLink-link\" data-id-ec=\"{\" shn=\"\" ansehen=\"\" data-k5a-pos=\"west_story_20_photoGalleryLink\" title=\"Zur Fotostrecke: Trump und Putin: Die Geschichte ihrer Beziehung in Bildern\" target=\"_blank\" rel=\"noopener\">Fotostrecke ansehen<\/a><\/p>\n<p class=\"id-StoryElement-paragraph\">Rubio deutete an, dass es bei den k\u00fcnftigen Sicherheitsgarantien f\u00fcr die Ukraine gegen einen m\u00f6glichen erneuten russischen Angriff eine Einigung geben k\u00f6nnte. Bei den Folgegespr\u00e4chen k\u00f6nnte eine US-Pr\u00e4senz bestehen, jedoch w\u00fcrden die bisherigen Gesandten von Pr\u00e4sident Donald Trump, Steve Witkoff und Jared Kushner, nicht mehr teilnehmen.<\/p>\n<p class=\"id-StoryElement-paragraph\">Die ersten direkten trilateralen Gespr\u00e4che in Abu Dhabi \u00fcber den US-Friedensplan f\u00fcr die Ukraine fanden in diesem Format statt. Trump hatte den Plan im November erstmals vorgestellt und seither mehrfach \u00fcberarbeitet. Vertreter aus der Ukraine und den USA lobten die Gespr\u00e4chsatmosph\u00e4re. (Redaktion mit Nachrichtenagenturen)<\/p>\n","protected":false},"excerpt":{"rendered":"Startseite Politik Stand: 29.01.2026, 09:02 Uhr Von: Franziska Schwarz DruckenTeilen News zum Ukraine-Krieg im Ticker: Russland muss laut&hellip;\n","protected":false},"author":2,"featured_media":755391,"comment_status":"","ping_status":"","sticky":false,"template":"","format":"standard","meta":{"footnotes":""},"categories":[4012],"tags":[331,332,13,14,15,12,317],"class_list":{"0":"post-755390","1":"post","2":"type-post","3":"status-publish","4":"format-standard","5":"has-post-thumbnail","7":"category-ukraine","8":"tag-aktuelle-nachrichten","9":"tag-aktuelle-news","10":"tag-headlines","11":"tag-nachrichten","12":"tag-news","13":"tag-schlagzeilen","14":"tag-ukraine"},"share_on_mastodon":{"url":"https:\/\/pubeurope.com\/@de\/115977408216619245","error":""},"_links":{"self":[{"href":"https:\/\/www.europesays.com\/de\/wp-json\/wp\/v2\/posts\/755390","targetHints":{"allow":["GET"]}}],"collection":[{"href":"https:\/\/www.europesays.com\/de\/wp-json\/wp\/v2\/posts"}],"about":[{"href":"https:\/\/www.europesays.com\/de\/wp-json\/wp\/v2\/types\/post"}],"author":[{"embeddable":true,"href":"https:\/\/www.europesays.com\/de\/wp-json\/wp\/v2\/users\/2"}],"replies":[{"embeddable":true,"href":"https:\/\/www.europesays.com\/de\/wp-json\/wp\/v2\/comments?post=755390"}],"version-history":[{"count":0,"href":"https:\/\/www.europesays.com\/de\/wp-json\/wp\/v2\/posts\/755390\/revisions"}],"wp:featuredmedia":[{"embeddable":true,"href":"https:\/\/www.europesays.com\/de\/wp-json\/wp\/v2\/media\/755391"}],"wp:attachment":[{"href":"https:\/\/www.europesays.com\/de\/wp-json\/wp\/v2\/media?parent=755390"}],"wp:term":[{"taxonomy":"category","embeddable":true,"href":"https:\/\/www.europesays.com\/de\/wp-json\/wp\/v2\/categories?post=755390"},{"taxonomy":"post_tag","embeddable":true,"href":"https:\/\/www.europesays.com\/de\/wp-json\/wp\/v2\/tags?post=755390"}],"curies":[{"name":"wp","href":"https:\/\/api.w.org\/{rel}","templated":true}]}}