{"id":755395,"date":"2026-01-29T08:21:15","date_gmt":"2026-01-29T08:21:15","guid":{"rendered":"https:\/\/www.europesays.com\/de\/755395\/"},"modified":"2026-01-29T08:21:15","modified_gmt":"2026-01-29T08:21:15","slug":"bundestrainer-gislason-mit-perfektem-auszeit-buzzer-vs-frankreich","status":"publish","type":"post","link":"https:\/\/www.europesays.com\/de\/755395\/","title":{"rendered":"Bundestrainer Gislason mit perfektem Auszeit-Buzzer vs Frankreich"},"content":{"rendered":"<ol class=\"id-DonaldBreadcrumb lp_west_breadcrumb id-DonaldBreadcrumb--default\" data-k5a-pos=\"west_breadcrumb\">\n<li class=\"id-Breadcrumb-item\"><a href=\"https:\/\/www.fr.de\/\" class=\"id-Breadcrumb-link\" data-id-ec=\"{\" shn=\"\" textlink=\"\" data-k5a-pos=\"1_startseite\" target=\"_blank\" rel=\"noopener\">Startseite<\/a><\/li>\n<li class=\"id-Breadcrumb-item\"><a href=\"https:\/\/www.fr.de\/sport\/\" class=\"id-Breadcrumb-link\" data-id-ec=\"{\" shn=\"\" textlink=\"\" data-k5a-pos=\"2_sport\" target=\"_blank\" rel=\"noopener\">Sport<\/a><\/li>\n<li class=\"id-Breadcrumb-item\"><a href=\"https:\/\/www.fr.de\/sport\/sport-mix\/\" class=\"id-Breadcrumb-link\" data-id-ec=\"{\" shn=\"\" textlink=\"\" a-z=\"\" data-k5a-pos=\"3_sportAZ\" target=\"_blank\" rel=\"noopener\">Sport A-Z<\/a><\/li>\n<\/ol>\n<p class=\"id-Story-timestamp id-Story-timestamp--default\">Stand: 29.01.2026, 09:03 Uhr<\/p>\n<p class=\"id-Story-authors id-Story-authors--default\">Von: <a class=\"id-Story-authors-link lp_west_author\" href=\"https:\/\/www.fr.de\/autor\/adrian-rehling-74rlua418.html\" title=\"Zur Autorenseite von Adrian Rehling\" data-id-ec=\"{\" shn=\"\" author-link=\"\" rehling=\"\" data-k5a-pos=\"west_author\" target=\"_blank\" rel=\"noopener\">Adrian Rehling<\/a><\/p>\n<p class=\"id-Story-interactionBar id-Story-interactionBar--default\">DruckenTeilen<\/p>\n<p class=\"id-StoryElement-leadText\">In der EM-Vorrunde unterl\u00e4uft Alfred Gislason ein folgenschwerer Fehler. Gegen Frankreich geht der Bundestrainer bei einer Auszeit erneut ins Risiko \u2013 und hat dieses Mal Erfolg.<\/p>\n<p class=\"id-StoryElement-paragraph\">Herning \u2013 Alfred Gislason jubelte wie nach einem Tor. Dabei war dem Bundestrainer im entscheidenden <a href=\"https:\/\/www.fr.de\/sport\/sport-mix\/handball-em-deutschland-gegen-frankreich-im-live-ticker-zr-94143610.html\" class=\"id-import-Link\" data-id-ec=\"{&quot;sht&quot;:&quot;Container&quot;,&quot;shn&quot;:&quot;Story&quot;,&quot;p&quot;:{&quot;containerType&quot;:&quot;Paragraph&quot;,&quot;displayType&quot;:&quot;Paragraph InlineLink&quot;,&quot;type&quot;:&quot;INLINE_LINK&quot;,&quot;value&quot;:&quot;EM-Hauptrundenspiel der deutschen Handballer gegen Frankreich&quot;,&quot;variant&quot;:&quot;standardLink&quot;,&quot;sponsored&quot;:false,&quot;linkHref&quot;:&quot;https:\/\/www.fr.de\/sport\/sport-mix\/handball-em-deutschland-gegen-frankreich-im-live-ticker-zr-94143610.html&quot;,&quot;storyElementPosition&quot;:8,&quot;storyElementCount&quot;:20}}\" target=\"_blank\" rel=\"noopener\">EM-Hauptrundenspiel der deutschen Handballer gegen Frankreich<\/a> soeben ein neuerlicher Fauxpas erspart geblieben. Wie schon bei der Vorrunden-Niederlage gegen Serbien h\u00e4tte sich Gislason bei einer Auszeit beinahe verzockt \u2013 doch dieses Mal dr\u00fcckte der Isl\u00e4nder den Buzzer exakt im richtigen Moment.<\/p>\n<p><img decoding=\"async\" class=\"id-RatioPlaceholder-element wv_story_el_image\" src=\"https:\/\/www.europesays.com\/de\/wp-content\/uploads\/2026\/01\/41294310-handball-bundestrainer-alfred-gislason-bejubelt-den-einzug-ins-em-halbfinale-1C2GyN6BlyBG.j.jpeg\" loading=\"lazy\"   height=\"734\" width=\"1100\" alt=\"Handball-Bundestrainer Alfred Gislason bejubelt den Einzug ins EM-Halbfinale.\"\/>Handball-Bundestrainer Alfred Gislason bejubelt den Einzug ins EM-Halbfinale. \u00a9\u00a0IMAGO\/Bo Amstrup<\/p>\n<p class=\"id-StoryElement-paragraph\">Nach dem perfekten Timing war die Erleichterung entsprechend gro\u00df beim Bundestrainer. \u201eIch habe in meiner Karriere vielleicht zehnmal mit der Auszeit gezockt. Gegen Serbien war es das erste Mal, dass ich falsch gelegen habe. Deswegen hat es mich gefreut, dass es diesmal richtig war\u201c, begr\u00fcndete der 66-J\u00e4hrige mit einem Lachen seinen emotionalen Ausbruch in der zweiten Halbzeit.\u00a0<\/p>\n<p>Handball-Bundestrainer Gislason \u00fcber Auszeit-Poker gegen Frankreich: \u201eDas war ein Risiko\u201c<\/p>\n<p class=\"id-StoryElement-paragraph\">Im Duell mit den Serben hatte Gislason beim Stand von 25:26 mitten in einen erfolgreichen Wurf von Juri Knorr hinein den Buzzer gedr\u00fcckt und dadurch den Ausgleich verhindert. Deutschland verlor am Ende mit 27:30 und stand kurz vor dem fr\u00fchen EM-Aus.\u00a0 Beim 38:34-Sieg gegen Frankreich drohte beinahe das gleiche Szenario.<\/p>\n<p class=\"id-StoryElement-paragraph\">Gislason l\u00f6ste das akustische Signal bei einem deutschen Angriff just in dem Moment aus, als Johannes Golla am Kreis angespielt wurde. \u201eDas war ein Risiko. H\u00e4tte Golli den Ball gefangen und ein Tor gemacht, w\u00fcrde man anders dar\u00fcber reden\u201c, sagte der Bundestrainer. So blieben ihm eine neuerliche Diskussion und ein erneutes Schuldeingest\u00e4ndnis erspart. <\/p>\n<p>Der deutsche Kader f\u00fcr die Handball-EM 2026 \u2013 gleich vier Deb\u00fctanten nominiert<img decoding=\"async\" class=\"id-RatioPlaceholder-element wv_story_el_interstitialImage\" src=\"https:\/\/www.europesays.com\/de\/wp-content\/uploads\/2026\/01\/41025019-die-deutschen-handball-stars-andreas-wolff-renars-uscins-und-juri-knorr-haben-ein-gemeinsam.jpeg\" loading=\"lazy\"   height=\"2249\" width=\"4000\" alt=\"Die deutschen Handball-Stars Andreas Wolff, Renars Uscins und Juri Knorr haben ein gemeinsames Ziel: Den EM-Titel 2026.\"\/><a href=\"https:\/\/www.fr.de\/sport\/sport-mix\/handball-em-2026-dhb-alfred-trainer-gislason-nominiert-vier-debuetanten-zr-94110455.html\" class=\"id-StoryElement-intestitialLink-link\" data-id-ec=\"{\" shn=\"\" ansehen=\"\" data-k5a-pos=\"west_story_16_photoGalleryLink\" title=\"Zur Fotostrecke: Der deutsche Kader f&#xFC;r die Handball-EM 2026 &#x2013; gleich vier Deb&#xFC;tanten nominiert\" target=\"_blank\" rel=\"noopener\">Fotostrecke ansehen<\/a><\/p>\n<p class=\"id-StoryElement-paragraph\">\u201eMan muss als Trainer eine Entscheidung treffen und dazu stehen. Ich habe einmal falsch gelegen \u2013 das habe ich auf meine Kappe genommen\u201c, sagte <a href=\"https:\/\/www.fr.de\/sport\/sport-mix\/handball-em-bundestrainer-gislason-wehrt-sich-gegen-rotations-vorwuerfe-zr-94141148.html\" class=\"id-import-Link\" data-id-ec=\"{&quot;sht&quot;:&quot;Container&quot;,&quot;shn&quot;:&quot;Story&quot;,&quot;p&quot;:{&quot;containerType&quot;:&quot;Paragraph&quot;,&quot;displayType&quot;:&quot;Paragraph InlineLink&quot;,&quot;type&quot;:&quot;INLINE_LINK&quot;,&quot;value&quot;:&quot;Gislason&quot;,&quot;variant&quot;:&quot;standardLink&quot;,&quot;sponsored&quot;:false,&quot;linkHref&quot;:&quot;https:\/\/www.fr.de\/sport\/sport-mix\/handball-em-bundestrainer-gislason-wehrt-sich-gegen-rotations-vorwuerfe-zr-94141148.html&quot;,&quot;storyElementPosition&quot;:18,&quot;storyElementCount&quot;:20}}\" target=\"_blank\" rel=\"noopener\">Gislason<\/a> im R\u00fcckblick. Der Bundestrainer im Aufwind, die Offensive der DHB-Auswahl zum ersten Mal im Turnierverlauf komplett am oberen Limit \u2013 so geht Deutschland mit reichlich R\u00fcckenwind ins Halbfinale gegen Kroatien. <a href=\"https:\/\/www.fr.de\/sport\/sport-mix\/deutschland-gegen-kroatien-live-im-tv-und-stream-hier-laeuft-die-handball-em-zr-94144554.html\" class=\"id-import-Link\" data-id-ec=\"{&quot;sht&quot;:&quot;Container&quot;,&quot;shn&quot;:&quot;Story&quot;,&quot;p&quot;:{&quot;containerType&quot;:&quot;Paragraph&quot;,&quot;displayType&quot;:&quot;Paragraph InlineLink&quot;,&quot;type&quot;:&quot;INLINE_LINK&quot;,&quot;value&quot;:&quot;Alle TV-Infos hier&quot;,&quot;variant&quot;:&quot;standardLink&quot;,&quot;sponsored&quot;:false,&quot;linkHref&quot;:&quot;https:\/\/www.fr.de\/sport\/sport-mix\/deutschland-gegen-kroatien-live-im-tv-und-stream-hier-laeuft-die-handball-em-zr-94144554.html&quot;,&quot;storyElementPosition&quot;:18,&quot;storyElementCount&quot;:20}}\" target=\"_blank\" rel=\"noopener\">Alle TV-Infos hier<\/a>.<\/p>\n<p class=\"id-StoryElement-paragraph\">Gegen den Gegner gab es in der Vorbereitung zwei \u00fcberzeugende Siege mit drei sowie sechs Toren Abstand. Dennoch hebt der Isl\u00e4nder mahnend den Zeigefinger: \u201eDas z\u00e4hlt gar nichts. Wenn es darauf ankommt, k\u00f6nnen sich die Kroaten sehr gut fokussieren.\u201c Das gilt aber auch f\u00fcr seine Stars \u2013 und sp\u00e4testens seit der Buzzer-Aktion gegen Frankreich auch wieder f\u00fcr Alfred Gislason selbst. (rele)<\/p>\n","protected":false},"excerpt":{"rendered":"Startseite Sport Sport A-Z Stand: 29.01.2026, 09:03 Uhr Von: Adrian Rehling DruckenTeilen In der EM-Vorrunde unterl\u00e4uft Alfred Gislason&hellip;\n","protected":false},"author":2,"featured_media":755396,"comment_status":"","ping_status":"","sticky":false,"template":"","format":"standard","meta":{"footnotes":""},"categories":[3974],"tags":[331,332,548,663,3934,3980,156,13,14,15,12],"class_list":{"0":"post-755395","1":"post","2":"type-post","3":"status-publish","4":"format-standard","5":"has-post-thumbnail","7":"category-frankreich","8":"tag-aktuelle-nachrichten","9":"tag-aktuelle-news","10":"tag-eu","11":"tag-europa","12":"tag-europe","13":"tag-france","14":"tag-frankreich","15":"tag-headlines","16":"tag-nachrichten","17":"tag-news","18":"tag-schlagzeilen"},"share_on_mastodon":{"url":"https:\/\/pubeurope.com\/@de\/115977419790703695","error":""},"_links":{"self":[{"href":"https:\/\/www.europesays.com\/de\/wp-json\/wp\/v2\/posts\/755395","targetHints":{"allow":["GET"]}}],"collection":[{"href":"https:\/\/www.europesays.com\/de\/wp-json\/wp\/v2\/posts"}],"about":[{"href":"https:\/\/www.europesays.com\/de\/wp-json\/wp\/v2\/types\/post"}],"author":[{"embeddable":true,"href":"https:\/\/www.europesays.com\/de\/wp-json\/wp\/v2\/users\/2"}],"replies":[{"embeddable":true,"href":"https:\/\/www.europesays.com\/de\/wp-json\/wp\/v2\/comments?post=755395"}],"version-history":[{"count":0,"href":"https:\/\/www.europesays.com\/de\/wp-json\/wp\/v2\/posts\/755395\/revisions"}],"wp:featuredmedia":[{"embeddable":true,"href":"https:\/\/www.europesays.com\/de\/wp-json\/wp\/v2\/media\/755396"}],"wp:attachment":[{"href":"https:\/\/www.europesays.com\/de\/wp-json\/wp\/v2\/media?parent=755395"}],"wp:term":[{"taxonomy":"category","embeddable":true,"href":"https:\/\/www.europesays.com\/de\/wp-json\/wp\/v2\/categories?post=755395"},{"taxonomy":"post_tag","embeddable":true,"href":"https:\/\/www.europesays.com\/de\/wp-json\/wp\/v2\/tags?post=755395"}],"curies":[{"name":"wp","href":"https:\/\/api.w.org\/{rel}","templated":true}]}}