{"id":755483,"date":"2026-01-29T09:09:10","date_gmt":"2026-01-29T09:09:10","guid":{"rendered":"https:\/\/www.europesays.com\/de\/755483\/"},"modified":"2026-01-29T09:09:10","modified_gmt":"2026-01-29T09:09:10","slug":"mit-dem-flugzeug-in-die-uber-arena","status":"publish","type":"post","link":"https:\/\/www.europesays.com\/de\/755483\/","title":{"rendered":"Mit dem Flugzeug in die Uber Arena"},"content":{"rendered":"<p>Der Zwei-Meter-Mann bewegt sich langsam \u00fcber das Flugzeug &#8211; ruhige Gesten. In der Hand h\u00e4lt er ein silbrig gl\u00e4nzendes Mikrofon. Dunkle Sonnenbrille, silberner Ohrh\u00e4nger, schwarze lange Haare im Pferdeschwanz, schwarzer Kinnbart und Schnauzer. Ein Auftritt aalglatt wie seine Gelfrisur.<\/p>\n<p>Im schwarzen Samtanzug wirkt Apache fast wie ein Schlagers\u00e4nger. Und \u00e4hnlich weich klingen auch einige seiner Rapsongs: ein Badboy mit verspielten Momenten, butterweicher Bassdrum &#8211; mehr Shishabar-Hymne als Kampflied. Rund um das Flugzeug steht die Band &#8211; Schlagzeug, Synthesizer, E-Gitarre.<\/p>\n<p>Beim Song &#8222;Wenn das so bleibt&#8220; geht der 28-j\u00e4hrige Rapper in die Menge, High Five mit einem kleinen M\u00e4dchen, dann schreibt er Autogramme, posiert f\u00fcr Selfies. Einmal will er durch die ganze Arena laufen, doch der Song endet zu fr\u00fch. Kein Problem, er spielt ihn einfach noch einmal und bedankt sich f\u00fcr die Geduld seiner Fans.<\/p>\n<p>Wenig sp\u00e4ter segelt der Rapper auf einer wei\u00dfen, aufgeblasenen Wolke hoch \u00fcber den K\u00f6pfen durch die Arena und filmt die Menge mit einer Videokamera. W\u00e4hrenddessen l\u00e4uft Reinhard Meys Klassiker &#8222;\u00dcber den Wolken&#8220; &#8211; ein Stilbruch, passend zu Apaches Genre-Mix. Pop, Rap und Eurodance, alles landet im Soundschmelztiegel.<\/p>\n","protected":false},"excerpt":{"rendered":"Der Zwei-Meter-Mann bewegt sich langsam \u00fcber das Flugzeug &#8211; ruhige Gesten. In der Hand h\u00e4lt er ein silbrig&hellip;\n","protected":false},"author":2,"featured_media":755484,"comment_status":"","ping_status":"","sticky":false,"template":"","format":"standard","meta":{"footnotes":""},"categories":[1772],"tags":[296,29,214,30,1779,810,134994,215],"class_list":{"0":"post-755483","1":"post","2":"type-post","3":"status-publish","4":"format-standard","5":"has-post-thumbnail","7":"category-musik","8":"tag-berlin","9":"tag-deutschland","10":"tag-entertainment","11":"tag-germany","12":"tag-music","13":"tag-musik","14":"tag-rbb24konzert","15":"tag-unterhaltung"},"share_on_mastodon":{"url":"https:\/\/pubeurope.com\/@de\/115977608641607376","error":""},"_links":{"self":[{"href":"https:\/\/www.europesays.com\/de\/wp-json\/wp\/v2\/posts\/755483","targetHints":{"allow":["GET"]}}],"collection":[{"href":"https:\/\/www.europesays.com\/de\/wp-json\/wp\/v2\/posts"}],"about":[{"href":"https:\/\/www.europesays.com\/de\/wp-json\/wp\/v2\/types\/post"}],"author":[{"embeddable":true,"href":"https:\/\/www.europesays.com\/de\/wp-json\/wp\/v2\/users\/2"}],"replies":[{"embeddable":true,"href":"https:\/\/www.europesays.com\/de\/wp-json\/wp\/v2\/comments?post=755483"}],"version-history":[{"count":0,"href":"https:\/\/www.europesays.com\/de\/wp-json\/wp\/v2\/posts\/755483\/revisions"}],"wp:featuredmedia":[{"embeddable":true,"href":"https:\/\/www.europesays.com\/de\/wp-json\/wp\/v2\/media\/755484"}],"wp:attachment":[{"href":"https:\/\/www.europesays.com\/de\/wp-json\/wp\/v2\/media?parent=755483"}],"wp:term":[{"taxonomy":"category","embeddable":true,"href":"https:\/\/www.europesays.com\/de\/wp-json\/wp\/v2\/categories?post=755483"},{"taxonomy":"post_tag","embeddable":true,"href":"https:\/\/www.europesays.com\/de\/wp-json\/wp\/v2\/tags?post=755483"}],"curies":[{"name":"wp","href":"https:\/\/api.w.org\/{rel}","templated":true}]}}