{"id":755868,"date":"2026-01-29T12:50:10","date_gmt":"2026-01-29T12:50:10","guid":{"rendered":"https:\/\/www.europesays.com\/de\/755868\/"},"modified":"2026-01-29T12:50:10","modified_gmt":"2026-01-29T12:50:10","slug":"verkaufsoffene-sonntage-in-essen-2026-geplant","status":"publish","type":"post","link":"https:\/\/www.europesays.com\/de\/755868\/","title":{"rendered":"Verkaufsoffene Sonntage in Essen 2026 geplant"},"content":{"rendered":"<p>An insgesamt acht Sonntagen sollen die Gesch\u00e4fte in Essen in diesem Jahr f\u00fcr Euch \u00f6ffnen. Das hat der Ausschuss f\u00fcr Recht, \u00f6ffentliche Sicherheit und Ordnung am Mittwoch (28. Januar) empfohlen. Ob diese am Ende wirklich so stattfinden, entscheidet der Rat der Stadt Essen wahrscheinlich Mitte Februar. Folgende Termine sind zusammen mit Veranstaltungen geplant:<\/p>\n<ul>\n<li>8. M\u00e4rz: <strong>Innenstadt<\/strong> &#8211; 3. Essener Wintertraum<\/li>\n<li>22. M\u00e4rz: <strong>Werden<\/strong> &#8211; Holl\u00e4ndischer Stoff- und Tuchmarkt<\/li>\n<li>12. April: <strong>R\u00fcttenscheid <\/strong>&#8211; 6. Retro Classic<\/li>\n<li>19. April: <strong>Altenessen<\/strong> &#8211; Fr\u00fchjahrskirmes\/Fr\u00fchlingsfest<\/li>\n<li>19. April: <strong>Kettwig<\/strong> &#8211; 10. Kettwiger Fr\u00fchlingsfest<\/li>\n<li>19. April: <strong>Steele<\/strong> &#8211; 25. Gilde der Marktschreier<\/li>\n<li>10. Mai: <strong>Innenstadt<\/strong> &#8211; 28. Essen Original<\/li>\n<li>10. Mai: <strong>Kettwig<\/strong> &#8211; 4. Kettwiger Weinfest<\/li>\n<li>17. Mai: <strong>Steele<\/strong> &#8211; 48. Steeler Weinfest<\/li>\n<li>14. Juni: <strong>R\u00fcttenscheid<\/strong> &#8211; 12. R\u00fcttenscheider Kunstmeile<\/li>\n<li>14. Juni: <strong>Werden<\/strong> &#8211; 2. Werden swingt<\/li>\n<li>5. Juli: <strong>Borbeck<\/strong> &#8211; 27. Borbecker Weinfest und 12. Borbeck Classic Day<\/li>\n<\/ul>\n<p>Bei der Terminauswahl m\u00fcssen viele Regeln beachtet werden. Zum Beispiel darf es im gesamten Stadtgebiet maximal an 16 Tagen einen verkaufsoffenen Sonntag geben. Au\u00dferdem darf jeder Laden nicht mehr als achtmal am Sonntag \u00f6ffnen.<\/p>\n","protected":false},"excerpt":{"rendered":"An insgesamt acht Sonntagen sollen die Gesch\u00e4fte in Essen in diesem Jahr f\u00fcr Euch \u00f6ffnen. Das hat der&hellip;\n","protected":false},"author":2,"featured_media":755869,"comment_status":"","ping_status":"","sticky":false,"template":"","format":"standard","meta":{"footnotes":""},"categories":[1834],"tags":[3364,29,3688,30,1209],"class_list":{"0":"post-755868","1":"post","2":"type-post","3":"status-publish","4":"format-standard","5":"has-post-thumbnail","7":"category-essen","8":"tag-de","9":"tag-deutschland","10":"tag-essen","11":"tag-germany","12":"tag-nordrhein-westfalen"},"share_on_mastodon":{"url":"https:\/\/pubeurope.com\/@de\/115978477771060933","error":""},"_links":{"self":[{"href":"https:\/\/www.europesays.com\/de\/wp-json\/wp\/v2\/posts\/755868","targetHints":{"allow":["GET"]}}],"collection":[{"href":"https:\/\/www.europesays.com\/de\/wp-json\/wp\/v2\/posts"}],"about":[{"href":"https:\/\/www.europesays.com\/de\/wp-json\/wp\/v2\/types\/post"}],"author":[{"embeddable":true,"href":"https:\/\/www.europesays.com\/de\/wp-json\/wp\/v2\/users\/2"}],"replies":[{"embeddable":true,"href":"https:\/\/www.europesays.com\/de\/wp-json\/wp\/v2\/comments?post=755868"}],"version-history":[{"count":0,"href":"https:\/\/www.europesays.com\/de\/wp-json\/wp\/v2\/posts\/755868\/revisions"}],"wp:featuredmedia":[{"embeddable":true,"href":"https:\/\/www.europesays.com\/de\/wp-json\/wp\/v2\/media\/755869"}],"wp:attachment":[{"href":"https:\/\/www.europesays.com\/de\/wp-json\/wp\/v2\/media?parent=755868"}],"wp:term":[{"taxonomy":"category","embeddable":true,"href":"https:\/\/www.europesays.com\/de\/wp-json\/wp\/v2\/categories?post=755868"},{"taxonomy":"post_tag","embeddable":true,"href":"https:\/\/www.europesays.com\/de\/wp-json\/wp\/v2\/tags?post=755868"}],"curies":[{"name":"wp","href":"https:\/\/api.w.org\/{rel}","templated":true}]}}