{"id":755931,"date":"2026-01-29T13:26:14","date_gmt":"2026-01-29T13:26:14","guid":{"rendered":"https:\/\/www.europesays.com\/de\/755931\/"},"modified":"2026-01-29T13:26:14","modified_gmt":"2026-01-29T13:26:14","slug":"fake-ueber-trumps-grenzschutzbeauftragten-homan-geht-viral","status":"publish","type":"post","link":"https:\/\/www.europesays.com\/de\/755931\/","title":{"rendered":"Fake \u00fcber Trumps Grenzschutzbeauftragten Homan geht viral"},"content":{"rendered":"<p>            <img loading=\"lazy\" decoding=\"async\" class=\"ts-image\" src=\"https:\/\/www.europesays.com\/de\/wp-content\/uploads\/2026\/01\/tom-homan-102.jpg\" alt=\"Tom Homan\" title=\"Tom Homan | AP\"\/><\/p>\n<p>                    <strong>faktenfinder<\/strong><\/p>\n<p class=\"metatextline\">Stand: 29.01.2026 13:06 Uhr<\/p>\n<p class=\"article-head__shorttext\">\n        <strong>Im Netz wird ein Foto verbreitet, auf dem der fr\u00fchere US-Pr\u00e4sident Obama Trumps Grenzschutzbeauftragten Homan eine Medaille verleiht. Doch das Bild ist ein Fake &#8211; auch wenn Homan unter Obama wirklich ausgezeichnet wurde.<\/strong>\n    <\/p>\n<p>                                    <a class=\"authorline__link\" href=\"https:\/\/www.tagesschau.de\/korrespondenten\/pascal-siggelkow-101.html\" rel=\"nofollow noopener\" target=\"_blank\"><br \/>\n                                        <img decoding=\"async\" class=\"authorline__img\" alt=\"Pascal Siggelkow, SWR\" src=\"https:\/\/www.europesays.com\/de\/wp-content\/uploads\/2026\/01\/siggelkow-pascal-101.jpg\"\/><br \/>\n                                    <\/a><\/p>\n<p>                                    <a class=\"authorline__link\" href=\"https:\/\/www.tagesschau.de\/korrespondenten\/carla-reveland-103.html\" rel=\"nofollow noopener\" target=\"_blank\"><br \/>\n                                        <img decoding=\"async\" class=\"authorline__img\" alt=\"Carla Reveland\" src=\"https:\/\/www.europesays.com\/de\/wp-content\/uploads\/2026\/01\/carla-reveland-101.jpg\"\/><br \/>\n                                    <\/a><\/p>\n<p class=\"textabsatz m-ten m-offset-one l-eight l-offset-two columns twelve\">&#8222;ICE-Chef Tom Homan erhielt 2015 von Obama eine Auszeichnung f\u00fcr die Abschiebungen illegaler Migranten. Unter Trump macht er genau das gleiche, soll aber jetzt ein b\u00f6ser &#8218;Nazi&#8216; sein. Kann mir ein Linker diese verlogene Doppelmoral glaubw\u00fcrdig erkl\u00e4ren?&#8220; &#8211; Mit Worten wie diesen wird derzeit in Bild in den sozialen Netzwerken verbreitet, auf denen der fr\u00fchere US-Pr\u00e4sident Barack Obama dem heutigen Grenzschutzbeauftragten der Trump-Regierung, Tom Homan, eine Auszeichnung verleiht.<\/p>\n<p class=\"textabsatz m-ten m-offset-one l-eight l-offset-two columns twelve\">Auch von US-amerikanischen Kan\u00e4len wird dieses Bild zurzeit viel geteilt. Hier wird ebenfalls der Zusammenhang zwischen einer Auszeichnung Homans durch Obama hergestellt, das Bild scheint der Beweis daf\u00fcr zu sein. Doch das Bild ist nicht echt.<\/p>\n<p>    Auszeichnung f\u00fcr Homan im Jahr 2015<\/p>\n<p class=\"textabsatz m-ten m-offset-one l-eight l-offset-two columns twelve\">Auf dem Bild ist Obama in einem Anzug zu sehen, wie er Homan eine goldene Medaille mit einem lila-goldenen Band um den Hals anlegt. Im Hintergrund ist unter anderem eine US-Flagge zu sehen, zudem ein Ausschnitt eines Gem\u00e4ldes in einem goldenen Bilderrahmen. In den sozialen Netzwerken wird suggeriert, dass das Bild im Jahr 2015 entstanden sein soll. Doch daf\u00fcr gibt es keine Anhaltspunkte.<\/p>\n<p class=\"textabsatz m-ten m-offset-one l-eight l-offset-two columns twelve\">Zwar stimmt es, dass Homan im Jahr 2015 mit dem sogenannten Presidential Rank Award ausgezeichnet wurde. Das geht unter anderem aus <a href=\"https:\/\/www.opm.gov\/policy-data-oversight\/senior-executive-service\/presidential-rank-awards\/2015\/presidential-rank-awards-2015-full-list.pdf\" title=\"Presidential Rank Award\" class=\"textlink--extern js-link-dialog\" rel=\"noopener noreferrer nofollow\" target=\"_blank\" data-type=\"external\">offiziellen Dokumenten<\/a> hervor, in denen alle Preistr\u00e4ger des Jahres 2015 aufgelistet werden, die mit einer Ver\u00f6ffentlichung ihrer Namen einverstanden sind. Der Preis wurde ins Leben gerufen, um &#8222;eine ausgew\u00e4hlte Gruppe von Karrierebeamten des Senior Executive Service f\u00fcr ihre \u00fcber einen l\u00e4ngeren Zeitraum hinweg erbrachten au\u00dfergew\u00f6hnlichen Leistungen&#8220; zu w\u00fcrdigen, hei\u00dft es in dem Dokument.<\/p>\n<p class=\"textabsatz m-ten m-offset-one l-eight l-offset-two columns twelve\">Es gibt zwei Kategorien des Preises: den &#8222;Meritorious Rank&#8220; und den &#8222;Distinguished Rank&#8220;. Thomas D. Homan, wie er mit b\u00fcrgerlichem Namen hei\u00dft, erh\u00e4lt gemeinsam mit 37 weiteren ausgezeichneten Personen die h\u00f6here Kategorie, den &#8222;Distinguished Rank&#8220;, zwei davon arbeiteten wie er zu der Zeit im Ministerium f\u00fcr Innere Sicherheit. &#8222;Als 32-j\u00e4hriger Veteran in der Strafverfolgung hat Herr Homan ma\u00dfgeblich dazu beigetragen, die ERO in einer Zeit au\u00dfergew\u00f6hnlicher Herausforderungen und beispielloser Erfolge zu f\u00fchren&#8220;, <a href=\"https:\/\/www.opm.gov\/policy-data-oversight\/senior-executive-service\/presidential-rank-awards\/2015\/agency\/department-of-homeland-security\/\" title=\"Presidential Rank Awards\" class=\"textlink--extern js-link-dialog\" rel=\"noopener noreferrer nofollow\" target=\"_blank\" data-type=\"external\">hei\u00dft es auf einer Seite zu den Auszeichnungen<\/a>. Die ERO ist die Abteilung f\u00fcr Vollstreckung und Abschiebung der US-Einwanderungs- und Zollbeh\u00f6rde (ICE). Homan hat also eine Auszeichnung erhalten. Doch daf\u00fcr, dass er sie von Obama pers\u00f6nlich bekommen hat, lassen sich keinerlei Belege finden.<\/p>\n<p>    Keine Bilder von angeblicher Zeremonie<\/p>\n<p class=\"textabsatz m-ten m-offset-one l-eight l-offset-two columns twelve\">Bilder von einer Verleihung der Auszeichnung an Homan durch den damaligen US-Pr\u00e4sidenten Obama lassen sich nicht finden. Auch gibt es keine anderen Bilder aus der Amtszeit von Obama, in denen er anderen Menschen, die mit dem Presidential Rank Award ausgezeichnet worden sind, eine Medaille \u00fcbergibt.<\/p>\n<p class=\"textabsatz m-ten m-offset-one l-eight l-offset-two columns twelve\">Eine Bilderr\u00fcckw\u00e4rtssuche zeigt zudem, dass das Bild von Homan und Obama erst seit wenigen Wochen im Netz kursiert. Die fr\u00fcheste Version, die sich ausmachen lie\u00df, wurde von einem US-amerikanischen Influencer am 17. Januar bei Facebook hochgeladen. Dieser schrieb zu dem Bild: &#8222;Ist das nicht total verr\u00fcckt? (&#8230;) Im Jahr 2015 verlieh Pr\u00e4sident Obama Tom Homan den Presidential Rank Award als Distinguished Executive f\u00fcr seine Arbeit im Bereich der Einwanderungskontrolle.&#8220;<\/p>\n<p class=\"textabsatz m-ten m-offset-one l-eight l-offset-two columns twelve\">Weder bei Fotoagenturen noch auf offiziellen Seiten lassen sich jedoch Bilder von der vermeintlichen Zeremonie finden. Zudem sprechen noch weitere Punkte daf\u00fcr, dass dieses Bild manipuliert worden ist. So erhalten die Ausgezeichneten des Presidentital Rank Awards weder eine solche Medaille noch stimmt das lila-goldene Band \u00fcberein. <a href=\"https:\/\/www.opm.gov\/chcoc\/latest-memos\/call-for-nominations-for-fy-2026-presidential-rank-awards.pdf\" title=\"Presidential Rank Award\" class=\"textlink--extern js-link-dialog\" rel=\"noopener noreferrer nofollow\" target=\"_blank\" data-type=\"external\">Offiziellen Angaben zufolge<\/a> gibt es f\u00fcr den &#8222;Distinguished Rank&#8220; eine gerahmte Urkunde, die vom Pr\u00e4sidenten unterzeichnet ist und mit einem goldenen Emblem versehen ist. Zudem erhalten die Preistr\u00e4ger einen goldenen Anstecker und eine Geldpr\u00e4mie.<\/p>\n<p class=\"textabsatz m-ten m-offset-one l-eight l-offset-two columns twelve\">Mehrere KI-Detektions-Tools kommen ebenfalls zu dem Ergebnis, dass das Bild mit hoher Wahrscheinlichkeit KI-generiert ist. Als Vorbild f\u00fcr den Fake k\u00f6nnten unter anderem <a href=\"https:\/\/www.gettyimages.de\/detail\/nachrichtenfoto\/president-barack-obama-awards-the-presidential-medal-nachrichtenfoto\/625103864?adppopup=true\" title=\"Getty Images\" class=\"textlink--extern js-link-dialog\" rel=\"noopener noreferrer nofollow\" target=\"_blank\" data-type=\"external\">Bilder von Obamas letzter Verleihung der Freiheitsmedaille<\/a> gedient haben, bei denen er dasselbe Outfit trug und den Gewinnern in \u00e4hnlicher Manier die Medaille um den Hals legte. Auch das Setting mit der US-Flagge im Hintergrund und dem goldenen Vorhang ist \u00e4hnlich.<\/p>\n<p>    Falschbehauptung \u00fcber Homans Position unter Obama<\/p>\n<p class=\"textabsatz m-ten m-offset-one l-eight l-offset-two columns twelve\">Auf einer Pressekonferenz des Wei\u00dfen Hauses weist die Pressesprecherin Karoline Leavitt daraufhin, dass Homan seit Jahrzehnten f\u00fcr seine Arbeit im Bereich der Strafverfolgung gesch\u00e4tzt werde. &#8222;Ich m\u00f6chte alle Anwesenden daran erinnern, dass es der ehemalige Pr\u00e4sident Barack Hussein Obama war, der Herrn Homan eine Medaille verlieh&#8220;, sagte sie weiter.<\/p>\n<p class=\"textabsatz m-ten m-offset-one l-eight l-offset-two columns twelve\">Auch in den sozialen Netzwerken wird dies aufgegriffen und weitergef\u00fchrt. So hei\u00dft es beispielsweise in einem Post auf X: &#8222;Barack Obamas ICE-Chef erhielt eine Auszeichnung f\u00fcr 920.000 Abschiebungen. Donald Trumps ICE-Chef wurde als Nazi bezeichnet. Es handelt sich um dieselbe Person: Tom Homan.&#8220;<\/p>\n<p class=\"textabsatz m-ten m-offset-one l-eight l-offset-two columns twelve\">Tats\u00e4chlich hatte Homan w\u00e4hrend der Amtszeit von Pr\u00e4sident Obama mehrere leitende Funktionen bei der US-Einwanderungs-und Zollbeh\u00f6rde ICE inne, jedoch nicht die Beh\u00f6rdenleitung. Die h\u00f6chste Position bei ICE ist die des Direktors. Diese Funktion \u00fcbte Homan ausschlie\u00dflich von 2017 bis 2018 unter Pr\u00e4sident Trump aus. Der US-Senat lehnte ihn als ICE-Direktor jedoch ab, sodass er 2018 zun\u00e4chst in den Ruhestand ging.<\/p>\n<p class=\"textabsatz m-ten m-offset-one l-eight l-offset-two columns twelve\">Unter Obama war er in F\u00fchrungsrollen innerhalb der Abteilung f\u00fcr Vollstreckung und Abschiebung (ERO) t\u00e4tig, zuletzt als gesch\u00e4ftsf\u00fchrender stellvertretender Direktor. Die <a href=\"https:\/\/www.washingtonpost.com\/news\/powerpost\/wp\/2016\/04\/25\/meet-the-man-the-white-house-has-honored-for-deporting-illegal-immigrants\/\" title=\"Washington Post\" class=\"textlink--extern js-link-dialog\" rel=\"noopener noreferrer nofollow\" target=\"_blank\" data-type=\"external\">Washington Post<\/a> bezeichnete diese Position 2016 als den h\u00f6chsten Vollstreckungsposten innerhalb der ICE.<\/p>\n<p class=\"textabsatz m-ten m-offset-one l-eight l-offset-two columns twelve\">Trump ernannte Homan nach seiner Wiederwahl zum <a href=\"https:\/\/www.tagesschau.de\/ausland\/amerika\/homan-direktor-einwanderung-100.html\" title=\"Trump: Homan soll sich um Grenzsicherung und Abschiebung k\u00fcmmern\" rel=\"nofollow noopener\" target=\"_blank\">Grenzschutzbeauftragten<\/a>, der als &#8222;Grenzzar&#8220; die Abschiebepolitik der Trump-Regierung durchsetzen soll. Zuvor hatte Homan am <a href=\"https:\/\/www.tagesschau.de\/ausland\/amerika\/usa-trump-regierung-104.html\" title=\"&quot;Project 2025&quot;: Folgt Trump dem radikalen Plan zum Umbau des Staats?\" rel=\"nofollow noopener\" target=\"_blank\">&#8222;Project 2025&#8220; <\/a>mitgearbeitet, ein Regierungskonzept, das Massenausweisungen und einen radikalen Regierungsumbau vorgesehen hatte.<\/p>\n","protected":false},"excerpt":{"rendered":"faktenfinder Stand: 29.01.2026 13:06 Uhr Im Netz wird ein Foto verbreitet, auf dem der fr\u00fchere US-Pr\u00e4sident Obama Trumps&hellip;\n","protected":false},"author":2,"featured_media":755932,"comment_status":"","ping_status":"","sticky":false,"template":"","format":"standard","meta":{"footnotes":"","_share_on_mastodon":"0"},"categories":[5],"tags":[13,2229,14,15,8707,12,10,8,9,11,64],"class_list":["post-755931","post","type-post","status-publish","format-standard","has-post-thumbnail","category-nachrichten","tag-headlines","tag-ice","tag-nachrichten","tag-news","tag-obama","tag-schlagzeilen","tag-top-news","tag-top-meldungen","tag-topmeldungen","tag-topnews","tag-usa"],"share_on_mastodon":{"url":"https:\/\/pubeurope.com\/@de\/115978619175106457","error":""},"_links":{"self":[{"href":"https:\/\/www.europesays.com\/de\/wp-json\/wp\/v2\/posts\/755931","targetHints":{"allow":["GET"]}}],"collection":[{"href":"https:\/\/www.europesays.com\/de\/wp-json\/wp\/v2\/posts"}],"about":[{"href":"https:\/\/www.europesays.com\/de\/wp-json\/wp\/v2\/types\/post"}],"author":[{"embeddable":true,"href":"https:\/\/www.europesays.com\/de\/wp-json\/wp\/v2\/users\/2"}],"replies":[{"embeddable":true,"href":"https:\/\/www.europesays.com\/de\/wp-json\/wp\/v2\/comments?post=755931"}],"version-history":[{"count":0,"href":"https:\/\/www.europesays.com\/de\/wp-json\/wp\/v2\/posts\/755931\/revisions"}],"wp:featuredmedia":[{"embeddable":true,"href":"https:\/\/www.europesays.com\/de\/wp-json\/wp\/v2\/media\/755932"}],"wp:attachment":[{"href":"https:\/\/www.europesays.com\/de\/wp-json\/wp\/v2\/media?parent=755931"}],"wp:term":[{"taxonomy":"category","embeddable":true,"href":"https:\/\/www.europesays.com\/de\/wp-json\/wp\/v2\/categories?post=755931"},{"taxonomy":"post_tag","embeddable":true,"href":"https:\/\/www.europesays.com\/de\/wp-json\/wp\/v2\/tags?post=755931"}],"curies":[{"name":"wp","href":"https:\/\/api.w.org\/{rel}","templated":true}]}}