{"id":756082,"date":"2026-01-29T14:47:12","date_gmt":"2026-01-29T14:47:12","guid":{"rendered":"https:\/\/www.europesays.com\/de\/756082\/"},"modified":"2026-01-29T14:47:12","modified_gmt":"2026-01-29T14:47:12","slug":"verkehrskontrollen-im-stadtgebiet-halle-saale","status":"publish","type":"post","link":"https:\/\/www.europesays.com\/de\/756082\/","title":{"rendered":"Verkehrskontrollen im Stadtgebiet Halle (Saale)"},"content":{"rendered":"<p><img decoding=\"async\" src=\"https:\/\/www.europesays.com\/de\/wp-content\/uploads\/2025\/08\/polizei121-678x381.jpg\" alt=\"Polizei\" title=\"polizei121\"\/><br \/>\n\u00a9 H@llAnzeiger<\/p>\n<p>Halle\/PRev. Im Rahmen der Ausbildung der Studenten und Fachsch\u00fcler der Fachhochschule der Polizei Sachsen-Anhalt f\u00fchrte das Polizeirevier Halle (Saale) am 28.01.2026 in der Zeit von 08.00 Uhr bis 15.00 Uhr verst\u00e4rkt Verkehrskontrollen im Stadtgebiet durch.<\/p>\n<p>Die Schwerpunkte lagen insbesondere auf der Einhaltung der Geschwindigkeit, Ahndung von Durchfahrtsverboten und Kontrolle des Radverkehr.<\/p>\n<p>Im Rahmen dieser Kontrollaktion konnten eine Straftat (Versto\u00df gegen das Pflichtversicherungsgesetz) und insgesamt 44 Verst\u00f6\u00dfe gegen die StVO (33 Verst\u00f6\u00dfe, die ein Verwarngeld, 10 Verst\u00f6\u00dfe, die ein Bu\u00dfgeld, und 1 Versto\u00df, der ein Fahrverbot zur Folge haben) durch die Polizei geahndet werden.<\/p>\n<p>Weiterhin wurden durch ein hinzugezogenes Gro\u00dfmessger\u00e4te weitere 93 Geschwindigkeitsverst\u00f6\u00dfe festgestellt und geahndet (77 Verst\u00f6\u00dfe, die ein Verwarngeld, und 16 Verst\u00f6\u00dfe, die ein Bu\u00dfgeld zur Folge haben).<\/p>\n<p>Das Polizeirevier wurde bei den Kontrollen durch den Zentralen Verkehrs- und Autobahndienst der Polizeiinspektion Halle (Saale) und den Zentralen Einsatzdienst der Polizeiinspektion Halle (Saale) unterst\u00fctzt.<\/p>\n","protected":false},"excerpt":{"rendered":"\u00a9 H@llAnzeiger Halle\/PRev. Im Rahmen der Ausbildung der Studenten und Fachsch\u00fcler der Fachhochschule der Polizei Sachsen-Anhalt f\u00fchrte das&hellip;\n","protected":false},"author":2,"featured_media":323419,"comment_status":"","ping_status":"","sticky":false,"template":"","format":"standard","meta":{"footnotes":""},"categories":[1860],"tags":[3364,29,548,663,3934,30,4062,17332,13,14,15,17331,860,12],"class_list":{"0":"post-756082","1":"post","2":"type-post","3":"status-publish","4":"format-standard","5":"has-post-thumbnail","7":"category-halle-saale","8":"tag-de","9":"tag-deutschland","10":"tag-eu","11":"tag-europa","12":"tag-europe","13":"tag-germany","14":"tag-halle","15":"tag-halle-saale","16":"tag-headlines","17":"tag-nachrichten","18":"tag-news","19":"tag-saale","20":"tag-sachsen-anhalt","21":"tag-schlagzeilen"},"share_on_mastodon":{"url":"https:\/\/pubeurope.com\/@de\/115978937524061910","error":""},"_links":{"self":[{"href":"https:\/\/www.europesays.com\/de\/wp-json\/wp\/v2\/posts\/756082","targetHints":{"allow":["GET"]}}],"collection":[{"href":"https:\/\/www.europesays.com\/de\/wp-json\/wp\/v2\/posts"}],"about":[{"href":"https:\/\/www.europesays.com\/de\/wp-json\/wp\/v2\/types\/post"}],"author":[{"embeddable":true,"href":"https:\/\/www.europesays.com\/de\/wp-json\/wp\/v2\/users\/2"}],"replies":[{"embeddable":true,"href":"https:\/\/www.europesays.com\/de\/wp-json\/wp\/v2\/comments?post=756082"}],"version-history":[{"count":0,"href":"https:\/\/www.europesays.com\/de\/wp-json\/wp\/v2\/posts\/756082\/revisions"}],"wp:featuredmedia":[{"embeddable":true,"href":"https:\/\/www.europesays.com\/de\/wp-json\/wp\/v2\/media\/323419"}],"wp:attachment":[{"href":"https:\/\/www.europesays.com\/de\/wp-json\/wp\/v2\/media?parent=756082"}],"wp:term":[{"taxonomy":"category","embeddable":true,"href":"https:\/\/www.europesays.com\/de\/wp-json\/wp\/v2\/categories?post=756082"},{"taxonomy":"post_tag","embeddable":true,"href":"https:\/\/www.europesays.com\/de\/wp-json\/wp\/v2\/tags?post=756082"}],"curies":[{"name":"wp","href":"https:\/\/api.w.org\/{rel}","templated":true}]}}