{"id":756162,"date":"2026-01-29T15:30:12","date_gmt":"2026-01-29T15:30:12","guid":{"rendered":"https:\/\/www.europesays.com\/de\/756162\/"},"modified":"2026-01-29T15:30:12","modified_gmt":"2026-01-29T15:30:12","slug":"viele-fragen-wenig-klare-antworten-olympia-abstimmung-in-essen","status":"publish","type":"post","link":"https:\/\/www.europesays.com\/de\/756162\/","title":{"rendered":"Viele Fragen, wenig klare Antworten: Olympia-Abstimmung in Essen:"},"content":{"rendered":"<p>In Essen sollen die B\u00fcrgerinnen und B\u00fcrger am <b>19. April 2026<\/b> per Ratsb\u00fcrgerentscheid dar\u00fcber abstimmen, ob sich die Stadt an der Olympiabewerbung Rhein Ruhr beteiligen soll.<br \/>Das klingt nach einer gro\u00dfen Chance, wirft aber bei vielen Menschen ganz konkrete Fragen auf.<\/p>\n<p>In den letzten Tagen wurde der Start der Olympia Kampagne unter anderem mit einer Lichtshow auf dem Gel\u00e4nde der Zeche Zollverein begleitet. Das sah gut aus und hat Aufmerksamkeit erzeugt. Doch viele Essenerinnen und Essener fragen sich zu Recht: Reicht das, um eine so weitreichende Entscheidung treffen zu k\u00f6nnen?<\/p>\n<p>Denn hinter der Olympiabewerbung stehen keine abstrakten Visionen, sondern sehr reale Themen, die unseren Alltag betreffen.<\/p>\n<p>Viele B\u00fcrger fragen:<\/p>\n<ul>\n<li>Was bringt uns Olympia ganz konkret in Essen<\/li>\n<li>Wie viel Geld muss die Stadt tats\u00e4chlich aufbringen<\/li>\n<li>Und wie soll das funktionieren, wenn wir schon heute mit Baustellen, Verkehrsstau und knappen Haushaltsmitteln k\u00e4mpfen<\/li>\n<\/ul>\n<p>Gerade der Blick auf die aktuelle Lage der Stadt macht viele skeptisch. Essen steht finanziell unter Druck. Stra\u00dfen, Br\u00fccken und Verkehrssysteme sind vielerorts bereits \u00fcberlastet. Gro\u00dfe Bauprojekte verz\u00f6gern sich, Baustellen ziehen sich \u00fcber Jahre. Vor diesem Hintergrund wirkt die Frage berechtigt, wie ein zus\u00e4tzliches Gro\u00dfereignis dieser Dimension organisatorisch und finanziell gestemmt werden soll.<\/p>\n<p>Als Ratsgruppe Volt &amp; Die PARTEI erleben wir in Gespr\u00e4chen immer wieder dieselbe Unsicherheit. Viele Menschen wollen sich ernsthaft mit dem Thema auseinandersetzen, finden aber keine \u00fcbersichtlichen, verst\u00e4ndlichen Informationen. Statt klarer Antworten gibt es bislang vor allem Bilder, Schlagworte und positive Botschaften.<\/p>\n<p><b>Das ist aus unserer Sicht zu wenig.<\/b><\/p>\n<p>Eine Entscheidung wie diese darf nicht auf ein Bauchgef\u00fchl reduziert werden. Sie braucht Fakten, Transparenz und eine ehrliche Darstellung von Chancen und Risiken. B\u00fcrgerbeteiligung bedeutet nicht, Menschen f\u00fcr ein Projekt zu begeistern, sondern sie in die Lage zu versetzen, selbstst\u00e4ndig abzuw\u00e4gen.<\/p>\n<p>Niemandem ist geholfen, wenn am Ende abgestimmt wird, ohne wirklich zu wissen, welche Folgen diese Entscheidung f\u00fcr unsere Stadt haben kann, finanziell, organisatorisch und im Alltag.<\/p>\n<p>Der Ratsb\u00fcrgerentscheid r\u00fcckt n\u00e4her. Die Zeit f\u00fcr sachliche Information wird knapp. Umso wichtiger ist es jetzt, die offenen Fragen offen zu benennen und ernst zu nehmen.<\/p>\n<p>Denn am 19. April geht es nicht um eine Lichtshow.<br \/>Es geht um Essen.<\/p>\n<p>Welche Fragen stellst du dir?<\/p>\n","protected":false},"excerpt":{"rendered":"In Essen sollen die B\u00fcrgerinnen und B\u00fcrger am 19. April 2026 per Ratsb\u00fcrgerentscheid dar\u00fcber abstimmen, ob sich die&hellip;\n","protected":false},"author":2,"featured_media":756163,"comment_status":"","ping_status":"","sticky":false,"template":"","format":"standard","meta":{"footnotes":""},"categories":[1834],"tags":[3364,29,3688,30,1209],"class_list":{"0":"post-756162","1":"post","2":"type-post","3":"status-publish","4":"format-standard","5":"has-post-thumbnail","7":"category-essen","8":"tag-de","9":"tag-deutschland","10":"tag-essen","11":"tag-germany","12":"tag-nordrhein-westfalen"},"share_on_mastodon":{"url":"https:\/\/pubeurope.com\/@de\/115979106934217839","error":""},"_links":{"self":[{"href":"https:\/\/www.europesays.com\/de\/wp-json\/wp\/v2\/posts\/756162","targetHints":{"allow":["GET"]}}],"collection":[{"href":"https:\/\/www.europesays.com\/de\/wp-json\/wp\/v2\/posts"}],"about":[{"href":"https:\/\/www.europesays.com\/de\/wp-json\/wp\/v2\/types\/post"}],"author":[{"embeddable":true,"href":"https:\/\/www.europesays.com\/de\/wp-json\/wp\/v2\/users\/2"}],"replies":[{"embeddable":true,"href":"https:\/\/www.europesays.com\/de\/wp-json\/wp\/v2\/comments?post=756162"}],"version-history":[{"count":0,"href":"https:\/\/www.europesays.com\/de\/wp-json\/wp\/v2\/posts\/756162\/revisions"}],"wp:featuredmedia":[{"embeddable":true,"href":"https:\/\/www.europesays.com\/de\/wp-json\/wp\/v2\/media\/756163"}],"wp:attachment":[{"href":"https:\/\/www.europesays.com\/de\/wp-json\/wp\/v2\/media?parent=756162"}],"wp:term":[{"taxonomy":"category","embeddable":true,"href":"https:\/\/www.europesays.com\/de\/wp-json\/wp\/v2\/categories?post=756162"},{"taxonomy":"post_tag","embeddable":true,"href":"https:\/\/www.europesays.com\/de\/wp-json\/wp\/v2\/tags?post=756162"}],"curies":[{"name":"wp","href":"https:\/\/api.w.org\/{rel}","templated":true}]}}