{"id":756209,"date":"2026-01-29T16:00:19","date_gmt":"2026-01-29T16:00:19","guid":{"rendered":"https:\/\/www.europesays.com\/de\/756209\/"},"modified":"2026-01-29T16:00:19","modified_gmt":"2026-01-29T16:00:19","slug":"diskuswerfer-janssen-und-richter-wetten-sperre","status":"publish","type":"post","link":"https:\/\/www.europesays.com\/de\/756209\/","title":{"rendered":"Diskuswerfer Janssen und Richter wetten \u2013 Sperre"},"content":{"rendered":"<p>&#8222;Was f\u00fcr ein idiotischer Bl\u00f6dsinn&#8220; <\/p>\n<p>Deutsche Diskuswerfer wetten auf Teamkollegen \u2013 Strafe<\/p>\n<p>29.01.2026 &#8211; 13:46 UhrLesedauer: 2 Min.<\/p>\n<p><a href=\"#focus-0\" class=\"transition-colors duration-200 block text-current relative\" data-sctrack=\"FocusGalleryImage.Reference\"><img fetchpriority=\"high\" data-testid=\"Opener.Image\" style=\"--lqipURL:url('https:\/\/images.t-online.de\/2026\/01\/mi5krk6Kqgop\/463x132:3134x1763\/fit-in\/150x0\/filters:blur(25)\/steven-richter-er-hat-auf-einen-seiner-teamkollegen-gewettet.jpg')\"   loading=\"eager\" src=\"https:\/\/www.europesays.com\/de\/wp-content\/uploads\/2026\/01\/steven-richter-er-hat-auf-einen-seiner-teamkollegen-gewettet.jpg\" alt=\"Steven Richter: Er hat auf einen seiner Teamkollegen gewettet.\" title=\"Steven Richter: Er hat auf einen seiner Teamkollegen gewettet.\" width=\"3134\" height=\"1763\" class=\"bg-[url:var(--lqipURL)] bg-cover bg-center flex h-full w-full max-w-full\" decoding=\"async\"\/><img style=\"--width:32;--height:32\" loading=\"lazy\" src=\"https:\/\/www.t-online.de\/s\/paper\/_next\/static\/media\/zoom-in.f7dae02f.svg\" alt=\"Vergr\u00f6\u00dfern des Bildes\" title=\"Vergr\u00f6\u00dfern des Bildes\" class=\"block h-[calc(var(--height)_\/_16_*_1rem)] w-[calc(var(--width)_\/_16_*_1rem)] max-w-none absolute bottom-8 right-8 rounded-4 bg-snow p-8\" decoding=\"async\"\/><\/a><\/p>\n<p>Steven Richter: Er hat auf einen seiner Teamkollegen gewettet. (Quelle: IMAGO)<\/p>\n<p class=\"font-bold text-18 leading-17\">Henrik Janssen und Steven Richter wetteten bei der Leichtathletik-WM in Tokio auf ihre eigenen Teamkollegen. Nun wurden die beiden daf\u00fcr bestraft.<\/p>\n<p class=\"text-18 leading-17\">Die deutschen Diskuswerfer Henrik Janssen und Steven Richter sind vom Leichtathletik-Weltverband World Athletics jeweils f\u00fcr drei Monate auf Bew\u00e4hrung gesperrt worden. Das teilte die unabh\u00e4ngige Integrit\u00e4tskommission (AIU) mit. Die beiden Sportler haben demnach bei den Weltmeisterschaften in Tokio im vergangenen Jahr Wetten auf ihre Teamkollegen abgeschlossen.<\/p>\n<p class=\"text-18 leading-17\">&#8222;Wir haben uns im Precamp im TV gemeinsam die Wettbewerbe in Tokio angeschaut und spontan aus einer Laune heraus ein paar Wetten platziert. Was f\u00fcr ein idiotischer Bl\u00f6dsinn! Diese f\u00fcnf Minuten bereuen wir extrem&#8220;, sagte Janssen laut einer Mitteilung des Deutschen Leichtathletik-Verbandes (DLV).<\/p>\n<p class=\"text-18 leading-17\">Er soll dabei drei Wetten im Gesamtwert von 100 Euro abgeschlossen haben. Bei Richter habe es sich um eine Wette in H\u00f6he von 40 Euro gehandelt. Beide Athleten r\u00e4umten die Verst\u00f6\u00dfe ein und gaben an, nicht gewusst zu haben, dass solche Wetten verboten sind. Weitere Eins\u00e4tze h\u00e4tten sie nach entsprechenden Hinweisen nicht mehr get\u00e4tigt, allerdings erfolglos versucht, die bereits platzierten Wetten zu stornieren.<\/p>\n<p class=\"text-18 leading-17\">Richter erkl\u00e4rte, man habe &#8222;bl\u00f6derweise die Athletenvereinbarung nicht richtig gelesen, das war ganz klar unser Fehler&#8220;, und f\u00fcgte an: &#8222;Unser Verhalten war extrem dumm. Wir bereuen diesen Schritt und entschuldigen uns aufrichtig beim gesamten Team.&#8220;<\/p>\n<p class=\"text-18 leading-17\">Die Integrit\u00e4tskommission wertete diese Umst\u00e4nde sowie den Mangel an Aufkl\u00e4rung \u00fcber die Wettregeln als strafmildernd. AIU-Chef Brett Clothier sagte: &#8222;Die Regeln von World Athletics zu Wetten sollen sicherstellen, dass die Ergebnisse in unserem Sport ausschlie\u00dflich durch Leistung bestimmt werden.&#8220; Und weiter: &#8222;Die AIU verfolgt eine Null-Toleranz-Politik gegen\u00fcber Verst\u00f6\u00dfen gegen die Wettregeln, da diese das Herzst\u00fcck der Integrit\u00e4t des Sports treffen.&#8220; Die verh\u00e4ngten Strafen seien eine &#8222;klare Erinnerung&#8220;, dass es in der Leichtathletik keinen Platz f\u00fcr Wettverst\u00f6\u00dfe gebe.<\/p>\n<p class=\"text-18 leading-17\">DLV-Vorstand J\u00f6rg B\u00fcgner erkl\u00e4rte mit Blick auf die Sperre der beiden Deutschen: &#8222;Dieser Vorgang trifft uns sehr, auch die beiden Athleten waren am Boden zerst\u00f6rt. In der Euphorie vor der WM haben sie nach eigener Aussage unbedachte Spa\u00dfwetten auf andere Disziplinen bei einem Online-Anbieter abgeschlossen.&#8220;<\/p>\n","protected":false},"excerpt":{"rendered":"&#8222;Was f\u00fcr ein idiotischer Bl\u00f6dsinn&#8220; Deutsche Diskuswerfer wetten auf Teamkollegen \u2013 Strafe 29.01.2026 &#8211; 13:46 UhrLesedauer: 2 Min.&hellip;\n","protected":false},"author":2,"featured_media":756210,"comment_status":"","ping_status":"","sticky":false,"template":"","format":"standard","meta":{"footnotes":""},"categories":[136],"tags":[722,17161,172577,29,172579,30,172576,172578,7263,265,172575,3988],"class_list":{"0":"post-756209","1":"post","2":"type-post","3":"status-publish","4":"format-standard","5":"has-post-thumbnail","7":"category-sport","8":"tag-722","9":"tag-17161","10":"tag-bloedsinn","11":"tag-deutschland","12":"tag-diskuswerfen","13":"tag-germany","14":"tag-henrik-janssen","15":"tag-leichathletik","16":"tag-leichtathletik-weltmeisterschaft","17":"tag-sport","18":"tag-steven-richter","19":"tag-tokio"},"share_on_mastodon":{"url":"https:\/\/pubeurope.com\/@de\/115979224822735165","error":""},"_links":{"self":[{"href":"https:\/\/www.europesays.com\/de\/wp-json\/wp\/v2\/posts\/756209","targetHints":{"allow":["GET"]}}],"collection":[{"href":"https:\/\/www.europesays.com\/de\/wp-json\/wp\/v2\/posts"}],"about":[{"href":"https:\/\/www.europesays.com\/de\/wp-json\/wp\/v2\/types\/post"}],"author":[{"embeddable":true,"href":"https:\/\/www.europesays.com\/de\/wp-json\/wp\/v2\/users\/2"}],"replies":[{"embeddable":true,"href":"https:\/\/www.europesays.com\/de\/wp-json\/wp\/v2\/comments?post=756209"}],"version-history":[{"count":0,"href":"https:\/\/www.europesays.com\/de\/wp-json\/wp\/v2\/posts\/756209\/revisions"}],"wp:featuredmedia":[{"embeddable":true,"href":"https:\/\/www.europesays.com\/de\/wp-json\/wp\/v2\/media\/756210"}],"wp:attachment":[{"href":"https:\/\/www.europesays.com\/de\/wp-json\/wp\/v2\/media?parent=756209"}],"wp:term":[{"taxonomy":"category","embeddable":true,"href":"https:\/\/www.europesays.com\/de\/wp-json\/wp\/v2\/categories?post=756209"},{"taxonomy":"post_tag","embeddable":true,"href":"https:\/\/www.europesays.com\/de\/wp-json\/wp\/v2\/tags?post=756209"}],"curies":[{"name":"wp","href":"https:\/\/api.w.org\/{rel}","templated":true}]}}