{"id":756275,"date":"2026-01-29T16:35:13","date_gmt":"2026-01-29T16:35:13","guid":{"rendered":"https:\/\/www.europesays.com\/de\/756275\/"},"modified":"2026-01-29T16:35:13","modified_gmt":"2026-01-29T16:35:13","slug":"unterkuenfte-nahrungsmittel-gesundheit-eu-will-ukraine-145-millionen-euro-humanitaere-hilfe-zur-verfuegung-stellen","status":"publish","type":"post","link":"https:\/\/www.europesays.com\/de\/756275\/","title":{"rendered":"Unterk\u00fcnfte, Nahrungsmittel, Gesundheit: EU will Ukraine 145 Millionen Euro humanit\u00e4re Hilfe zur Verf\u00fcgung stellen"},"content":{"rendered":"<p>Unterk\u00fcnfte, Nahrungsmittel, GesundheitEU will Ukraine 145 Millionen Euro humanit\u00e4re Hilfe zur Verf\u00fcgung stellen<img decoding=\"async\" class=\"Image_img__fQCi0 Image_Img_16_9__4BLfH widget-picture-inline_maximizable__t_E7h\" loading=\"eager\" fetchpriority=\"high\" src=\"https:\/\/www.europesays.com\/de\/wp-content\/uploads\/2026\/01\/Die-EU-Staaten-wollen-Beitrittsgespraeche-mit-der-Ukraine-und-Moldau-starten.webp.webp\" alt=\"Die-EU-Staaten-wollen-Beitrittsgespraeche-mit-der-Ukraine-und-Moldau-starten\"\/>Die EU-Staaten wollen Beitrittsgespr\u00e4che mit der Ukraine und Moldau starten. (Foto: Christoph Reichwein\/dpa)TeilenFolgen auf:<a href=\"https:\/\/www.whatsapp.com\/channel\/0029Va5cdVJD8SDp5YZgYF01\" title=\"Auf WhatsApp folgen\" target=\"_blank\" rel=\"noopener\"><img decoding=\"async\" src=\"https:\/\/www.n-tv.de\/socialIcons\/whatsapp.svg\" alt=\"whatsapp\" class=\"ArticleShare_icon__FsrC2\"\/><\/a><a href=\"https:\/\/news.google.com\/publications\/CAAiEPMdif5mpRNxiLOeUpHCwwsqFAgKIhDzHYn-ZqUTcYiznlKRwsML?hl=de&amp;gl=DE&amp;ceid=DE%3Ade\" title=\"Auf Google News folgen\" target=\"_blank\" rel=\"noopener\"><img decoding=\"async\" src=\"https:\/\/www.n-tv.de\/socialIcons\/google.svg\" alt=\"whatsapp\" class=\"ArticleShare_icon__FsrC2\"\/><\/a><\/p>\n<p class=\"Typography_text-m__XI0da Typography_weight-bold__uT6mq storyline_lead_text_leadtext__q_wg8\">Viele Menschen in der Ukraine sind ohne Strom und W\u00e4rme. Die EU will mit weiteren Generatoren und Geld helfen.<\/p>\n<p class=\"Typography_text-default__P3otY Typography_weight-normal__pqUbH storyline_paragraph_p__qSR5N\">Die EU will 145 Millionen Euro f\u00fcr humanit\u00e4re Hilfe in der Ukraine zur Verf\u00fcgung stellen. Sie sollen unter anderem Schutz, Unterk\u00fcnfte, Nahrungsmittel sowie Zugang zu Wasser und Gesundheitsdiensten erm\u00f6glichen, wie die EU-Kommission mitteilte. Weitere 8 Millionen Euro sind demnach f\u00fcr die Aufnahme von Kriegsfl\u00fcchtlingen in Moldau bestimmt. <\/p>\n<p class=\"Typography_text-default__P3otY Typography_weight-normal__pqUbH storyline_paragraph_p__qSR5N\">Zudem liefert die EU angesichts der anhaltenden russischen Angriffe auf die Energieversorgung der Ukraine 500 weitere Notstromgeneratoren. Vergangenen Freitag hatte sie bereits 447 dieser Notstromsysteme auf den Weg gebracht. <\/p>\n<p class=\"Typography_text-default__P3otY Typography_weight-normal__pqUbH storyline_paragraph_p__qSR5N\">Seit Beginn des russischen Angriffskriegs auf die Ukraine vor vier Jahren hat die Kommission mehr als 1,4 Milliarden Euro f\u00fcr humanit\u00e4re Hilfsprogramme in der Ukraine und Moldau gegeben. Mindestens 3 Milliarden Euro seien zudem f\u00fcr die Energieversorgungssicherheit bereitgestellt worden. Insgesamt habe die EU die Ukraine seit Beginn der Invasion mit 193,3 Milliarden Euro unterst\u00fctzt.<\/p>\n<p class=\"Typography_text-s__wu_cm Typography_weight-normal__pqUbH Typography_color-darkgrey__sZEnP article-detail-footer_source__KslPc\">Quelle: ntv.de, dpa<\/p>\n","protected":false},"excerpt":{"rendered":"Unterk\u00fcnfte, Nahrungsmittel, GesundheitEU will Ukraine 145 Millionen Euro humanit\u00e4re Hilfe zur Verf\u00fcgung stellenDie EU-Staaten wollen Beitrittsgespr\u00e4che mit der&hellip;\n","protected":false},"author":2,"featured_media":756276,"comment_status":"","ping_status":"","sticky":false,"template":"","format":"standard","meta":{"footnotes":""},"categories":[3933],"tags":[331,332,548,663,158,3934,3935,13,14,15,12],"class_list":{"0":"post-756275","1":"post","2":"type-post","3":"status-publish","4":"format-standard","5":"has-post-thumbnail","7":"category-eu","8":"tag-aktuelle-nachrichten","9":"tag-aktuelle-news","10":"tag-eu","11":"tag-europa","12":"tag-europaeische-union","13":"tag-europe","14":"tag-european-union","15":"tag-headlines","16":"tag-nachrichten","17":"tag-news","18":"tag-schlagzeilen"},"share_on_mastodon":{"url":"https:\/\/pubeurope.com\/@de\/115979362714914534","error":""},"_links":{"self":[{"href":"https:\/\/www.europesays.com\/de\/wp-json\/wp\/v2\/posts\/756275","targetHints":{"allow":["GET"]}}],"collection":[{"href":"https:\/\/www.europesays.com\/de\/wp-json\/wp\/v2\/posts"}],"about":[{"href":"https:\/\/www.europesays.com\/de\/wp-json\/wp\/v2\/types\/post"}],"author":[{"embeddable":true,"href":"https:\/\/www.europesays.com\/de\/wp-json\/wp\/v2\/users\/2"}],"replies":[{"embeddable":true,"href":"https:\/\/www.europesays.com\/de\/wp-json\/wp\/v2\/comments?post=756275"}],"version-history":[{"count":0,"href":"https:\/\/www.europesays.com\/de\/wp-json\/wp\/v2\/posts\/756275\/revisions"}],"wp:featuredmedia":[{"embeddable":true,"href":"https:\/\/www.europesays.com\/de\/wp-json\/wp\/v2\/media\/756276"}],"wp:attachment":[{"href":"https:\/\/www.europesays.com\/de\/wp-json\/wp\/v2\/media?parent=756275"}],"wp:term":[{"taxonomy":"category","embeddable":true,"href":"https:\/\/www.europesays.com\/de\/wp-json\/wp\/v2\/categories?post=756275"},{"taxonomy":"post_tag","embeddable":true,"href":"https:\/\/www.europesays.com\/de\/wp-json\/wp\/v2\/tags?post=756275"}],"curies":[{"name":"wp","href":"https:\/\/api.w.org\/{rel}","templated":true}]}}