{"id":756421,"date":"2026-01-29T17:55:14","date_gmt":"2026-01-29T17:55:14","guid":{"rendered":"https:\/\/www.europesays.com\/de\/756421\/"},"modified":"2026-01-29T17:55:14","modified_gmt":"2026-01-29T17:55:14","slug":"nuklearschirm-fuer-europa-merz-weist-forderungen-nach-atomwaffe-nicht-ganz-ab","status":"publish","type":"post","link":"https:\/\/www.europesays.com\/de\/756421\/","title":{"rendered":"Nuklearschirm f\u00fcr Europa: Merz weist Forderungen nach Atomwaffe nicht ganz ab"},"content":{"rendered":"<p>Nuklearschirm f\u00fcr EuropaMerz weist Forderungen nach Atomwaffe nicht ganz ab<\/p>\n<p>29.01.2026, 18:36 Uhr <\/p>\n<p>Artikel anh\u00f6ren(03:06 min)<\/p>\n<p><img decoding=\"async\" class=\"Image_img__fQCi0 Image_Img_16_9__4BLfH widget-picture-inline_maximizable__t_E7h\" loading=\"eager\" fetchpriority=\"high\" src=\"https:\/\/www.europesays.com\/de\/wp-content\/uploads\/2026\/01\/Federal-Chancellor-of-Germany-Friedrich-Merz-holds-a-press-conference-after-the-end-o-European-Counc.webp\" alt=\"Federal-Chancellor-of-Germany-Friedrich-Merz-holds-a-press-conference-after-the-end-o-European-Council-Summit-the-EU-leaders-meeting-at-the-EU-headquarters-The-German-chancellor-does-a-statement-and-answers-questions-from-journalists-of-international-media-and-press-Leaders-discussed-among-other-topics-to-provide-support-and-a-new-90-billion-euro-loan-to-Ukraine-the-usage-of-frozen-in-the-EU-Russian-assets-the-multiannual-budget-enlargement-and-the-EU-Mercosur-trade-agreement\"\/>Bundeskanzler Friedrich Merz betont die Verpflichtung Deutschlands, keine eigenen Atomwaffen zu haben. (Foto: picture alliance \/ NurPhoto)TeilenFolgen auf:<a href=\"https:\/\/www.whatsapp.com\/channel\/0029Va5cdVJD8SDp5YZgYF01\" title=\"Auf WhatsApp folgen\" target=\"_blank\" rel=\"noopener\"><img decoding=\"async\" src=\"https:\/\/www.n-tv.de\/socialIcons\/whatsapp.svg\" alt=\"whatsapp\" class=\"ArticleShare_icon__FsrC2\"\/><\/a><a href=\"https:\/\/news.google.com\/publications\/CAAiEPMdif5mpRNxiLOeUpHCwwsqFAgKIhDzHYn-ZqUTcYiznlKRwsML?hl=de&amp;gl=DE&amp;ceid=DE%3Ade\" title=\"Auf Google News folgen\" target=\"_blank\" rel=\"noopener\"><img decoding=\"async\" src=\"https:\/\/www.n-tv.de\/socialIcons\/google.svg\" alt=\"whatsapp\" class=\"ArticleShare_icon__FsrC2\"\/><\/a><\/p>\n<p class=\"Typography_text-m__XI0da Typography_weight-bold__uT6mq storyline_lead_text_leadtext__q_wg8\">Weniger Abh\u00e4ngigkeit von den USA &#8211; auch bei der nuklearen Verteidigung? Der Kanzler will Deutschlands und Europas Sicherheit jedenfalls unabh\u00e4ngiger machen. Nun soll es erste Gespr\u00e4che \u00fcber eine europ\u00e4ische Atomwaffe geben.<\/p>\n<p class=\"Typography_text-default__P3otY Typography_weight-normal__pqUbH storyline_paragraph_p__qSR5N\">Die europ\u00e4ischen Staaten f\u00fchren nach Angaben von Bundeskanzler Friedrich Merz strategische Gespr\u00e4che \u00fcber einen europ\u00e4ischen atomaren Schutzschirm. &#8222;Diese Gespr\u00e4che sind ganz am Anfang&#8220;, sagte Merz in Berlin bei einem Treffen mit der litauischen Regierungschefin Inga Ruginiene. &#8222;Wir wissen, dass wir hier strategisch und auch milit\u00e4rpolitisch einige Entscheidungen treffen m\u00fcssen, aber noch einmal, daf\u00fcr ist die Zeit im Augenblick noch nicht reif. Wir f\u00fchren strategische Gespr\u00e4che \u00fcber diese Frage mit den beteiligten L\u00e4ndern&#8220;, f\u00fcgte er hinzu. Diese seien aber noch ganz am Anfang.<\/p>\n<p class=\"Typography_text-default__P3otY Typography_weight-normal__pqUbH storyline_paragraph_p__qSR5N\">Deutschland habe sich in zwei v\u00f6lkerrechtlich bindenden Vertr\u00e4gen verpflichtet, keine eigenen Atomwaffen zu haben, erkl\u00e4rte Merz. Dem sogenannten Zwei-plus-vier-Vertrag im Zusammenhang mit der deutschen Wiedervereinigung sowie dem Nichtverbreitungsvertrag \u00fcber Atomwaffen. &#8222;Insofern steht es nicht in unserem eigenen Ermessen und nicht in unserer eigenen Zust\u00e4ndigkeit, Atomwaffen in Deutschland zu haben.&#8220;<\/p>\n<p class=\"Typography_text-default__P3otY Typography_weight-normal__pqUbH storyline_paragraph_p__qSR5N\">Dies hei\u00dfe aber nicht, dass die Bundesregierung nicht mit anderen Staaten Europas auch \u00fcber die gemeinsame atomare Abschreckung spreche. &#8222;Diese Gespr\u00e4che werden gef\u00fchrt. Sie stehen auch nicht im Widerspruch zur atomaren Teilhabe mit den Vereinigten Staaten von Amerika&#8220;, betonte Merz. Sie k\u00f6nnten eine Erg\u00e4nzung zum US-Schutzschirm darstellen, so wie das zum Beispiel zurzeit f\u00fcr Frankreich und f\u00fcr Gro\u00dfbritannien gelte.<\/p>\n<p class=\"Typography_text-default__P3otY Typography_weight-normal__pqUbH storyline_paragraph_p__qSR5N\">In der Debatte um deutsche Atomwaffen spricht sich auch CDU-Au\u00dfenpolitiker Roderich <a class=\"inline_link\" href=\"https:\/\/www.n-tv.de\/politik\/Kiesewetter-wirbt-fuer-deutsche-Beteiligung-an-europaeischem-Atomschirm-id30228186.html\" target=\"_blank\" rel=\"noopener\">Kiesewetter f\u00fcr eine L\u00f6sung mit europ\u00e4ischen Verb\u00fcndeten aus.<\/a> &#8222;Ich halte sehr viel davon, den Nuklearschirm der Amerikaner nicht in Frage zu stellen, aber in seinem Schatten dar\u00fcber nachzudenken, was passieren w\u00fcrde, wenn die Amerikaner auch dieser russischen Forderung nachgeben, die Nuklearwaffen aus Europa abzuziehen.&#8220;<\/p>\n<p class=\"Typography_text-default__P3otY Typography_weight-normal__pqUbH storyline_paragraph_p__qSR5N\">&#8222;Deshalb ist es sinnvoll, dar\u00fcber nachzudenken, dass die Bundesrepublik Deutschland sich beteiligt an einer europ\u00e4ischen L\u00f6sung. Aber wer das im Einzelnen tun kann und wie, sollten wir nicht \u00f6ffentlich diskutieren&#8220;, sagte Kiesewetter im Interview mit RTL und ntv. Zuvor hatte Brigadegeneral Frank Pieper im &#8222;stern&#8220; gefordert, Deutschland brauche eigene taktische Atomwaffen.<\/p>\n<p class=\"Typography_text-default__P3otY Typography_weight-normal__pqUbH storyline_paragraph_p__qSR5N\">Deutschland ist anders als Frankreich, Gro\u00dfbritannien und die USA keine Atommacht, stellt aber im Rahmen der nuklearen Abschreckung der Nato Kampfflugzeuge bereit, die im Verteidigungsfall mit US-Atombomben best\u00fcckt werden k\u00f6nnten, die in Deutschland lagern. Dieses Nato-Konzept wird als nukleare Teilhabe bezeichnet.<\/p>\n<p class=\"Typography_text-s__wu_cm Typography_weight-normal__pqUbH Typography_color-darkgrey__sZEnP article-detail-footer_source__KslPc\">Quelle: ntv.de, mwa\/dpa\/rts<\/p>\n","protected":false},"excerpt":{"rendered":"Nuklearschirm f\u00fcr EuropaMerz weist Forderungen nach Atomwaffe nicht ganz ab 29.01.2026, 18:36 Uhr Artikel anh\u00f6ren(03:06 min) Bundeskanzler Friedrich&hellip;\n","protected":false},"author":2,"featured_media":756422,"comment_status":"","ping_status":"","sticky":false,"template":"","format":"standard","meta":{"footnotes":""},"categories":[3933],"tags":[331,332,662,685,10566,29,548,663,158,3934,3935,775,13,929,14,15,16,1205,12,64],"class_list":{"0":"post-756421","1":"post","2":"type-post","3":"status-publish","4":"format-standard","5":"has-post-thumbnail","7":"category-eu","8":"tag-aktuelle-nachrichten","9":"tag-aktuelle-news","10":"tag-atomwaffen","11":"tag-bundeswehr","12":"tag-deutsche-verteidigungspolitik","13":"tag-deutschland","14":"tag-eu","15":"tag-europa","16":"tag-europaeische-union","17":"tag-europe","18":"tag-european-union","19":"tag-friedrich-merz","20":"tag-headlines","21":"tag-kriege-und-konflikte","22":"tag-nachrichten","23":"tag-news","24":"tag-politik","25":"tag-roderich-kiesewetter","26":"tag-schlagzeilen","27":"tag-usa"},"share_on_mastodon":{"url":"https:\/\/pubeurope.com\/@de\/115979676955800922","error":""},"_links":{"self":[{"href":"https:\/\/www.europesays.com\/de\/wp-json\/wp\/v2\/posts\/756421","targetHints":{"allow":["GET"]}}],"collection":[{"href":"https:\/\/www.europesays.com\/de\/wp-json\/wp\/v2\/posts"}],"about":[{"href":"https:\/\/www.europesays.com\/de\/wp-json\/wp\/v2\/types\/post"}],"author":[{"embeddable":true,"href":"https:\/\/www.europesays.com\/de\/wp-json\/wp\/v2\/users\/2"}],"replies":[{"embeddable":true,"href":"https:\/\/www.europesays.com\/de\/wp-json\/wp\/v2\/comments?post=756421"}],"version-history":[{"count":0,"href":"https:\/\/www.europesays.com\/de\/wp-json\/wp\/v2\/posts\/756421\/revisions"}],"wp:featuredmedia":[{"embeddable":true,"href":"https:\/\/www.europesays.com\/de\/wp-json\/wp\/v2\/media\/756422"}],"wp:attachment":[{"href":"https:\/\/www.europesays.com\/de\/wp-json\/wp\/v2\/media?parent=756421"}],"wp:term":[{"taxonomy":"category","embeddable":true,"href":"https:\/\/www.europesays.com\/de\/wp-json\/wp\/v2\/categories?post=756421"},{"taxonomy":"post_tag","embeddable":true,"href":"https:\/\/www.europesays.com\/de\/wp-json\/wp\/v2\/tags?post=756421"}],"curies":[{"name":"wp","href":"https:\/\/api.w.org\/{rel}","templated":true}]}}