{"id":756567,"date":"2026-01-29T19:17:13","date_gmt":"2026-01-29T19:17:13","guid":{"rendered":"https:\/\/www.europesays.com\/de\/756567\/"},"modified":"2026-01-29T19:17:13","modified_gmt":"2026-01-29T19:17:13","slug":"eu-einigung-irans-revolutionsgarden-kommen-auf-terrorliste","status":"publish","type":"post","link":"https:\/\/www.europesays.com\/de\/756567\/","title":{"rendered":"EU-Einigung: Irans Revolutionsgarden kommen auf Terrorliste"},"content":{"rendered":"<p class=\"tracking-tight font-semibold text-base\" q:key=\"O8_0\">Die EU stuft Irans Revolutionsgarden k\u00fcnftig als Terrororganisation ein. Mit der Einigung setzt Br\u00fcssel ein deutliches politisches Signal gegen\u00fcber Teheran.<\/p>\n<p><img onload=\"this.style.backgroundColor = ''\" loading=\"eager\" fetchpriority=\"high\" decoding=\"sync\" height=\"450\" alt=\"irans\" width=\"900\"  style=\"aspect-ratio:2;object-fit:cover;background-color:#AEA98C\"  src=\"https:\/\/www.europesays.com\/de\/wp-content\/uploads\/2026\/01\/irans.jpg\" class=\"rounded-xl mx-auto\" on:load=\"q-Bumj2Yqw.js#s_pVFDuJsFGxQ\"\/>Demonstrierende in Br\u00fcssel fordern w\u00e4hrend eines EU-Aussenministertreffens die Terrorlistung von Irans Revolutionsgarden. &#8211; keytone<\/p>\n<p preventdefault:click=\"\" lang=\"de\" class=\"text-base hyphens-auto\" on:click=\"q-DLyUzeR-.js#s_Dola2XqN0FU[0 1]\" q:key=\"YR_0\" q:id=\"7v\">Die <a href=\"https:\/\/www.nau.ch\/politik\/europaische-union\" rel=\"nofollow noopener\" target=\"_blank\">Europ\u00e4ische Union<\/a> hat sich auf eine Terrorlistung der <a href=\"https:\/\/www.nau.ch\/politik\/international\/kallas-erwartet-eu-entscheidung-zu-irans-revolutionsgarden-67088826\" rel=\"nofollow noopener\" target=\"_blank\">iranischen Revolutionsgarden<\/a> verst\u00e4ndigt. Dar\u00fcber berichtet \u00abt-online\u00bb unter Berufung auf diplomatische Kreise und mehrere EU-Mitgliedstaaten.<\/p>\n<p preventdefault:click=\"\" lang=\"de\" class=\"text-base hyphens-auto\" on:click=\"q-DLyUzeR-.js#s_Dola2XqN0FU[0 1]\" q:key=\"YR_0\" q:id=\"7x\">Die Entscheidung gilt als Reaktion auf anhaltende Menschenrechtsverletzungen im Iran. Besonders das gewaltsame Vorgehen gegen Protestierende spielte bei der Bewertung eine zentrale Rolle.<\/p>\n<p preventdefault:click=\"\" lang=\"de\" class=\"text-base hyphens-auto\" on:click=\"q-DLyUzeR-.js#s_Dola2XqN0FU[0 1]\" q:key=\"YR_0\" q:id=\"7z\">Auch die Unterst\u00fctzung <a href=\"https:\/\/www.nau.ch\/politik\/international\/eu-verhangt-neue-iran-sanktionen-67088901\" rel=\"nofollow noopener\" target=\"_blank\">bewaffneter Gruppen<\/a> im Ausland floss massgeblich in die Entscheidung ein. Die Revolutionsgarden gelten seit Jahren als milit\u00e4rischer und politischer Machtfaktor im iranischen System.<\/p>\n<p>EU-Beschluss mit politischem Signal<\/p>\n<p preventdefault:click=\"\" lang=\"de\" class=\"text-base hyphens-auto\" on:click=\"q-DLyUzeR-.js#s_Dola2XqN0FU[0 1]\" q:key=\"YR_0\" q:id=\"81\">Nach Angaben des \u00abDeutschlandfunks\u00bb erzielten die EU-Staaten auf Ebene der <a href=\"https:\/\/www.nau.ch\/politik\/international\/rubio-warnt-iran-vor-angriff-und-schliesst-praventivschlag-nicht-aus-67088927\" rel=\"nofollow noopener\" target=\"_blank\">Aussenminister eine Einigung<\/a>. Ziel der Massnahme ist es, den politischen Druck auf die F\u00fchrung in Teheran deutlich zu erh\u00f6hen.<\/p>\n<p>H\u00e4ltst du die Entscheidung der EU zur Terrorlistung f\u00fcr richtig?<\/p>\n<p>1Ja.<\/p>\n<p>2Nein.<\/p>\n<p preventdefault:click=\"\" lang=\"de\" class=\"text-base hyphens-auto\" on:click=\"q-DLyUzeR-.js#s_Dola2XqN0FU[0 1]\" q:key=\"YR_0\" q:id=\"8b\">Mit der Einstufung als Terrororganisation sind weitreichende Sanktionen verbunden. Dazu z\u00e4hlen Einreiseverbote sowie das Einfrieren von Verm\u00f6genswerten innerhalb der Europ\u00e4ischen Union.<\/p>\n<p preventdefault:click=\"\" lang=\"de\" class=\"text-base hyphens-auto\" on:click=\"q-DLyUzeR-.js#s_Dola2XqN0FU[0 1]\" q:key=\"YR_0\" q:id=\"8d\">Der Schritt war lange umstritten und rechtlich intensiv gepr\u00fcft worden. Mehrere Mitgliedstaaten hatten zuvor Bedenken hinsichtlich der juristischen Umsetzbarkeit ge\u00e4ussert.<\/p>\n<p>Irans Revolutionsgarden im Fokus<\/p>\n<p preventdefault:click=\"\" lang=\"de\" class=\"text-base hyphens-auto\" on:click=\"q-DLyUzeR-.js#s_Dola2XqN0FU[0 1]\" q:key=\"YR_0\" q:id=\"8f\">Frankreich spielte bei der Ann\u00e4herung der EU-Staaten eine wichtige Rolle. Wie \u00abRadio Bochum\u00bb berichtet, dr\u00e4ngte Paris zuletzt verst\u00e4rkt auf eine gemeinsame europ\u00e4ische Entscheidung.<\/p>\n<p><img onload=\"this.style.backgroundColor = ''\" loading=\"lazy\" decoding=\"async\" height=\"450\" alt=\"irans\" width=\"900\"  style=\"aspect-ratio:2;object-fit:cover;background-color:#A8A5A2\"  src=\"https:\/\/www.europesays.com\/de\/wp-content\/uploads\/2026\/01\/1769714233_662_irans.jpg\" class=\"rounded-xl mx-auto\" on:load=\"q-Bumj2Yqw.js#s_pVFDuJsFGxQ\"\/>Die Entscheidung der EU markiert einen Wendepunkt in den Beziehungen zu Irans F\u00fchrung. (Archivbild) &#8211; AFP<\/p>\n<p preventdefault:click=\"\" lang=\"de\" class=\"text-base hyphens-auto\" on:click=\"q-DLyUzeR-.js#s_Dola2XqN0FU[0 1]\" q:key=\"YR_0\" q:id=\"8k\">Die EU reagiert mit dem Beschluss auch auf sicherheitspolitische Entwicklungen im Nahen Osten. Beobachter erwarten deutliche diplomatische Reaktionen seitens der iranischen <a href=\"https:\/\/www.nau.ch\/politik\/regierung\" rel=\"nofollow noopener\" target=\"_blank\">Regierung<\/a>.<\/p>\n<p preventdefault:click=\"\" lang=\"de\" class=\"text-base hyphens-auto\" on:click=\"q-DLyUzeR-.js#s_Dola2XqN0FU[0 1]\" q:key=\"YR_0\" q:id=\"8m\">Teheran weist die Vorw\u00fcrfe weiterhin entschieden zur\u00fcck. Gleichzeitig gilt die Entscheidung als Z\u00e4sur f\u00fcr die k\u00fcnftigen Beziehungen zwischen der Europ\u00e4ischen Union und Irans <a href=\"https:\/\/www.nau.ch\/politik\/regierung\" rel=\"nofollow noopener\" target=\"_blank\">Regierung<\/a>.<\/p>\n","protected":false},"excerpt":{"rendered":"Die EU stuft Irans Revolutionsgarden k\u00fcnftig als Terrororganisation ein. Mit der Einigung setzt Br\u00fcssel ein deutliches politisches Signal&hellip;\n","protected":false},"author":2,"featured_media":756568,"comment_status":"","ping_status":"","sticky":false,"template":"","format":"standard","meta":{"footnotes":"","_share_on_mastodon":"0"},"categories":[3933],"tags":[331,332,548,663,158,3934,3935,13,345,54769,14,15,172613,12,172612],"class_list":["post-756567","post","type-post","status-publish","format-standard","has-post-thumbnail","category-eu","tag-aktuelle-nachrichten","tag-aktuelle-news","tag-eu","tag-europa","tag-europaeische-union","tag-europe","tag-european-union","tag-headlines","tag-iran","tag-menschenrechtsverletzungen","tag-nachrichten","tag-news","tag-protestierende","tag-schlagzeilen","tag-terrorlistung"],"share_on_mastodon":{"url":"https:\/\/pubeurope.com\/@de\/115979999299242727","error":""},"_links":{"self":[{"href":"https:\/\/www.europesays.com\/de\/wp-json\/wp\/v2\/posts\/756567","targetHints":{"allow":["GET"]}}],"collection":[{"href":"https:\/\/www.europesays.com\/de\/wp-json\/wp\/v2\/posts"}],"about":[{"href":"https:\/\/www.europesays.com\/de\/wp-json\/wp\/v2\/types\/post"}],"author":[{"embeddable":true,"href":"https:\/\/www.europesays.com\/de\/wp-json\/wp\/v2\/users\/2"}],"replies":[{"embeddable":true,"href":"https:\/\/www.europesays.com\/de\/wp-json\/wp\/v2\/comments?post=756567"}],"version-history":[{"count":0,"href":"https:\/\/www.europesays.com\/de\/wp-json\/wp\/v2\/posts\/756567\/revisions"}],"wp:featuredmedia":[{"embeddable":true,"href":"https:\/\/www.europesays.com\/de\/wp-json\/wp\/v2\/media\/756568"}],"wp:attachment":[{"href":"https:\/\/www.europesays.com\/de\/wp-json\/wp\/v2\/media?parent=756567"}],"wp:term":[{"taxonomy":"category","embeddable":true,"href":"https:\/\/www.europesays.com\/de\/wp-json\/wp\/v2\/categories?post=756567"},{"taxonomy":"post_tag","embeddable":true,"href":"https:\/\/www.europesays.com\/de\/wp-json\/wp\/v2\/tags?post=756567"}],"curies":[{"name":"wp","href":"https:\/\/api.w.org\/{rel}","templated":true}]}}