{"id":756612,"date":"2026-01-29T19:41:13","date_gmt":"2026-01-29T19:41:13","guid":{"rendered":"https:\/\/www.europesays.com\/de\/756612\/"},"modified":"2026-01-29T19:41:13","modified_gmt":"2026-01-29T19:41:13","slug":"premiere-der-neuen-s-klasse-sam-smith-singt-zur-weltpremiere-mit-mercedes-in-stuttgart","status":"publish","type":"post","link":"https:\/\/www.europesays.com\/de\/756612\/","title":{"rendered":"Premiere der neuen S-Klasse: Sam Smith singt zur Weltpremiere mit Mercedes in Stuttgart"},"content":{"rendered":"<p>\t\t\t\t\t\t\t\t\t\t\t\t\t\t\t\t\t\t\t\t\t\t\t\t\t\t\t\t      \t\t            \t\t             \t\t\t\t   \t\t\t\t\t   <img decoding=\"async\" id=\"article-image\" fetchpriority=\"high\" alt=\"Premiere der  neuen S-Klasse: Sam Smith singt zur Weltpremiere mit Mercedes in Stuttgart\" onclick=\"var pA=document.createElement('a');pA.setAttribute('href','https:\/\/www.stuttgarter-nachrichten.de\/gallery.premiere-der-neuen-s-klasse-sam-smith-singt-zur-weltpremiere-mit-mercedes-in-stuttgart.84ec95a2-2e5c-4307-a6fc-84f5265f89e1.html'),pA.click();\" title=\"Premiere der  neuen S-Klasse: Sam Smith singt zur Weltpremiere mit Mercedes in Stuttgart\" src=\"https:\/\/www.europesays.com\/de\/wp-content\/uploads\/2026\/01\/media.media.661dfb21-9ab7-4246-9a0c-2446c370c153.16x9_700.jpg\" data-linkto=\"https:\/\/www.stuttgarter-nachrichten.de\/gallery.premiere-der-neuen-s-klasse-sam-smith-singt-zur-weltpremiere-mit-mercedes-in-stuttgart.84ec95a2-2e5c-4307-a6fc-84f5265f89e1.html\"\/>\t\t\t\t\t\t\t\t\t\t\t\t\t\t\t\t\t\t\t\t\t\t\t\tDer S\u00e4nger Sam Smith hat die Weltpremiere der S-Klasse in Stuttgart musikalisch umrahmt.\u00a0Foto: Marijan Murat\/dpa\t\t\t<\/p>\n<p>Sam Smith verleiht der Weltpremiere der neuen S-Klasse in Stuttgart musikalischen Glanz. Mercedes-Chef Ola K\u00e4llenius begr\u00fc\u00dfte weitere prominente G\u00e4ste in Stuttgart.<\/p>\n<p><a href=\"https:\/\/www.stuttgarter-nachrichten.de\/thema\/Mercedes-Benz\" title=\"Mercedes-Benz\" class=\"art_thema\" rel=\"nofollow noopener\" target=\"_blank\">Mercedes-Benz<\/a> feiert die Geburtsstunde des Automobils \u2013 und verbindet <a href=\"https:\/\/www.stuttgarter-nachrichten.de\/inhalt.ein-patent-das-die-welt-veraenderte-mercedes-benz-feiert-geburtsstunde-des-autos-und-stellt-die-neue-s-klasse-vor.5fa90768-3355-4a4f-a7f9-f229374c34b0.html\" target=\"_blank\" rel=\"nofollow noopener\">das 140\u2011j\u00e4hrige Jubil\u00e4um<\/a> mit der Weltpremiere seines Flaggschiffs, <a href=\"https:\/\/www.stuttgarter-nachrichten.de\/inhalt.facelift-mercedes-flaggschiff-weltpremiere-in-stuttgart-was-bietet-die-neue-s-klasse.e5339efe-081e-44a5-936e-28308defc02f.html\" target=\"_blank\" rel=\"nofollow noopener\">der neuen S\u2011Klasse<\/a>. Gefeiert wurde dort, wo die Geschichte des Unternehmens erz\u00e4hlt wird: im Mercedes\u2011Benz\u2011Museum in Stuttgart-Untert\u00fcrkheim.<\/p>\n<p>Vor rund 250 geladenen G\u00e4sten hat der britische Musiker <a href=\"https:\/\/www.stuttgarter-nachrichten.de\/thema\/Sam_Smith\" title=\"Sam Smith\" class=\"art_thema\" rel=\"nofollow noopener\" target=\"_blank\">Sam Smith<\/a> die Premiere der neuen S-Klasse musikalisch umrahmt, begleitet unter anderem vom Mahler Chamber Orchestra. Insgesamt vier Songs bot Smith, darunter den Titel des Bond-Films \u201eSpectre\u201c, \u201eWriting\u2019s On The Wall\u201c. Der Abend verstr\u00f6mte selbstbewusste Zuversicht in Zeiten wirtschaftlicher Herausforderungen f\u00fcr Mercedes, dies indes mit einem gediegenen Understatement.<\/p>\n<p>Einige Stars unter den G\u00e4sten der Weltpremiere <\/p>\n<p>Doch nicht nur auf der B\u00fchne durfte der aktuelle Mercedes-Chef <a href=\"https:\/\/www.stuttgarter-nachrichten.de\/thema\/Ola_K%C3%A4llenius\" title=\"Ola K\u00e4llenius\" class=\"art_thema\" rel=\"nofollow noopener\" target=\"_blank\">Ola K\u00e4llenius<\/a> prominente G\u00e4ste begr\u00fc\u00dfen. Auch im Publikum mischten sich bekannte Pers\u00f6nlichkeiten unter die G\u00e4ste des Stuttgarter Automobilherstellers, zum Beispiel der <a href=\"https:\/\/www.stuttgarter-nachrichten.de\/inhalt.zehn-jahre-nach-diesel-skandal-ex-mercedes-chef-dieter-zetsche-muss-vor-gericht-in-stuttgart-aussagen.60a7726a-6202-459c-aa68-c604e55b87ec.html\" target=\"_blank\" rel=\"nofollow noopener\">Ex-Daimler-Chef Dieter Zetsche<\/a>, die VfB-Torwart-Legende Timo Hildebrand sowie der Tennisspieler und achtmalige Wimbledon-Sieger Roger Federer.\u00a0<\/p>\n<p>Der Gro\u00dfteil der Anwesenden hielt sich an den vorab kommunizierten Dresscode. F\u00fcr M\u00e4nner wie Frauen galt ein \u201el\u00e4ssiger Chic mit einem Hauch von Abendgarderobe\u201c. Um m\u00f6gliche Interpretationsspielr\u00e4ume gleich zu begrenzen, hatte Mercedes\u2011Benz im Vorfeld eine Auswahl an Modelbildern verschickt \u2013 als visuelle \u00dcbersetzung von Formulierungen wie \u201estylische Kleider\u201c, \u201eraffinierte Strickwaren\u201c oder \u201egut aufeinander abgestimmt und doch m\u00fchelos\u201c. Entsprechend bewegte sich die Farbpalette des Abends \u00fcberwiegend zwischen Schwarz, Dunkelblau, Weinrot sowie Braun\u2011, Beige\u2011 und Cr\u00e8met\u00f6nen.<\/p>\n","protected":false},"excerpt":{"rendered":"Der S\u00e4nger Sam Smith hat die Weltpremiere der S-Klasse in Stuttgart musikalisch umrahmt.\u00a0Foto: Marijan Murat\/dpa Sam Smith verleiht&hellip;\n","protected":false},"author":2,"featured_media":756613,"comment_status":"","ping_status":"","sticky":false,"template":"","format":"standard","meta":{"footnotes":"","_share_on_mastodon":"0"},"categories":[1830],"tags":[4694,1634,3364,29,30,148659,377,38050,69396,1441,5329],"class_list":["post-756612","post","type-post","status-publish","format-standard","has-post-thumbnail","category-stuttgart","tag-automobile","tag-baden-wuerttemberg","tag-de","tag-deutschland","tag-germany","tag-mercedes-s-klasse","tag-mercedes-benz","tag-ola-kaellenius","tag-sam-smith","tag-stuttgart","tag-video"],"share_on_mastodon":{"url":"https:\/\/pubeurope.com\/@de\/115980093774902226","error":""},"_links":{"self":[{"href":"https:\/\/www.europesays.com\/de\/wp-json\/wp\/v2\/posts\/756612","targetHints":{"allow":["GET"]}}],"collection":[{"href":"https:\/\/www.europesays.com\/de\/wp-json\/wp\/v2\/posts"}],"about":[{"href":"https:\/\/www.europesays.com\/de\/wp-json\/wp\/v2\/types\/post"}],"author":[{"embeddable":true,"href":"https:\/\/www.europesays.com\/de\/wp-json\/wp\/v2\/users\/2"}],"replies":[{"embeddable":true,"href":"https:\/\/www.europesays.com\/de\/wp-json\/wp\/v2\/comments?post=756612"}],"version-history":[{"count":0,"href":"https:\/\/www.europesays.com\/de\/wp-json\/wp\/v2\/posts\/756612\/revisions"}],"wp:featuredmedia":[{"embeddable":true,"href":"https:\/\/www.europesays.com\/de\/wp-json\/wp\/v2\/media\/756613"}],"wp:attachment":[{"href":"https:\/\/www.europesays.com\/de\/wp-json\/wp\/v2\/media?parent=756612"}],"wp:term":[{"taxonomy":"category","embeddable":true,"href":"https:\/\/www.europesays.com\/de\/wp-json\/wp\/v2\/categories?post=756612"},{"taxonomy":"post_tag","embeddable":true,"href":"https:\/\/www.europesays.com\/de\/wp-json\/wp\/v2\/tags?post=756612"}],"curies":[{"name":"wp","href":"https:\/\/api.w.org\/{rel}","templated":true}]}}