{"id":756803,"date":"2026-01-29T21:25:23","date_gmt":"2026-01-29T21:25:23","guid":{"rendered":"https:\/\/www.europesays.com\/de\/756803\/"},"modified":"2026-01-29T21:25:23","modified_gmt":"2026-01-29T21:25:23","slug":"mateta-ersatz-crystal-palace-bietet-rekordabloese-fuer-strand-larsen-guessand-vor-leihe","status":"publish","type":"post","link":"https:\/\/www.europesays.com\/de\/756803\/","title":{"rendered":"Mateta-Ersatz: Crystal Palace bietet Rekordabl\u00f6se f\u00fcr Strand Larsen \u2013 Guessand vor Leihe"},"content":{"rendered":"<p>St\u00fcrmer-Rochade\u00a0<\/p>\n<p>                                    <img decoding=\"async\" src=\"https:\/\/www.europesays.com\/de\/wp-content\/uploads\/2026\/01\/jorgen-strand-larsen-wolverhampton-2024-2025-1049123320h-1725891311-147548.jpg\" title=\"Mateta-Ersatz: Crystal Palace bietet Rekordabl\u00f6se f\u00fcr Strand Larsen \u2013 Guessand vor Leihe\" alt=\"Mateta-Ersatz: Crystal Palace bietet Rekordabl\u00f6se f\u00fcr Strand Larsen \u2013 Guessand vor Leihe\"\/><\/p>\n<p>\n                                       \u00a9IMAGO\n                                    <\/p>\n<p>Der Artikel erschien in erster Fassung um 13 Uhr und wurde mit Informationen zum bevorstehenden Guessand-Transfer aktualisiert<\/p>\n<p>Weil <a title=\"Jean-Philippe Mateta\" href=\"https:\/\/www.transfermarkt.de\/jean-philippe-mateta\/profil\/spieler\/420002\" target=\"_blank\" rel=\"nofollow noopener\">Jean-Philippe Mateta<\/a> (28) <a title=\"Crystal Palace\" href=\"https:\/\/www.transfermarkt.de\/crystal-palace\/startseite\/verein\/873\" target=\"_blank\" rel=\"nofollow noopener\">Crystal Palace<\/a> noch bis zum Deadline Day am kommenden Montag verlassen will, schauen sich die Eagles nach Ersatz um. Als Wunschkandidat hat sich dabei offenbar <a title=\"J\u00f8rgen Strand Larsen\" href=\"https:\/\/www.transfermarkt.de\/j-rgen-strand-larsen\/profil\/spieler\/429983\" target=\"_blank\" rel=\"nofollow noopener\">J\u00f8rgen Strand Larsen<\/a> von den <a title=\"Wolverhampton Wanderers\" href=\"https:\/\/www.transfermarkt.de\/wolverhampton-wanderers\/startseite\/verein\/543\" target=\"_blank\" rel=\"nofollow noopener\">Wolverhampton Wanderers<\/a> herauskristallisiert. F\u00fcr den 25 Jahre alten Mittelst\u00fcrmer sollen die Londoner bereit sein, eine vereinsinterne Rekordabl\u00f6se zu zahlen. Derweil wurde mit <a title=\"Aston Villa\" href=\"https:\/\/www.transfermarkt.de\/aston-villa\/startseite\/verein\/405\" rel=\"nofollow noopener\" target=\"_blank\">Aston Villa<\/a> offenbar Einigkeit \u00fcber eine Leihe von <a title=\"Evann Guessand\" href=\"https:\/\/www.transfermarkt.de\/evann-guessand\/profil\/spieler\/500689\" rel=\"nofollow noopener\" target=\"_blank\">Evann Guessand<\/a> (24) erzielt.<\/p>\n<p>\n    <a class=\"bbcodesLink\" href=\"https:\/\/www.transfermarkt.de\/j-strand-larsen-to-crystal-palace-\/thread\/forum\/154\/thread_id\/1184144\" rel=\"nofollow noopener\" target=\"_blank\"><\/p>\n<tr>\n<p>                        Ger\u00fccht<\/p>\n<\/tr>\n<tr class=\"contentzeile\">\n<td class=\"spielerbild\" rowspan=\"2\">\n                        <img decoding=\"async\" src=\"https:\/\/www.europesays.com\/de\/wp-content\/uploads\/2026\/01\/429983-1743541067.jpg\" title=\"J\u00f8rgen Strand Larsen\" alt=\"J\u00f8rgen Strand Larsen\" class=\"\"\/>                    <\/td>\n<td class=\"spielername\">\n                        <a title=\"J\u00f8rgen Strand Larsen\" href=\"https:\/\/www.transfermarkt.de\/jorgen-strand-larsen\/profil\/spieler\/429983\" rel=\"nofollow noopener\" target=\"_blank\">J. Strand Larsen<\/a>                    <\/td>\n<td class=\"vereinswappen\" rowspan=\"2\">\n                        <img decoding=\"async\" src=\"https:\/\/www.europesays.com\/de\/wp-content\/uploads\/2025\/08\/543.png\" title=\"Wolverhampton Wanderers\" alt=\"Wolverhampton Wanderers\" class=\"\"\/>                    <\/td>\n<td class=\"c2action\" rowspan=\"2\"><\/td>\n<\/tr>\n<tr class=\"contentzeile\">\n<td class=\"position\">\n                        Mittelst\u00fcrmer                    <\/td>\n<\/tr>\n<tr class=\"contentZeileSpielerGK\">\n<td colspan=\"4\">\n<tr>\n<td class=\"vereinsname\">\n                                    Wolverhampton                                <\/td>\n<td class=\"vereinswappen\" rowspan=\"2\">\n                                    <img decoding=\"async\" src=\"https:\/\/www.europesays.com\/de\/wp-content\/uploads\/2025\/08\/543.png\" title=\"Wolverhampton Wanderers\" alt=\"Wolverhampton Wanderers\" class=\"\"\/>                                <\/td>\n<td class=\"wahrscheinlichkeit-\" rowspan=\"2\">\n                                                                            ?\n                                                                        <\/td>\n<td class=\"vereinswappen\" rowspan=\"2\">\n                                    <img decoding=\"async\" src=\"https:\/\/www.europesays.com\/de\/wp-content\/uploads\/2025\/10\/873.png\" title=\"Crystal Palace\" alt=\"Crystal Palace\" class=\"\"\/>                                <\/td>\n<td class=\"vereinsname\">\n                                    Crystal Palace                                <\/td>\n<\/tr>\n<tr>\n<td>\n                                    Premier League                                <\/td>\n<td>\n                                    Premier League                                <\/td>\n<\/tr>\n<\/td>\n<\/tr>\n<p>    <\/a>\n<\/p>\n<p>\u00dcbereinstimmenden Berichten von unter anderem Transferjournalist Fabrizio Romano und \u201eThe Athletic\u201c zufolge steht eine Einigung zwischen den Klubs \u00fcber ein Gesamtpaket von 50 Millionen Pfund, umgerechnet etwa 57,7 Mio. Euro, bevor. 45 Mio. Pfund (52 Mio. Euro) soll die fixe Abl\u00f6se betragen, 5 Mio. Pfund (5,7 Mio. Euro) die m\u00f6glichen Boni. <a href=\"https:\/\/www.transfermarkt.de\/crystal-palace\/transferrekorde\/verein\/873\" target=\"_blank\" rel=\"nofollow noopener\">Teuerster Zugang in Crystal Palace&#8216; Vereinsgeschichte<\/a> ist bis dato noch <a title=\"Brennan Johnson\" href=\"https:\/\/www.transfermarkt.de\/brennan-johnson\/profil\/spieler\/470607\" rel=\"nofollow noopener\" target=\"_blank\">Brennan Johnson<\/a> mit 40 Mio. Euro, der ebenfalls diesen Winter kam.<\/p>\n<p><\/p>\n<p>Die Wolves nahmen unterdessen schon viermal mehr ein als die kolportierte Fixsumme von 52 Mio. Euro und w\u00fcrden bei einem Abschied des Norwegers ihrem Ruf als guter Verk\u00e4uferklub in den letzten Jahre erneut alle Ehre machen. <a href=\"https:\/\/www.transfermarkt.de\/transfers\/einnahmenausgaben\/statistik\/plus\/0?ids=e&amp;sa=&amp;saison_id=2023&amp;saison_id_bis=2025&amp;land_id=&amp;nat=&amp;kontinent_id=&amp;pos=&amp;altersklasse=&amp;w_s=&amp;leihe=&amp;intern=0&amp;plus=0\" target=\"_blank\" rel=\"nofollow noopener\">Seit 2023\/24 h\u00e4tten dann weltweit nur zwei Klubs mehr kassiert als Wolverhampton<\/a>. Bei Strand Larsen bestehe zudem trotz Vertrags bis 2030 mit der Option auf Verl\u00e4ngerung ein gewisser Druck, da sich der Tabellenletzte der <a title=\"Premier League\" href=\"https:\/\/www.transfermarkt.de\/premier-league\/startseite\/wettbewerb\/GB1\" target=\"_blank\" rel=\"nofollow noopener\">Premier League<\/a> bewusst sei, dass der Marktwert des Angreifers im Falle eines Abstiegs sinken d\u00fcrfte. Aktuell wird er auf 40 Mio. Euro taxiert.<\/p>\n<p><a href=\"https:\/\/www.transfermarkt.de\/england\/index\/forum\/625\" target=\"_blank\" rel=\"nofollow noopener\"><br \/>\n    <img loading=\"lazy\" decoding=\"async\" class=\"innews\" src=\"https:\/\/www.europesays.com\/de\/wp-content\/uploads\/2026\/01\/vereinsforum-2025-26-england-premier-league-1764947362-184355.jpg\" alt=\"Im Forum \u00fcber die Klubs in England mitreden!\" width=\"503\" height=\"148\"\/><\/p>\n<p><\/a><\/p>\n<p>Neben Crystal Palace soll auch <a title=\"Leeds United\" href=\"https:\/\/www.transfermarkt.de\/leeds-united\/startseite\/verein\/399\" target=\"_blank\" rel=\"nofollow noopener\">Leeds United<\/a> f\u00fcr den Angreifer zuletzt geboten haben, mehrere Offerten von bis zu 40 Mio. Pfund (46 Mio. Euro) sollen aber abgelehnt worden sein. Und der Aufsteiger soll nicht gewillt sein, finanziell nachzubessern, weswegen das Team von Trainer <a title=\"Oliver Glasner\" href=\"https:\/\/www.transfermarkt.de\/oliver-glasner\/profil\/trainer\/22891\" target=\"_blank\" rel=\"nofollow noopener\">Oliver Glasner<\/a> in die Pole-Position ger\u00fcckt sei.<\/p>\n<p>Matetas Wechselwunsch erf\u00fcllt sich wohl \u2013 Guessand vor Leihwechsel<\/p>\n<p>Dort k\u00f6nnte er in die Fu\u00dfstapfen von Mateta treten, f\u00fcr den <a title=\"Nottingham Forest\" href=\"https:\/\/www.transfermarkt.de\/nottingham-forest\/startseite\/verein\/703\" target=\"_blank\" rel=\"nofollow noopener\">Nottingham Forest<\/a> marktwertgerechte 35 Mio. Pfund (40 Mio. Euro) bieten soll. Mit diesem Angebot sollen die Eagles aber noch nicht zufrieden sein, hei\u00dft es bei \u201eThe Athletic\u201c, die mindestens 40 Mio. Pfund (46 Mio. Euro) fordern sollen. Neben den Tricky Trees wird der Ex-Mainzer auch bei der <a title=\"AC Mailand\" href=\"https:\/\/www.transfermarkt.de\/ac-mailand\/startseite\/verein\/5\" target=\"_blank\" rel=\"nofollow noopener\">AC Milan<\/a>, <a title=\"Aston Villa\" href=\"https:\/\/www.transfermarkt.de\/aston-villa\/startseite\/verein\/405\" target=\"_blank\" rel=\"nofollow noopener\">Aston Villa<\/a> und <a title=\"Juventus Turin\" href=\"https:\/\/www.transfermarkt.de\/juventus-turin\/startseite\/verein\/506\" target=\"_blank\" rel=\"nofollow noopener\">Juventus<\/a> gehandelt.<\/p>\n<p>\n    <a class=\"bbcodesLink\" href=\"https:\/\/www.transfermarkt.de\/will-jean-philippe-mateta-join-nottingham-forest-\/thread\/forum\/154\/thread_id\/1083765\" rel=\"nofollow noopener\" target=\"_blank\"><\/p>\n<tr>\n<p>                        Ger\u00fccht<\/p>\n<\/tr>\n<tr class=\"contentzeile\">\n<td class=\"spielerbild\" rowspan=\"2\">\n                        <img decoding=\"async\" src=\"https:\/\/www.europesays.com\/de\/wp-content\/uploads\/2026\/01\/420002-1723202650.jpg\" title=\"Jean-Philippe Mateta\" alt=\"Jean-Philippe Mateta\" class=\"\"\/>                    <\/td>\n<td class=\"spielername\">\n                        <a title=\"Jean-Philippe Mateta\" href=\"https:\/\/www.transfermarkt.de\/jean-philippe-mateta\/profil\/spieler\/420002\" rel=\"nofollow noopener\" target=\"_blank\">J. Mateta<\/a>                    <\/td>\n<td class=\"vereinswappen\" rowspan=\"2\">\n                        <img decoding=\"async\" src=\"https:\/\/www.europesays.com\/de\/wp-content\/uploads\/2025\/10\/873.png\" title=\"Crystal Palace\" alt=\"Crystal Palace\" class=\"\"\/>                    <\/td>\n<td class=\"c2action\" rowspan=\"2\"><\/td>\n<\/tr>\n<tr class=\"contentzeile\">\n<td class=\"position\">\n                        Mittelst\u00fcrmer                    <\/td>\n<\/tr>\n<tr class=\"contentZeileSpielerGK\">\n<td colspan=\"4\">\n<tr>\n<td class=\"vereinsname\">\n                                    Crystal Palace                                <\/td>\n<td class=\"vereinswappen\" rowspan=\"2\">\n                                    <img decoding=\"async\" src=\"https:\/\/www.europesays.com\/de\/wp-content\/uploads\/2025\/10\/873.png\" title=\"Crystal Palace\" alt=\"Crystal Palace\" class=\"\"\/>                                <\/td>\n<td class=\"wahrscheinlichkeit-\" rowspan=\"2\">\n                                                                            ?\n                                                                        <\/td>\n<td class=\"vereinswappen\" rowspan=\"2\">\n                                    <img decoding=\"async\" src=\"https:\/\/www.europesays.com\/de\/wp-content\/uploads\/2025\/12\/703.png\" title=\"Nottingham Forest\" alt=\"Nottingham Forest\" class=\"\"\/>                                <\/td>\n<td class=\"vereinsname\">\n                                    Nottingham                                <\/td>\n<\/tr>\n<tr>\n<td>\n                                    Premier League                                <\/td>\n<td>\n                                    Premier League                                <\/td>\n<\/tr>\n<\/td>\n<\/tr>\n<p>    <\/a>\n<\/p>\n<p><strong>Update 18:49 Uhr:<\/strong> Neben Strand Larsen k\u00f6nnte auch Villas Guessand zeitnah in S\u00fcdlondon aufschlagen. Laut dem franz\u00f6sischen Sender \u201eRMC Sport\u201c steht eine Einigung zwischen den Villans und den Eagles \u00fcber eine Leihe mit Kaufoption bevor. Der ivorische Nationalspieler war erst im Sommer f\u00fcr 30 Mio. Euro aus Nizza nach Birmingham gewechselt, konnte sich aber nicht durchsetzen. <\/p>\n","protected":false},"excerpt":{"rendered":"St\u00fcrmer-Rochade\u00a0 \u00a9IMAGO Der Artikel erschien in erster Fassung um 13 Uhr und wurde mit Informationen zum bevorstehenden Guessand-Transfer&hellip;\n","protected":false},"author":2,"featured_media":756804,"comment_status":"","ping_status":"","sticky":false,"template":"","format":"standard","meta":{"footnotes":"","_share_on_mastodon":"0"},"categories":[136],"tags":[26429,29,30,94447,172639,957,265,68461],"class_list":["post-756803","post","type-post","status-publish","format-standard","has-post-thumbnail","category-sport","tag-crystal-palace","tag-deutschland","tag-germany","tag-jean-philippe-mateta","tag-jorgen-strand-larsen","tag-premier-league","tag-sport","tag-wolverhampton-wanderers"],"share_on_mastodon":{"url":"https:\/\/pubeurope.com\/@de\/115980503135293914","error":""},"_links":{"self":[{"href":"https:\/\/www.europesays.com\/de\/wp-json\/wp\/v2\/posts\/756803","targetHints":{"allow":["GET"]}}],"collection":[{"href":"https:\/\/www.europesays.com\/de\/wp-json\/wp\/v2\/posts"}],"about":[{"href":"https:\/\/www.europesays.com\/de\/wp-json\/wp\/v2\/types\/post"}],"author":[{"embeddable":true,"href":"https:\/\/www.europesays.com\/de\/wp-json\/wp\/v2\/users\/2"}],"replies":[{"embeddable":true,"href":"https:\/\/www.europesays.com\/de\/wp-json\/wp\/v2\/comments?post=756803"}],"version-history":[{"count":0,"href":"https:\/\/www.europesays.com\/de\/wp-json\/wp\/v2\/posts\/756803\/revisions"}],"wp:featuredmedia":[{"embeddable":true,"href":"https:\/\/www.europesays.com\/de\/wp-json\/wp\/v2\/media\/756804"}],"wp:attachment":[{"href":"https:\/\/www.europesays.com\/de\/wp-json\/wp\/v2\/media?parent=756803"}],"wp:term":[{"taxonomy":"category","embeddable":true,"href":"https:\/\/www.europesays.com\/de\/wp-json\/wp\/v2\/categories?post=756803"},{"taxonomy":"post_tag","embeddable":true,"href":"https:\/\/www.europesays.com\/de\/wp-json\/wp\/v2\/tags?post=756803"}],"curies":[{"name":"wp","href":"https:\/\/api.w.org\/{rel}","templated":true}]}}