{"id":756983,"date":"2026-01-29T23:02:10","date_gmt":"2026-01-29T23:02:10","guid":{"rendered":"https:\/\/www.europesays.com\/de\/756983\/"},"modified":"2026-01-29T23:02:10","modified_gmt":"2026-01-29T23:02:10","slug":"gemeinsame-zumeldung-land-foerdert-praeventionsnetzwerk-mit-rund-zwei-millionen-euro","status":"publish","type":"post","link":"https:\/\/www.europesays.com\/de\/756983\/","title":{"rendered":"Gemeinsame Zumeldung: Land f\u00f6rdert Pr\u00e4ventionsnetzwerk mit rund zwei Millionen Euro"},"content":{"rendered":"<p>Mannheim\/Metropolregion Rhein-Neckar \u2013 \u201eDie erneute F\u00f6rderung des Kompetenznetzwerks Pr\u00e4ventivmedizin Baden-W\u00fcrttemberg ist eine sehr gute Nachricht f\u00fcr Mannheim und f\u00fcr die Gesundheitsvorsorge im ganzen Land. <\/p>\n<p>Dass die Federf\u00fchrung des Netzwerks an der Medizinischen Fakult\u00e4t Mannheim liegt, unterstreicht die herausragende Rolle unseres Standorts f\u00fcr innovative, evidenzbasierte Pr\u00e4ventionsforschung.\u201c Freuen sich die beiden direkt gew\u00e4hlten Mannheimer Abgeordneten Elke Zimmer (Mannheim S\u00fcd) und Dr. Susanne Aschhoff (Mannheim Nord).<\/p>\n<p>Sie betonen weiter: \u201eGerade angesichts gro\u00dfer Herausforderungen wie dem Klimawandel, dem demografischen Wandel und der Zunahme chronischer Erkrankungen ist Pr\u00e4ventionsmedizin ein zentraler Schl\u00fcssel f\u00fcr ein leistungsf\u00e4higes und gerechtes Gesundheitssystem. Die enge Zusammenarbeit von Wissenschaft, Kommunen und \u00f6ffentlichem Gesundheitsdienst sorgt daf\u00fcr, dass Forschungsergebnisse nicht in der Schublade bleiben, sondern konkret bei den Menschen ankommen \u2013 auch hier in Mannheim. Die Landesf\u00f6rderung st\u00e4rkt damit sowohl die medizinische Spitzenforschung als auch die Gesundheitsvorsorge vor Ort.\u201c<\/p>\n<p>Quelle: Fraktion GR\u00dcNE im Landtag  von Baden-W\u00fcrttemberg<\/p>\n<p class=\"post-modified-info\">Zuletzt aktualisiert am 29. Januar 2026, 22:08<\/p>\n","protected":false},"excerpt":{"rendered":"Mannheim\/Metropolregion Rhein-Neckar \u2013 \u201eDie erneute F\u00f6rderung des Kompetenznetzwerks Pr\u00e4ventivmedizin Baden-W\u00fcrttemberg ist eine sehr gute Nachricht f\u00fcr Mannheim und&hellip;\n","protected":false},"author":2,"featured_media":609818,"comment_status":"","ping_status":"","sticky":false,"template":"","format":"standard","meta":{"footnotes":"","_share_on_mastodon":"0"},"categories":[1845],"tags":[5587,1634,3364,29,548,663,3934,6586,30,13,1236,2096,9834,25488,25489,14,14480,15,5206,28951,12,9914,2421],"class_list":["post-756983","post","type-post","status-publish","format-standard","has-post-thumbnail","category-mannheim","tag-baden","tag-baden-wuerttemberg","tag-de","tag-deutschland","tag-eu","tag-europa","tag-europe","tag-forderung","tag-germany","tag-headlines","tag-kommunen","tag-mannheim","tag-menschen","tag-metropolregion","tag-metropolregion-rhein-neckar","tag-nachrichten","tag-neckar","tag-news","tag-rhein","tag-rhein-neckar","tag-schlagzeilen","tag-sued","tag-zusammenarbeit"],"share_on_mastodon":{"url":"https:\/\/pubeurope.com\/@de\/115980884037257618","error":""},"_links":{"self":[{"href":"https:\/\/www.europesays.com\/de\/wp-json\/wp\/v2\/posts\/756983","targetHints":{"allow":["GET"]}}],"collection":[{"href":"https:\/\/www.europesays.com\/de\/wp-json\/wp\/v2\/posts"}],"about":[{"href":"https:\/\/www.europesays.com\/de\/wp-json\/wp\/v2\/types\/post"}],"author":[{"embeddable":true,"href":"https:\/\/www.europesays.com\/de\/wp-json\/wp\/v2\/users\/2"}],"replies":[{"embeddable":true,"href":"https:\/\/www.europesays.com\/de\/wp-json\/wp\/v2\/comments?post=756983"}],"version-history":[{"count":0,"href":"https:\/\/www.europesays.com\/de\/wp-json\/wp\/v2\/posts\/756983\/revisions"}],"wp:featuredmedia":[{"embeddable":true,"href":"https:\/\/www.europesays.com\/de\/wp-json\/wp\/v2\/media\/609818"}],"wp:attachment":[{"href":"https:\/\/www.europesays.com\/de\/wp-json\/wp\/v2\/media?parent=756983"}],"wp:term":[{"taxonomy":"category","embeddable":true,"href":"https:\/\/www.europesays.com\/de\/wp-json\/wp\/v2\/categories?post=756983"},{"taxonomy":"post_tag","embeddable":true,"href":"https:\/\/www.europesays.com\/de\/wp-json\/wp\/v2\/tags?post=756983"}],"curies":[{"name":"wp","href":"https:\/\/api.w.org\/{rel}","templated":true}]}}