{"id":757031,"date":"2026-01-29T23:27:21","date_gmt":"2026-01-29T23:27:21","guid":{"rendered":"https:\/\/www.europesays.com\/de\/757031\/"},"modified":"2026-01-29T23:27:21","modified_gmt":"2026-01-29T23:27:21","slug":"uebernahme-eine-der-groessten-geburtskliniken-entsteht-in-nuernberg","status":"publish","type":"post","link":"https:\/\/www.europesays.com\/de\/757031\/","title":{"rendered":"\u00dcbernahme: Eine der gr\u00f6\u00dften Geburtskliniken entsteht in N\u00fcrnberg"},"content":{"rendered":"<p>Fast zwei Jahre haben die Stadt N\u00fcrnberg, das Klinikum N\u00fcrnberg und der evangelische Sozialkonzern Diakoneo verhandelt. <a href=\"https:\/\/www.br.de\/nachrichten\/bayern\/klinikum-nuernberg-uebernimmt-hallerwiese-cnopfsche-kinderklinik,V4zkeKx\" rel=\"nofollow noopener\" target=\"_blank\">Kurz vor Weihnachten vergangenen Jahres hatten sie sich geeinigt<\/a>: Die &#8222;Klinik Hallerwiese-Cnopfsche Kinderklinik&#8220;, bisher betrieben von Diakoneo, soll vom Klinikum N\u00fcrnberg \u00fcbernommen werden. Jetzt hat der Stadtrat dazu den Weg endg\u00fcltig frei gemacht.<\/p>\n<p>Klinik-Betrieb rechnet sich f\u00fcr Betreiber Diakoneo nicht mehr<\/p>\n<p>Die Klinik im N\u00fcrnberger Norden hat 900 Besch\u00e4ftigte und verf\u00fcgt \u00fcber 265 Betten. Sie ist auf Geburten und Fr\u00fchgeborene spezialisiert und eine der gr\u00f6\u00dften Geburtskliniken in Bayern. Doch schon l\u00e4nger ist klar: Der Betrieb rechnet sich nicht mehr f\u00fcr den Tr\u00e4ger, den evangelischen Sozialkonzern Diakoneo.<\/p>\n<p>Die Vorst\u00e4ndin Personal und Unternehmensentwicklung bei Diakoneo, Ina Strickstrock, hatte bereits im vergangenen Jahr erkl\u00e4rt, die Gesundheitsverordnungen h\u00e4tten sich ver\u00e4ndert und neue Vorgaben und Gesetze w\u00fcrden daf\u00fcr sorgen, dass Diakoneo die Kliniken heute kaum noch wirtschaftlich betreiben k\u00f6nne.<\/p>\n<p>Klinikum N\u00fcrnberg \u00fcbernimmt &#8211; eine der gr\u00f6\u00dften Geburtskliniken<\/p>\n<p>Nun hat auch der N\u00fcrnberger Stadtrat einer \u00dcbernahme durch das Klinikum N\u00fcrnberg zugestimmt. &#8222;Damit wird die bestm\u00f6gliche Versorgung von Kindern, Jugendlichen und Familien in N\u00fcrnberg und der Region weiter gesichert&#8220;, sagt N\u00fcrnbergs Oberb\u00fcrgermeister Marcus K\u00f6nig (CSU). Zum Kaufpreis wurden noch keine Angaben gemacht.<\/p>\n<p>Durch die \u00dcbernahme entstehe bundesweit eine der gr\u00f6\u00dften Geburtskliniken und einer der gr\u00f6\u00dften Versorger in der Kinder\u00ad- und Jugendmedizin sowie der Kinder-\u00ad und Jugendchirurgie, hei\u00dft es in einer Mitteilung.<\/p>\n<p>Die Diakoneo-Klinik und das Klinikum N\u00fcrnberg als Maximalversorger betreuen jeweils rund 3.000 Geburten pro Jahr und sind auch auf Risikoschwangerschaften spezialisiert. <\/p>\n<p>7.000 station\u00e4re Patienten pro Jahr<\/p>\n<p>In den Bereichen Neonatologie, Kinderchirurgie und P\u00e4diatrie behandelt jedes Haus insgesamt rund 7.000 station\u00e4re Patientinnen und Patienten pro Jahr. Zudem werden in der &#8222;Klinik Hallerwiese-Cnopfsche Kinderklinik&#8220; auch Patientinnen und Patienten in weiteren Fachbereichen medizinisch versorgt. Dazu z\u00e4hlen unter anderem die Allgemein- und Viszeralchirurgie, Gyn\u00e4kologie, Innere Medizin und Gastroenterologie sowie An\u00e4sthesie und Intensivmedizin.  <\/p>\n","protected":false},"excerpt":{"rendered":"Fast zwei Jahre haben die Stadt N\u00fcrnberg, das Klinikum N\u00fcrnberg und der evangelische Sozialkonzern Diakoneo verhandelt. Kurz vor&hellip;\n","protected":false},"author":2,"featured_media":757032,"comment_status":"","ping_status":"","sticky":false,"template":"","format":"standard","meta":{"footnotes":"","_share_on_mastodon":"0"},"categories":[1837],"tags":[772,172675,3364,29,30,34314,172674,4156,3783],"class_list":["post-757031","post","type-post","status-publish","format-standard","has-post-thumbnail","category-nuernberg","tag-bayern","tag-cnopfsche-kinderklinik","tag-de","tag-deutschland","tag-germany","tag-kinderklinik","tag-klinikuebernahme","tag-mittelfranken","tag-nuernberg"],"share_on_mastodon":{"url":"https:\/\/pubeurope.com\/@de\/115980982453255509","error":""},"_links":{"self":[{"href":"https:\/\/www.europesays.com\/de\/wp-json\/wp\/v2\/posts\/757031","targetHints":{"allow":["GET"]}}],"collection":[{"href":"https:\/\/www.europesays.com\/de\/wp-json\/wp\/v2\/posts"}],"about":[{"href":"https:\/\/www.europesays.com\/de\/wp-json\/wp\/v2\/types\/post"}],"author":[{"embeddable":true,"href":"https:\/\/www.europesays.com\/de\/wp-json\/wp\/v2\/users\/2"}],"replies":[{"embeddable":true,"href":"https:\/\/www.europesays.com\/de\/wp-json\/wp\/v2\/comments?post=757031"}],"version-history":[{"count":0,"href":"https:\/\/www.europesays.com\/de\/wp-json\/wp\/v2\/posts\/757031\/revisions"}],"wp:featuredmedia":[{"embeddable":true,"href":"https:\/\/www.europesays.com\/de\/wp-json\/wp\/v2\/media\/757032"}],"wp:attachment":[{"href":"https:\/\/www.europesays.com\/de\/wp-json\/wp\/v2\/media?parent=757031"}],"wp:term":[{"taxonomy":"category","embeddable":true,"href":"https:\/\/www.europesays.com\/de\/wp-json\/wp\/v2\/categories?post=757031"},{"taxonomy":"post_tag","embeddable":true,"href":"https:\/\/www.europesays.com\/de\/wp-json\/wp\/v2\/tags?post=757031"}],"curies":[{"name":"wp","href":"https:\/\/api.w.org\/{rel}","templated":true}]}}