{"id":757235,"date":"2026-01-30T01:22:10","date_gmt":"2026-01-30T01:22:10","guid":{"rendered":"https:\/\/www.europesays.com\/de\/757235\/"},"modified":"2026-01-30T01:22:10","modified_gmt":"2026-01-30T01:22:10","slug":"die-stefan-raab-show-wechselt-in-die-latenight","status":"publish","type":"post","link":"https:\/\/www.europesays.com\/de\/757235\/","title":{"rendered":"&#8222;Die Stefan Raab Show&#8220; wechselt in die LateNight"},"content":{"rendered":"<p>In den letzten drei Minuten der \u201eHalben Stunde nach der Stunde danach\u201c zwischen der Werbepause und dem \u201eNachtjournal\u201c \u00e4u\u00dferte sich Stefan Raab am Donnerstagabend \u00fcberraschend zur Zukunft seiner w\u00f6chentlichen RTL-Show; ein Einspieler (&#8222;Deutschland im Freudentaumel&#8220;) verk\u00fcndete dann Details. Die Sendung wechselt nach schwachen Einschaltquoten auf dem bisherigen Sendeplatz am Mittwoch um 20.15 Uhr ab \u00fcbern\u00e4chster Woche regul\u00e4r in die LateNight.<\/p>\n<p>&#13;<br \/>\n&#13;<\/p>\n<p>Sein aktueller Dschungel-Nachklapp war offenbar Testlauf daf\u00fcr. Im Windschatten der erfolgreichen Reality-Show und der \u201eStunde danach\u201c erzielt Raab gerade die h\u00f6chsten Reichweiten seit vergangenen September. K\u00fcnftig l\u00e4uft \u201eDie Stefan Raab Show\u201c immer donnerstags um 23.15 Uhr bei RTL &#8211; aber nicht nur dann. Es gibt demnach ab dem 10. Februar eine zweite Sendung pro Woche immer dienstags um 22 Uhr, aber dann ausschlie\u00dflich beim Streamingdienst RTL+. Der doppelte Raab, allerdings mit der wochenaktuellen Sendung raus aus der Primetime.<\/p>\n<p>&#13;<\/p>\n<p>Da holte im vergangenen Fr\u00fchjahr zun\u00e4chst \u201eDu gewinnst hier nicht die Million bei Stefan Raab\u201c schwache Einschaltquoten f\u00fcr RTL und auch der neue Anlauf seit Herbst tat sich schwer: \u201eDie Stefan Raab Show\u201c blieb bislang hinter den Erwartungen zur\u00fcck, erreichte selten mehr als 700.000 Zuschauerinnen und Zuschauer. Zur Primetime um 20.15 Uhr zu wenig f\u00fcr RTL, wo au\u00dferdem \u00fcber die Monate auch das Nachfolgeprogramm \u201eStern TV\u201c in Mitleidenschaft gezogen wurde.<\/p>\n<p>&#13;<\/p>\n<p>Daher ist der Wechsel in LateNight im Grunde nicht \u00fcberraschend.\u00a0Der Timeslot passt ohnehin zum Setup der Sendung. Ob die \u201eStefan Raab Show\u201c nicht ein Programm sei, das man fr\u00fcher am sp\u00e4teren Abend gesendet h\u00e4tte? Produzent Daniel Rosemann <a href=\"https:\/\/www.dwdl.de\/interviews\/104512\/wir_sind_weder_nur_die_showbude_von_stefan_raab_noch_eine_rtltochter\/\" rel=\"nofollow noopener\" target=\"_blank\">erkl\u00e4rte dazu im DWDL.de-Interview Mitte November<\/a> noch: \u201eIch verstehe, was Sie meinen. Aber ich lasse das f\u00fcr uns nicht durchgehen. Das w\u00fcrde bedeuten, dass wenn man mit weniger Konkurrenz und kleinerem Markt laufen w\u00fcrde, alles gut w\u00e4re.\u201c In der Tat: Ein Selbstl\u00e4ufer wird es durch den neuen Sendeplatz nicht automatisch.<\/p>\n<p>&#13;<br \/>\n&#13;<\/p>\n<p>Wie RTL k\u00fcnftig nun den Mittwochabend bespielen wird, d\u00fcrfte sich wohl im Laufe des Freitages kl\u00e4ren. Die &#8222;Bild&#8220;-Zeitung berichtet auch schon in ihrer Freitagausgabe \u00fcber die \u00c4nderungen bei der &#8222;Stefan Raab Show&#8220; und will dar\u00fcber hinaus noch erfahren haben, dass in K\u00fcrze auch alte &#8222;TV Total&#8220;-Folgen und &#8222;Schlag den Raab&#8220;-Sendungen bei RTL+ ver\u00f6ffentlicht werden. Die Rechte daran hatte Raab bei der Trennung von Banijay offenbar mitgenommen.<\/p>\n<p>&#13;<\/p>\n<p>Wie intensiv das alte Material nun genutzt werden wird, bleibt abzuwarten. Eine interessante Stichelei in Richtung ProSieben ist es in jedem Fall.<\/p>\n","protected":false},"excerpt":{"rendered":"In den letzten drei Minuten der \u201eHalben Stunde nach der Stunde danach\u201c zwischen der Werbepause und dem \u201eNachtjournal\u201c&hellip;\n","protected":false},"author":2,"featured_media":757236,"comment_status":"","ping_status":"","sticky":false,"template":"","format":"standard","meta":{"footnotes":"","_share_on_mastodon":"0"},"categories":[1773],"tags":[29,214,30,471,1780,215],"class_list":["post-757235","post","type-post","status-publish","format-standard","has-post-thumbnail","category-serien","tag-deutschland","tag-entertainment","tag-germany","tag-serien","tag-series","tag-unterhaltung"],"share_on_mastodon":{"url":"https:\/\/pubeurope.com\/@de\/115981434440355413","error":""},"_links":{"self":[{"href":"https:\/\/www.europesays.com\/de\/wp-json\/wp\/v2\/posts\/757235","targetHints":{"allow":["GET"]}}],"collection":[{"href":"https:\/\/www.europesays.com\/de\/wp-json\/wp\/v2\/posts"}],"about":[{"href":"https:\/\/www.europesays.com\/de\/wp-json\/wp\/v2\/types\/post"}],"author":[{"embeddable":true,"href":"https:\/\/www.europesays.com\/de\/wp-json\/wp\/v2\/users\/2"}],"replies":[{"embeddable":true,"href":"https:\/\/www.europesays.com\/de\/wp-json\/wp\/v2\/comments?post=757235"}],"version-history":[{"count":0,"href":"https:\/\/www.europesays.com\/de\/wp-json\/wp\/v2\/posts\/757235\/revisions"}],"wp:featuredmedia":[{"embeddable":true,"href":"https:\/\/www.europesays.com\/de\/wp-json\/wp\/v2\/media\/757236"}],"wp:attachment":[{"href":"https:\/\/www.europesays.com\/de\/wp-json\/wp\/v2\/media?parent=757235"}],"wp:term":[{"taxonomy":"category","embeddable":true,"href":"https:\/\/www.europesays.com\/de\/wp-json\/wp\/v2\/categories?post=757235"},{"taxonomy":"post_tag","embeddable":true,"href":"https:\/\/www.europesays.com\/de\/wp-json\/wp\/v2\/tags?post=757235"}],"curies":[{"name":"wp","href":"https:\/\/api.w.org\/{rel}","templated":true}]}}