{"id":757378,"date":"2026-01-30T02:40:11","date_gmt":"2026-01-30T02:40:11","guid":{"rendered":"https:\/\/www.europesays.com\/de\/757378\/"},"modified":"2026-01-30T02:40:11","modified_gmt":"2026-01-30T02:40:11","slug":"berlin-fashion-week-startet-mit-strengen-nachhaltigkeits-regeln","status":"publish","type":"post","link":"https:\/\/www.europesays.com\/de\/757378\/","title":{"rendered":"Berlin Fashion Week startet mit strengen Nachhaltigkeits-Regeln"},"content":{"rendered":"<p>Die Berlin Fashion Week f\u00fcr Herbst\/Winter 2026 hat heute begonnen. Bis zum 2. Februar setzt die Veranstaltung einen klaren Schwerpunkt auf <strong>verbindliche Nachhaltigkeit<\/strong> und Kreislaufwirtschaft. Damit will sich die deutsche Modewoche als glaubw\u00fcrdige Plattform f\u00fcr \u201eGreen Fashion\u201c etablieren.<\/p>\n<p>Organisiert vom Fashion Council Germany und dem Berliner Senat, geht es in diesem Jahr nicht nur um \u00e4sthetische Impulse. Das Programm ist voll mit Formaten, die konkrete L\u00f6sungen f\u00fcr die \u00f6kologischen und sozialen Herausforderungen der Branche suchen. Der Er\u00f6ffnungstag zeigt bereits, wie ernst es den Organisatoren damit ist.<\/p>\n<p>Ein zentraler Unterschied zu fr\u00fcheren Jahren: Die Nachhaltigkeitskriterien f\u00fcr teilnehmende Marken wurden versch\u00e4rft. Diese Saison beendet eine dreij\u00e4hrige Pilotphase. F\u00fcr die Gewinner des renommierten <strong>\u201eBerlin Contemporary\u201c<\/strong>-Wettbewerbs ist die Einhaltung \u00f6kologischer und sozialer Mindeststandards nun verpflichtend.<\/p>\n<p>Anzeige<\/p>\n<p>Modeunternehmen und Designer sollten jetzt pr\u00fcfen, ob ihre Lieferketten den neuen EU\u2011Anforderungen zur Vermeidung von Entwaldung entsprechen. Ein kostenloses E\u2011Book erkl\u00e4rt kompakt, welche Rohstoffe betroffen sind, wie Sie Lieferanten effektiv pr\u00fcfen und welche Nachweise ben\u00f6tigt werden. Mit der praktischen Checkliste erkennen Sie schnell, ob Ihre Kollektion konform ist \u2014 ideal f\u00fcr Labels, die Kreislaufwirtschaft und Transparenz ernst nehmen. <strong><a href=\"https:\/\/www.zoll-und-export-aktuell.de\/ebooks\/entwaldungsverordnung-eu\/?af=KOOP_MFW_LOG_DNV_YES_ENTWALDUNGSVERORDNUNG-EU_X-CWAHN-BGPID_734509\" rel=\"noopener nofollow\" style=\"color: #337ab7 !important; font-weight: bold; text-decoration: underline;\" target=\"_blank\">Jetzt kostenlosen Entwaldungs-Check herunterladen<\/a><\/strong><\/p>\n<p>Die 19 gef\u00f6rderten Designer erhalten jeweils 25.000 Euro und r\u00fccken damit gezielt ins Rampenlicht. Sie m\u00fcssen kreative Exzellenz mit einem ernsthaften Bekenntnis zu nachhaltigen Praktiken verbinden. Diese Regeln sind in der \u201eBerlin Fashion Week Charter\u201c festgeschrieben, einem Wertekatalog f\u00fcr Fairness, Vielfalt und \u00f6kologische Verantwortung.<\/p>\n<p>Kreislaufwirtschaft im Fokus<\/p>\n<p>Der heutige Auftakt spiegelt die neue Agenda wider. Zu den Highlights geh\u00f6ren:<br \/>*   Der Launch des Whitepapers <strong>\u201eDON\u2019T CALL IT: CIRCULAR SOCIETY MALL\u201c<\/strong> im VORN \u2013 The Berlin Fashion Hub.<br \/>*   Die Veranstaltung <strong>\u201eFashion Beyond Waste by ZEROW\u201c<\/strong>, die Designern eine Plattothek bietet, die ausschlie\u00dflich mit Restbest\u00e4nden und recycelten Materialien arbeiten.<br \/>*   Die Diskussionsreihe <strong>\u201eMETAMORPHOSIS\u201c<\/strong>, bei der Experten \u00fcber den notwendigen Wandel in der Modeindustrie sprechen.<\/p>\n<p>Diese Formate zeigen: Die Berlin Fashion Week will mehr sein als eine reine Modeschau. Sie versteht sich zunehmend als Ort des Austauschs und der Wissensvermittlung f\u00fcr eine ressourcenschonende Zukunft.<\/p>\n<p>Talente f\u00f6rdern, Publikum einbeziehen<\/p>\n<p>Neben der Nachhaltigkeit bleibt die F\u00f6rderung junger Designer eine zentrale S\u00e4ule. Programme wie der Konzeptwettbewerb bieten finanzielle und mediale Unterst\u00fctzung f\u00fcr aufstrebende Kreative.<\/p>\n<p>Gleichzeitig \u00f6ffnet sich die Modewoche st\u00e4rker f\u00fcr die \u00d6ffentlichkeit. Die Initiative <strong>\u201eStudio2Retail\u201c<\/strong> unterst\u00fctzt sechs Berliner Labels mit je 5.000 Euro, um Veranstaltungen in ihren eigenen Gesch\u00e4ften zu realisieren. Pop-up-Stores und \u00f6ffentliche Ausstellungen in der ganzen Stadt sollen die Mode abseits der exklusiven Laufstege erlebbar machen.<\/p>\n<p>Berlins strategische Nische<\/p>\n<p>Mit dieser konsequenten Ausrichtung sucht Berlin seine Rolle im globalen Modegesch\u00e4ft. W\u00e4hrend Paris oder Mailand von Luxuskonzernen dominiert werden, hat sich die Hauptstadt als Plattform f\u00fcr kreativen und verantwortungsbewussten Nachwuchs positioniert.<\/p>\n<p>Die versch\u00e4rften Standards sind eine Antwort auf die wachsende Nachfrage der Konsumenten und regulatorische Vorgaben der EU. In den kommenden Tagen werden besonders die Kollektionen der \u201eBerlin Contemporary\u201c-Gewinner wie GmbH oder SF1OG beobachtet. Sie m\u00fcssen beweisen, wie sich kommerzieller Erfolg und nachhaltiger Anspruch vereinen lassen.<\/p>\n<p>Anzeige<\/p>\n<p>PS: Wenn Sie die Nachhaltigkeits-Compliance Ihrer Marke st\u00e4rken wollen, lohnt sich der Gratis\u2011Leitfaden zur EU\u2011Entwaldungsverordnung. Er enth\u00e4lt eine Schritt\u2011f\u00fcr\u2011Schritt\u2011Pr\u00fcfliste, Risikokategorien f\u00fcr Rohstoffe, Praxisempfehlungen f\u00fcr die Beschaffung und konkrete To\u2011dos f\u00fcr Designer und H\u00e4ndler. So vermeiden Sie Reputationsrisiken und unerwartete Auflagen in der Lieferkette. <strong><a href=\"https:\/\/www.zoll-und-export-aktuell.de\/ebooks\/entwaldungsverordnung-eu\/?af=KOOP_MFW_LOG_DNV_YES_ENTWALDUNGSVERORDNUNG-EU_X-CWAHN-BGPID_734509\" rel=\"noopener nofollow\" style=\"color: #337ab7 !important; font-weight: bold; text-decoration: underline;\" target=\"_blank\">Gratis\u2011Leitfaden zur Entwaldungsverordnung anfordern<\/a><\/strong><\/p>\n","protected":false},"excerpt":{"rendered":"Die Berlin Fashion Week f\u00fcr Herbst\/Winter 2026 hat heute begonnen. Bis zum 2. Februar setzt die Veranstaltung einen&hellip;\n","protected":false},"author":2,"featured_media":757379,"comment_status":"","ping_status":"","sticky":false,"template":"","format":"standard","meta":{"footnotes":"","_share_on_mastodon":"0"},"categories":[1825],"tags":[296,29,23883,30,172729,66552],"class_list":["post-757378","post","type-post","status-publish","format-standard","has-post-thumbnail","category-berlin","tag-berlin","tag-deutschland","tag-fashion","tag-germany","tag-nachhaltigkeits-regeln","tag-week"],"share_on_mastodon":{"url":"https:\/\/pubeurope.com\/@de\/115981741242673595","error":""},"_links":{"self":[{"href":"https:\/\/www.europesays.com\/de\/wp-json\/wp\/v2\/posts\/757378","targetHints":{"allow":["GET"]}}],"collection":[{"href":"https:\/\/www.europesays.com\/de\/wp-json\/wp\/v2\/posts"}],"about":[{"href":"https:\/\/www.europesays.com\/de\/wp-json\/wp\/v2\/types\/post"}],"author":[{"embeddable":true,"href":"https:\/\/www.europesays.com\/de\/wp-json\/wp\/v2\/users\/2"}],"replies":[{"embeddable":true,"href":"https:\/\/www.europesays.com\/de\/wp-json\/wp\/v2\/comments?post=757378"}],"version-history":[{"count":0,"href":"https:\/\/www.europesays.com\/de\/wp-json\/wp\/v2\/posts\/757378\/revisions"}],"wp:featuredmedia":[{"embeddable":true,"href":"https:\/\/www.europesays.com\/de\/wp-json\/wp\/v2\/media\/757379"}],"wp:attachment":[{"href":"https:\/\/www.europesays.com\/de\/wp-json\/wp\/v2\/media?parent=757378"}],"wp:term":[{"taxonomy":"category","embeddable":true,"href":"https:\/\/www.europesays.com\/de\/wp-json\/wp\/v2\/categories?post=757378"},{"taxonomy":"post_tag","embeddable":true,"href":"https:\/\/www.europesays.com\/de\/wp-json\/wp\/v2\/tags?post=757378"}],"curies":[{"name":"wp","href":"https:\/\/api.w.org\/{rel}","templated":true}]}}