{"id":757532,"date":"2026-01-30T04:12:17","date_gmt":"2026-01-30T04:12:17","guid":{"rendered":"https:\/\/www.europesays.com\/de\/757532\/"},"modified":"2026-01-30T04:12:17","modified_gmt":"2026-01-30T04:12:17","slug":"experten-warnen-vor-toedlichem-risiko-bei-nasa-mondmission-5","status":"publish","type":"post","link":"https:\/\/www.europesays.com\/de\/757532\/","title":{"rendered":"Experten warnen vor t\u00f6dlichem Risiko bei NASA-Mondmission"},"content":{"rendered":"<ol class=\"id-DonaldBreadcrumb lp_west_breadcrumb id-DonaldBreadcrumb--default\" data-k5a-pos=\"west_breadcrumb\">\n<li class=\"id-Breadcrumb-item\"><a href=\"https:\/\/www.merkur.de\/\" class=\"id-Breadcrumb-link\" data-id-ec=\"{\" shn=\"\" textlink=\"\" data-k5a-pos=\"1_startseite\" rel=\"nofollow noopener\" target=\"_blank\">Startseite<\/a><\/li>\n<li class=\"id-Breadcrumb-item\"><a href=\"https:\/\/www.merkur.de\/wissen\/\" class=\"id-Breadcrumb-link\" data-id-ec=\"{\" shn=\"\" textlink=\"\" data-k5a-pos=\"2_wissen\" rel=\"nofollow noopener\" target=\"_blank\">Wissen<\/a><\/li>\n<\/ol>\n<p class=\"id-Story-timestamp id-Story-timestamp--default\">Stand: 30.01.2026, 04:48 Uhr<\/p>\n<p class=\"id-Story-authors id-Story-authors--default\">Von: <a class=\"id-Story-authors-link lp_west_author\" href=\"https:\/\/www.merkur.de\/autor\/tanja-banner-74r0oap5i.html\" title=\"Zur Autorenseite von Tanja Banner\" data-id-ec=\"{\" shn=\"\" author-link=\"\" banner=\"\" data-k5a-pos=\"west_author\" rel=\"nofollow noopener\" target=\"_blank\">Tanja Banner<\/a><\/p>\n<p class=\"id-Story-interactionBar id-Story-interactionBar--default\">DruckenTeilen<\/p>\n<p class=\"id-StoryElement-leadText\">Der Countdown f\u00fcr die erste bemannte Mondmission seit Apollo l\u00e4uft, doch Fachleute warnen: Der defekte Hitzeschild k\u00f6nnte die Astronauten das Leben kosten.<\/p>\n<p class=\"id-StoryElement-paragraph\">Kennedy Space Center \u2013 Die bevorstehende Mondmission Artemis 2 der <a href=\"https:\/\/www.merkur.de\/wissen\/nasa-raumfahrt-weltraum-usa-iss-raumfahrtbehoerde-92423782.html\" class=\"id-import-Link\" data-id-ec=\"{&quot;sht&quot;:&quot;Container&quot;,&quot;shn&quot;:&quot;Story&quot;,&quot;p&quot;:{&quot;containerType&quot;:&quot;Paragraph&quot;,&quot;displayType&quot;:&quot;Paragraph InlineLink&quot;,&quot;type&quot;:&quot;INLINE_LINK&quot;,&quot;value&quot;:&quot;NASA&quot;,&quot;variant&quot;:&quot;standardLink&quot;,&quot;sponsored&quot;:false,&quot;linkHref&quot;:&quot;https:\/\/www.merkur.de\/wissen\/nasa-raumfahrt-weltraum-usa-iss-raumfahrtbehoerde-92423782.html&quot;,&quot;storyElementPosition&quot;:8,&quot;storyElementCount&quot;:37}}\" rel=\"nofollow noopener\" target=\"_blank\">NASA<\/a> wird von ernsthaften Sicherheitsbedenken \u00fcberschattet. Wenn die vier Astronauten fr\u00fchestens am 6. Februar zur ersten bemannten Mondumrundung seit \u00fcber 50 Jahren aufbrechen, werden sie mit einem Raumschiff reisen, dessen Hitzeschild bei einem Testflug gravierende Schw\u00e4chen offenbart hat. Diese technische Ungewissheit hat in der Raumfahrtgemeinschaft eine heftige Debatte ausgel\u00f6st.<\/p>\n<p><img decoding=\"async\" class=\"id-RatioPlaceholder-element wv_story_el_image\" src=\"https:\/\/www.europesays.com\/de\/wp-content\/uploads\/2026\/01\/41267924-die-rakete-fuer-die-artemis-mission-steht-bereit-oben-auf-der-spitze-die-orion-raumkapsel-m.jpeg\" loading=\"lazy\"   height=\"880\" width=\"1100\" alt=\"Die Rakete f&#xFC;r die &#x201E;Artemis 2&#x201C;-Mission steht bereit. Oben auf der Spitze: Die Orion-Raumkapsel mit dem Hitzeschild, der nach Ansicht mancher Fachleute ein Problem darstellen k&#xF6;nnte. \"\/>Die Rakete f\u00fcr die \u201eArtemis 2\u201c-Mission steht bereit. Oben auf der Spitze: Die Orion-Raumkapsel mit dem Hitzeschild, der nach Ansicht mancher Fachleute ein Problem darstellen k\u00f6nnte.  \u00a9\u00a0IMAGO\/JOE MARINO<\/p>\n<p class=\"id-StoryElement-paragraph\">Bei der unbemannten Artemis-1-Mission, die 2022 um den <a href=\"https:\/\/www.merkur.de\/wissen\/mond-vollmond-erdtrabant-neumond-mondphase-satellit-erde-astronomie-raumfahrt-92435301.html\" class=\"id-import-Link\" data-id-ec=\"{&quot;sht&quot;:&quot;Container&quot;,&quot;shn&quot;:&quot;Story&quot;,&quot;p&quot;:{&quot;containerType&quot;:&quot;Paragraph&quot;,&quot;displayType&quot;:&quot;Paragraph InlineLink&quot;,&quot;type&quot;:&quot;INLINE_LINK&quot;,&quot;value&quot;:&quot;Mond&quot;,&quot;variant&quot;:&quot;standardLink&quot;,&quot;sponsored&quot;:false,&quot;linkHref&quot;:&quot;https:\/\/www.merkur.de\/wissen\/mond-vollmond-erdtrabant-neumond-mondphase-satellit-erde-astronomie-raumfahrt-92435301.html&quot;,&quot;storyElementPosition&quot;:11,&quot;storyElementCount&quot;:37}}\" rel=\"nofollow noopener\" target=\"_blank\">Mond<\/a> flog, entdeckten Ingenieure nach der R\u00fcckkehr zur Erde erhebliche Besch\u00e4digungen am Hitzeschild der Orion-Kapsel. Statt wie vorgesehen gleichm\u00e4\u00dfig abzutragen, hatte das sch\u00fctzende Avcoat-Material gr\u00f6\u00dfere Fragmente verloren und tiefe Furchen hinterlassen. Bemerkenswert ist, dass die NASA diese Informationen erst anderthalb Jahre nach der Mission vollst\u00e4ndig offenlegte.<\/p>\n<p>NASA hat Design des Hitzeschilds ge\u00e4ndert \u2013 das macht Fachleuten Sorgen<\/p>\n<p class=\"id-StoryElement-paragraph\">Der Kern des Problems liegt in einer fundamentalen Design\u00e4nderung. Im Gegensatz zur wabenartigen Struktur der Apollo-\u00c4ra entschied sich die NASA 2015 f\u00fcr eine Blockbauweise des Hitzeschilds. Diese Konstruktion erwies sich jedoch als problematisch: Das Material war nicht ausreichend gasdurchl\u00e4ssig. Die monatelange Untersuchung nach der Landung von Artemis 1 ergab, dass sich beim Wiedereintritt Gase im Inneren des Schildes ansammelten, was zum Abplatzen von Material und zur Bildung von Rissen f\u00fchrte.<\/p>\n<p class=\"id-StoryElement-paragraph\">Anstatt den bereits installierten Hitzeschild f\u00fcr Artemis 2 auszutauschen, hat die NASA eine alternative Strategie entwickelt. Die Raumkapsel soll nun auf einer modifizierten Flugbahn mit steilerem Winkel in die Erdatmosph\u00e4re eintreten. Dadurch soll die Zeit maximaler Hitzebelastung verk\u00fcrzt und weiterer Materialverlust minimiert werden. Diese <a href=\"https:\/\/www.merkur.de\/wissen\/mondlandung-muss-warten-artemis-missionen-der-nasa-von-technischen-problemen-geplagt-93453682.html\" class=\"id-import-Link\" data-id-ec=\"{&quot;sht&quot;:&quot;Container&quot;,&quot;shn&quot;:&quot;Story&quot;,&quot;p&quot;:{&quot;containerType&quot;:&quot;Paragraph&quot;,&quot;displayType&quot;:&quot;Paragraph InlineLink&quot;,&quot;type&quot;:&quot;INLINE_LINK&quot;,&quot;value&quot;:&quot;Entscheidung hat den Starttermin bereits nach hinten verschoben&quot;,&quot;variant&quot;:&quot;standardLink&quot;,&quot;sponsored&quot;:false,&quot;linkHref&quot;:&quot;https:\/\/www.merkur.de\/wissen\/mondlandung-muss-warten-artemis-missionen-der-nasa-von-technischen-problemen-geplagt-93453682.html&quot;,&quot;storyElementPosition&quot;:15,&quot;storyElementCount&quot;:37}}\" rel=\"nofollow noopener\" target=\"_blank\">Entscheidung hat den Starttermin bereits nach hinten verschoben<\/a>.<\/p>\n<p>\u201eSpace Launch System\u201c der Nasa: So ist die Mond-Rakete SLS aufgebaut<img decoding=\"async\" class=\"id-RatioPlaceholder-element wv_story_el_interstitialImage\" src=\"https:\/\/www.europesays.com\/de\/wp-content\/uploads\/2026\/01\/29805152-die-neue-rakete-space-launch-system-sls-soll-fuer-die-us-raumfahrtorganisation-nasa-zum-mon.jpeg\" loading=\"lazy\"   height=\"2880\" width=\"4846\" alt=\"Die neue Rakete &#x201E;Space Launch System&#x201C; (SLS) soll f&#xFC;r die US-Raumfahrtorganisation Nasa zum Mond fliegen. Geplant ist, dass sie in Zukunft Menschen zum Erdtrabanten bef&#xF6;rdert. Doch noch steht der Jungfernflug aus. Wie die Nasa-Mond-Rakete aufgebaut ist.\"\/><a href=\"https:\/\/www.merkur.de\/wissen\/space-launch-system-nasa-mond-rakete-sls-aufbau-artemis-mission-zr-91778603.html\" class=\"id-StoryElement-intestitialLink-link\" data-id-ec=\"{\" shn=\"\" ansehen=\"\" data-k5a-pos=\"west_story_16_photoGalleryLink\" title=\"Zur Fotostrecke: &#x201E;Space Launch System&#x201C; der Nasa: So ist die Mond-Rakete SLS aufgebaut\" rel=\"nofollow noopener\" target=\"_blank\">Fotostrecke ansehen<\/a>\u201eWas sie vorhaben, ist verr\u00fcckt\u201c, sagt ein ehemaliger NASA-Astronaut<\/p>\n<p class=\"id-StoryElement-paragraph\">Die Expertenmeinungen zu dieser Herangehensweise k\u00f6nnten unterschiedlicher kaum sein. Dr. Charlie Camarda, ehemaliger NASA-Astronaut und Hitzeschild-Experte, findet <a href=\"https:\/\/edition.cnn.com\/2026\/01\/23\/science\/artemis-2-orion-capsule-heat-shield\/\" rel=\"nofollow noopener\" target=\"_blank\" class=\"id-import-Link id-pageApi-Link--externalDomain\" data-id-ec=\"{&quot;sht&quot;:&quot;Container&quot;,&quot;shn&quot;:&quot;Story&quot;,&quot;p&quot;:{&quot;containerType&quot;:&quot;Paragraph&quot;,&quot;displayType&quot;:&quot;Paragraph InlineLink&quot;,&quot;type&quot;:&quot;INLINE_LINK&quot;,&quot;value&quot;:&quot;bei CNN&quot;,&quot;variant&quot;:&quot;standardLink&quot;,&quot;sponsored&quot;:false,&quot;linkHref&quot;:&quot;https:\/\/edition.cnn.com\/2026\/01\/23\/science\/artemis-2-orion-capsule-heat-shield\/&quot;,&quot;storyElementPosition&quot;:19,&quot;storyElementCount&quot;:37}}\">bei CNN<\/a> deutliche Worte: \u201eWas sie vorhaben, ist verr\u00fcckt.\u201c Camarda, der <a href=\"https:\/\/www.merkur.de\/welt\/erster-shuttlestart-nach-columbiatragoedie-206248.html\" class=\"id-import-Link\" data-id-ec=\"{&quot;sht&quot;:&quot;Container&quot;,&quot;shn&quot;:&quot;Story&quot;,&quot;p&quot;:{&quot;containerType&quot;:&quot;Paragraph&quot;,&quot;displayType&quot;:&quot;Paragraph InlineLink&quot;,&quot;type&quot;:&quot;INLINE_LINK&quot;,&quot;value&quot;:&quot;nach der Columbia-Katastrophe 2003&quot;,&quot;variant&quot;:&quot;standardLink&quot;,&quot;sponsored&quot;:false,&quot;linkHref&quot;:&quot;https:\/\/www.merkur.de\/welt\/erster-shuttlestart-nach-columbiatragoedie-206248.html&quot;,&quot;storyElementPosition&quot;:19,&quot;storyElementCount&quot;:37}}\" rel=\"nofollow noopener\" target=\"_blank\">nach der Columbia-Katastrophe 2003<\/a> selbst ins All flog, geh\u00f6rt zu einer Gruppe fr\u00fcherer NASA-Mitarbeiter, die versuchten, die F\u00fchrungsebene vor den Risiken zu warnen.<\/p>\n<p class=\"id-StoryElement-paragraph\">Dr. Dan Rasky, ein weiterer Spezialist f\u00fcr Wiedereintrittstechnologien mit \u00fcber drei Jahrzehnten NASA-Erfahrung, teilt diese Bedenken: \u201eDer Grund, warum dies so wichtig ist, liegt darin, dass man sich bei einer Abplatzung des Hitzeschilds \u2013 oder wenn gro\u00dfe Teile davon abbrechen \u2013, selbst wenn das Vehikel nicht zerst\u00f6rt wird, nun unmittelbar vor einem beginnenden Ausfall befindet.\u201c Er vergleicht die Situation mit einem gef\u00e4hrlichen Balanceakt: \u201eEs ist, als ob man am Rand einer Klippe an einem nebligen Tag steht.\u201c Rasky ist \u00fcberzeugt, dass die NASA keine Besatzung mit diesem Hitzeschild fliegen lassen sollte.<\/p>\n<p>Experte sicher: \u201eWird der Hitzeschild Risse bekommen? Ja, er wird Risse bekommen\u201c<\/p>\n<p class=\"id-StoryElement-paragraph\">Auf der anderen Seite steht Dr. Danny Olivas, der nach intensiven Gespr\u00e4chen im NASA-Hauptquartier Anfang Januar zu einem anderen Schluss gekommen ist. \u201eIch vertraue diesen Ingenieuren nachdr\u00fccklich und den Programmmanagern, die sie leiten\u201c, erkl\u00e4rt der ehemalige Astronaut, der an der Untersuchung des besch\u00e4digten Hitzeschilds beteiligt war. Gleichzeitig r\u00e4umt er ein: \u201eWird der Hitzeschild Risse bekommen? Ja, er wird Risse bekommen.\u201c Auch Dr. Steve Scotti vom NASA Langley Research Center zeigt sich optimistisch: \u201eIch habe keine starken Bef\u00fcrchtungen, dass die Crew in Gefahr ist.\u201c<\/p>\n<p class=\"id-StoryElement-paragraph\">Die aktuelle Kontroverse weckt schmerzhafte Erinnerungen an fr\u00fchere NASA-Katastrophen. Sowohl beim Ungl\u00fcck der Columbia 2003 als auch bei der <a href=\"https:\/\/www.merkur.de\/politik\/challengertragoedie-ich-bereit-gehen-190684.html\" class=\"id-import-Link\" data-id-ec=\"{&quot;sht&quot;:&quot;Container&quot;,&quot;shn&quot;:&quot;Story&quot;,&quot;p&quot;:{&quot;containerType&quot;:&quot;Paragraph&quot;,&quot;displayType&quot;:&quot;Paragraph InlineLink&quot;,&quot;type&quot;:&quot;INLINE_LINK&quot;,&quot;value&quot;:&quot;Challenger-Explosion 1986 kamen jeweils sieben Astronauten ums Leben&quot;,&quot;variant&quot;:&quot;standardLink&quot;,&quot;sponsored&quot;:false,&quot;linkHref&quot;:&quot;https:\/\/www.merkur.de\/politik\/challengertragoedie-ich-bereit-gehen-190684.html&quot;,&quot;storyElementPosition&quot;:26,&quot;storyElementCount&quot;:37}}\" rel=\"nofollow noopener\" target=\"_blank\">Challenger-Explosion 1986 kamen jeweils sieben Astronauten ums Leben<\/a>. Besonders alarmierend: Die NASA hatte die Wahrscheinlichkeit eines t\u00f6dlichen Shuttle-Unfalls urspr\u00fcnglich auf 1:100.000 gesch\u00e4tzt. Die traurige Realit\u00e4t nach 135 Missionen: zwei Katastrophen mit 14 Toten \u2013 ein Verh\u00e4ltnis von 1:67,5, wie Camarda betont.<\/p>\n<p><img decoding=\"async\" class=\"id-RatioPlaceholder-element wv_story_el_image\" src=\"https:\/\/www.europesays.com\/de\/wp-content\/uploads\/2026\/01\/41267930-die-orion-kapsel-nach-der-mission-artemis-die-kapsel-sieht-nach-dem-wiedereintritt-in-die-e.jpeg\" loading=\"lazy\"   height=\"746\" width=\"1100\" alt=\"Die Orion-Kapsel nach der Mission &#x201E;Artemis 1&#x201C;. Die Kapsel sieht nach dem Wiedereintritt in die Erdatmosph&#xE4;re deutlich mitgenommen aus. (Archivbild)\"\/>Die Orion-Kapsel nach der Mission \u201eArtemis 1\u201c. Die Kapsel sieht nach dem Wiedereintritt in die Erdatmosph\u00e4re deutlich mitgenommen aus. (Archivbild) \u00a9\u00a0IMAGO\/Mario TamaNASA-Chef ist \u00fcberzeugt vom Hitzeschild: \u201eHaben volles Vertrauen\u201c<\/p>\n<p class=\"id-StoryElement-paragraph\">\u201eIch denke, es ist berechtigt, zu hinterfragen, was bei der NASA passiert\u201c, gibt Olivas zu bedenken, \u201edenn unsere Geschichte ist nicht perfekt.\u201c NASA-Administrator Jared Isaacman, der k\u00fcrzlich ein Treffen einberief, um kritische Stimmen anzuh\u00f6ren, bekr\u00e4ftigt dennoch: \u201eWir haben volles Vertrauen in das Raumschiff Orion und seinen Hitzeschild, basierend auf strengen Analysen und der Arbeit au\u00dfergew\u00f6hnlicher Ingenieure, die die Daten w\u00e4hrend des gesamten Prozesses verfolgt haben.\u201c<\/p>\n<p class=\"id-StoryElement-paragraph\">F\u00fcr kommende Artemis-Missionen plant die NASA bereits verbesserte Hitzeschild-Technologien. Bei einer Pressekonferenz im Dezember 2024 k\u00fcndigten Verantwortliche an, die Produktionstechnik zu optimieren, um durchl\u00e4ssigere Schilde herzustellen.<\/p>\n<p><img decoding=\"async\" class=\"id-RatioPlaceholder-element wv_story_el_image\" src=\"https:\/\/www.europesays.com\/de\/wp-content\/uploads\/2026\/01\/41267929-nasa-personal-arbeitet-am-hitzeschild-der-orion-kapsel-archivbild-RqBG.jpg\" loading=\"lazy\"   height=\"733\" width=\"1100\" alt=\"NASA-Personal arbeitet am Hitzeschild der Orion-Kapsel. (Archivbild)\"\/>NASA-Personal arbeitet am Hitzeschild der Orion-Kapsel. (Archivbild) \u00a9\u00a0imago images\/ZUMA Wire\/NASAArtemis-2-Crew vertraut der NASA-Mission, die sie zum Mond bringen soll<\/p>\n<p class=\"id-StoryElement-paragraph\">Die Artemis-2-Crew \u2013 Reid Wiseman, Victor Glover, Christina Koch und der Kanadier Jeremy Hansen \u2013 hat \u00f6ffentlich ihr Vertrauen in die Mission bekundet. Kommandant Wiseman erkl\u00e4rte im Juli: \u201eWenn wir uns an den neuen Wiedereintritts-Pfad halten, den die NASA geplant hat, dann wird dieser Hitzeschild sicher zu fliegen sein.\u201c<\/p>\n<p class=\"id-StoryElement-paragraph\">Mitte Januar wurde die gewaltige SLS-Rakete mit dem Orion-Raumschiff zum Startplatz transportiert. Nach einer f\u00fcr Ende Januar geplanten Generalprobe steht die finale Flugbereitschaftspr\u00fcfung an, bei der die NASA-F\u00fchrung \u00fcber die Startfreigabe entscheidet. Die vierk\u00f6pfige Crew hat sich bereits in Quarant\u00e4ne begeben \u2013 der <a href=\"https:\/\/www.merkur.de\/wissen\/nasa-mond-mission-artemis-2-start-termine-liste-mondlandung-sls-orion-kapsel-zr-94120844.html\" class=\"id-import-Link\" data-id-ec=\"{&quot;sht&quot;:&quot;Container&quot;,&quot;shn&quot;:&quot;Story&quot;,&quot;p&quot;:{&quot;containerType&quot;:&quot;Paragraph&quot;,&quot;displayType&quot;:&quot;Paragraph InlineLink&quot;,&quot;type&quot;:&quot;INLINE_LINK&quot;,&quot;value&quot;:&quot;erste potenzielle Starttermin&quot;,&quot;variant&quot;:&quot;standardLink&quot;,&quot;sponsored&quot;:false,&quot;linkHref&quot;:&quot;https:\/\/www.merkur.de\/wissen\/nasa-mond-mission-artemis-2-start-termine-liste-mondlandung-sls-orion-kapsel-zr-94120844.html&quot;,&quot;storyElementPosition&quot;:36,&quot;storyElementCount&quot;:37}}\" rel=\"nofollow noopener\" target=\"_blank\">erste potenzielle Starttermin<\/a> r\u00fcckt unaufhaltsam n\u00e4her. (Quellen: CNN, eigene Recherche) (tab)<\/p>\n<p class=\"id-StoryElement-paragraph\">Haben Sie eine Meinung zu diesem Artikel oder \u00e4hnliche Erfahrungen gemacht? Haben Sie Fehler entdeckt? Schreiben Sie direkt an unsere Autorin\/unseren Autor.<\/p>\n","protected":false},"excerpt":{"rendered":"Startseite Wissen Stand: 30.01.2026, 04:48 Uhr Von: Tanja Banner DruckenTeilen Der Countdown f\u00fcr die erste bemannte Mondmission seit&hellip;\n","protected":false},"author":2,"featured_media":750732,"comment_status":"","ping_status":"","sticky":false,"template":"","format":"standard","meta":{"footnotes":"","_share_on_mastodon":"0"},"categories":[135],"tags":[29,30,190,189,194,191,193,192],"class_list":["post-757532","post","type-post","status-publish","format-standard","has-post-thumbnail","category-wissenschaft-technik","tag-deutschland","tag-germany","tag-science","tag-science-technology","tag-technik","tag-technology","tag-wissenschaft","tag-wissenschaft-technik"],"share_on_mastodon":{"url":"https:\/\/pubeurope.com\/@de\/115982103260783242","error":""},"_links":{"self":[{"href":"https:\/\/www.europesays.com\/de\/wp-json\/wp\/v2\/posts\/757532","targetHints":{"allow":["GET"]}}],"collection":[{"href":"https:\/\/www.europesays.com\/de\/wp-json\/wp\/v2\/posts"}],"about":[{"href":"https:\/\/www.europesays.com\/de\/wp-json\/wp\/v2\/types\/post"}],"author":[{"embeddable":true,"href":"https:\/\/www.europesays.com\/de\/wp-json\/wp\/v2\/users\/2"}],"replies":[{"embeddable":true,"href":"https:\/\/www.europesays.com\/de\/wp-json\/wp\/v2\/comments?post=757532"}],"version-history":[{"count":0,"href":"https:\/\/www.europesays.com\/de\/wp-json\/wp\/v2\/posts\/757532\/revisions"}],"wp:featuredmedia":[{"embeddable":true,"href":"https:\/\/www.europesays.com\/de\/wp-json\/wp\/v2\/media\/750732"}],"wp:attachment":[{"href":"https:\/\/www.europesays.com\/de\/wp-json\/wp\/v2\/media?parent=757532"}],"wp:term":[{"taxonomy":"category","embeddable":true,"href":"https:\/\/www.europesays.com\/de\/wp-json\/wp\/v2\/categories?post=757532"},{"taxonomy":"post_tag","embeddable":true,"href":"https:\/\/www.europesays.com\/de\/wp-json\/wp\/v2\/tags?post=757532"}],"curies":[{"name":"wp","href":"https:\/\/api.w.org\/{rel}","templated":true}]}}