{"id":757594,"date":"2026-01-30T04:46:20","date_gmt":"2026-01-30T04:46:20","guid":{"rendered":"https:\/\/www.europesays.com\/de\/757594\/"},"modified":"2026-01-30T04:46:20","modified_gmt":"2026-01-30T04:46:20","slug":"invasion-der-seidenschwaenze-seltene-wintergaeste-erobern-deutschland-3","status":"publish","type":"post","link":"https:\/\/www.europesays.com\/de\/757594\/","title":{"rendered":"&#8222;Invasion&#8220; der Seidenschw\u00e4nze: Seltene Winterg\u00e4ste erobern Deutschland"},"content":{"rendered":"<p>        &#8222;Invasion&#8220; der Seidenschw\u00e4nze: Seltene Winterg\u00e4ste erobern Deutschland | ndr.de<\/p>\n<p>    <a id=\"anchor-content\"\/><\/p>\n<p>\n                Stand: 29.01.2026 10:19 Uhr<\/p>\n<p class=\"preface\">Im Landkreis Celle ist eine Gruppe von Seidenschw\u00e4nzen beobachtet worden. Experten werten das als au\u00dfergew\u00f6hnliches Naturph\u00e4nomen. Normalerweise leben die V\u00f6gel in der russischen Tundra und anderen nordischen Regionen.<\/p>\n<p class=\"textauthor\">von Anja Schlegel<\/p>\n<p class=\"\">Wenn Seidenschw\u00e4nze in ihren n\u00f6rdlichen Heimatgebieten nicht gen\u00fcgend Nahrung finden, weichen sie jedoch nach Mitteleuropa aus. Sie treten dann in gro\u00dfer Zahl auf &#8211; Fachleute sprechen von sogenannten Invasionsjahren. In solchen Wintern k\u00f6nnen Tausende Tiere bis nach Deutschland ziehen.<\/p>\n<p>    Beeren stehen auf dem Speiseplan<\/p>\n<p class=\"\">Die farbenpr\u00e4chtigen und vergleichsweise zutraulichen V\u00f6gel sind meist in kleinen Trupps unterwegs. Besonders gern halten sie sich in Str\u00e4uchern und B\u00e4umen auf, an denen noch Beeren oder Knospen zu finden sind. Ihren Namen verdanken Seidenschw\u00e4nze ihrem auffallend weichen, seidigen Gefieder.<\/p>\n<p>    Seidenschwanz galt als &#8222;Pestvogel&#8220;<\/p>\n<p class=\"\">Im Mittelalter konnten sich die Menschen das pl\u00f6tzliche Auftreten der fremden V\u00f6gel nicht erkl\u00e4ren. Der Seidenschwanz galt damals als sogenannter &#8222;Pestvogel&#8220; und wurde als Ungl\u00fccksbringer gef\u00fcrchtet &#8211; man sah in ihm einen Vorboten von Kriegen, Hungersn\u00f6ten und schweren Krankheiten.<\/p>\n<p>    \u00c4pfel helfen, den Winter zu \u00fcberstehen<\/p>\n<p class=\"\">Heute wei\u00df man, dass Nahrungsmangel der Hauptgrund f\u00fcr die Wanderbewegungen ist. Bevorzugt fressen Seidenschw\u00e4nze Beeren, wie sie derzeit noch an Sanddorn, Wei\u00dfdorn, Eberesche oder Liguster zu finden sind. Auch Obst, etwa \u00c4pfel, hilft den V\u00f6geln dabei, den Winter zu \u00fcberstehen.<\/p>\n<p>    Ruf klingt wie ein langgezogenes &#8222;Sirrrr&#8220;<\/p>\n<p class=\"\">Akustisch machen sich Seidenschw\u00e4nze durch einen hohen, feinen und glocken\u00e4hnlichen Gesang bemerkbar. Ihr klarer, gl\u00e4serner Ruf klingt wie ein langgezogenes &#8222;Sirrrr&#8220; und erinnert an das Klingeln eines Schl\u00fcsselbundes. Bei Gefahr warnen sich die Tiere zudem mit lautem Schnabelklappern.<\/p>\n<p>        <img decoding=\"async\" src=\"https:\/\/www.europesays.com\/de\/wp-content\/uploads\/2026\/01\/amsel176.webp.webp\" alt=\"Eine Amsel sitzt auf einem Baum und frisst Beeren.\" title=\"Eine Amsel sitzt auf einem Baum und frisst Beeren. | NABU\/Stunde der Winterv\u00f6gel 2019 , Mike Lane\" class=\"responsive\" loading=\"lazy\"\/><\/p>\n<p>Bilderstrecke<\/p>\n<p>Klein oder gro\u00df, bunt oder schwarz-wei\u00df: Viele V\u00f6gel hat man schon oft gesehen. Aber um welche Art handelt es sich?<\/p>\n<p>        <img decoding=\"async\" src=\"https:\/\/www.europesays.com\/de\/wp-content\/uploads\/2026\/01\/eichelhaeher108.webp.webp\" alt=\"Ein Eichelh\u00e4her sitzt in einem schneebedeckten Vogelhaus.\" title=\"Ein Eichelh\u00e4her sitzt in einem schneebedeckten Vogelhaus. | imago images\/blickwinkel\" class=\"responsive\" loading=\"lazy\"\/><\/p>\n<p>Bei der Aktion des NABU haben mehr Menschen mitgemacht als im Vorjahr. Doch noch nie wurden so wenige V\u00f6gel gez\u00e4hlt.<\/p>\n<p>        <img decoding=\"async\" src=\"https:\/\/www.europesays.com\/de\/wp-content\/uploads\/2026\/01\/braunschweig-176.webp.webp\" alt=\"Das Landgericht Braunschweig.\" title=\"Das Landgericht Braunschweig. | Julius Matuschik\" class=\"responsive\" loading=\"lazy\"\/><\/p>\n<p>Das Landgericht Braunschweig hatte die Frau im Jahr 2022 verurteilt. Inzwischen hat sie ihr Gest\u00e4ndnis aber widerrufen.<\/p>\n<p>        <img decoding=\"async\" src=\"https:\/\/www.europesays.com\/de\/wp-content\/uploads\/2026\/01\/afdlogo100.webp.webp\" alt=\"Parteilogo der AfD\" title=\"Parteilogo der AfD | picture alliance\/dpa, Carsten Koall\" class=\"responsive\" loading=\"lazy\"\/><\/p>\n<p>Der Vorsto\u00df sorgt bei Parteien und Polizisten in Niedersachsen f\u00fcr Entsetzen. Die AfD im Landtag vermeidet Kritik an der Idee.<\/p>\n<p>        <img decoding=\"async\" src=\"https:\/\/www.europesays.com\/de\/wp-content\/uploads\/2026\/01\/landtag4434.webp.webp\" alt=\"S\u00e4ulen stehen vor dem Eingang des Nieders\u00e4chsischen Landtags.\" title=\"S\u00e4ulen stehen vor dem Eingang des Nieders\u00e4chsischen Landtags. | NDR, Julius Matuschik\" class=\"responsive\" loading=\"lazy\"\/><\/p>\n<p>Der Landtag verlangt mehr H\u00e4rte gegen die Regierung in Iran. Auch die Behandlung von &#8222;Todesrichtern&#8220; in Deutschland war Thema.<\/p>\n<p>        <img decoding=\"async\" src=\"https:\/\/www.europesays.com\/de\/wp-content\/uploads\/2026\/01\/fahrradhelm156.webp.webp\" alt=\"Fahrradhelm h\u00e4ngt an einem Fahrradlenker.\" title=\"Fahrradhelm h\u00e4ngt an einem Fahrradlenker. | fotolia, carballo\" class=\"responsive\" loading=\"lazy\"\/><\/p>\n<p>Der Pr\u00e4sident des Verkehrsgerichtstags in Goslar hat das ins Gespr\u00e4ch gebracht. Er verweist auf einen Fall in \u00d6sterreich.<\/p>\n<p>        <img decoding=\"async\" src=\"https:\/\/www.europesays.com\/de\/wp-content\/uploads\/2026\/01\/unfall-1318.webp.webp\" alt=\"Nach einem Unfall auf der A261 im Landkreis Harburg liegt ein besch\u00e4digtes Fahrzeug auf der Fahrbahn.\" title=\"Nach einem Unfall auf der A261 im Landkreis Harburg liegt ein besch\u00e4digtes Fahrzeug auf der Fahrbahn. | NEWS5\" class=\"responsive\" loading=\"lazy\"\/><\/p>\n<p>        <img decoding=\"async\" src=\"https:\/\/www.europesays.com\/de\/wp-content\/uploads\/2026\/01\/neuenkirchen-102.webp.webp\" alt=\"Nach einem Unfall auf der A1 im Landkreis Vechta steht besch\u00e4digter Wagen an der Fahrbahn.\" title=\"Nach einem Unfall auf der A1 im Landkreis Vechta steht besch\u00e4digter Wagen an der Fahrbahn. | Nord-West-Media TV\" class=\"responsive\" loading=\"lazy\"\/><\/p>\n","protected":false},"excerpt":{"rendered":"&#8222;Invasion&#8220; der Seidenschw\u00e4nze: Seltene Winterg\u00e4ste erobern Deutschland | ndr.de Stand: 29.01.2026 10:19 Uhr Im Landkreis Celle ist eine&hellip;\n","protected":false},"author":2,"featured_media":750942,"comment_status":"","ping_status":"","sticky":false,"template":"","format":"standard","meta":{"footnotes":"","_share_on_mastodon":"0"},"categories":[2],"tags":[19481,331,3924,332,3922,2232,3364,29,30,13,14,3923,6237,15,3921,7305,12,171466,1886,4951],"class_list":["post-757594","post","type-post","status-publish","format-standard","has-post-thumbnail","category-deutschland","tag-vogel","tag-aktuelle-nachrichten","tag-aktuelle-nachrichten-aus-deutschland","tag-aktuelle-news","tag-aktuelle-news-aus-deutschland","tag-celle","tag-de","tag-deutschland","tag-germany","tag-headlines","tag-nachrichten","tag-nachrichten-aus-deutschland","tag-natur","tag-news","tag-news-aus-deutschland","tag-region-hannover","tag-schlagzeilen","tag-seidenschwanz","tag-tiere","tag-winter"],"share_on_mastodon":{"url":"https:\/\/pubeurope.com\/@de\/115982237379288511","error":""},"_links":{"self":[{"href":"https:\/\/www.europesays.com\/de\/wp-json\/wp\/v2\/posts\/757594","targetHints":{"allow":["GET"]}}],"collection":[{"href":"https:\/\/www.europesays.com\/de\/wp-json\/wp\/v2\/posts"}],"about":[{"href":"https:\/\/www.europesays.com\/de\/wp-json\/wp\/v2\/types\/post"}],"author":[{"embeddable":true,"href":"https:\/\/www.europesays.com\/de\/wp-json\/wp\/v2\/users\/2"}],"replies":[{"embeddable":true,"href":"https:\/\/www.europesays.com\/de\/wp-json\/wp\/v2\/comments?post=757594"}],"version-history":[{"count":0,"href":"https:\/\/www.europesays.com\/de\/wp-json\/wp\/v2\/posts\/757594\/revisions"}],"wp:featuredmedia":[{"embeddable":true,"href":"https:\/\/www.europesays.com\/de\/wp-json\/wp\/v2\/media\/750942"}],"wp:attachment":[{"href":"https:\/\/www.europesays.com\/de\/wp-json\/wp\/v2\/media?parent=757594"}],"wp:term":[{"taxonomy":"category","embeddable":true,"href":"https:\/\/www.europesays.com\/de\/wp-json\/wp\/v2\/categories?post=757594"},{"taxonomy":"post_tag","embeddable":true,"href":"https:\/\/www.europesays.com\/de\/wp-json\/wp\/v2\/tags?post=757594"}],"curies":[{"name":"wp","href":"https:\/\/api.w.org\/{rel}","templated":true}]}}