{"id":757846,"date":"2026-01-30T07:09:18","date_gmt":"2026-01-30T07:09:18","guid":{"rendered":"https:\/\/www.europesays.com\/de\/757846\/"},"modified":"2026-01-30T07:09:18","modified_gmt":"2026-01-30T07:09:18","slug":"einer-institution-feiert-runden-geburtstag","status":"publish","type":"post","link":"https:\/\/www.europesays.com\/de\/757846\/","title":{"rendered":"Einer Institution feiert runden Geburtstag"},"content":{"rendered":"<p>\t\t<a href=\"https:\/\/www.allesmuenster.de\/cms\/wp-content\/uploads\/40-Jahre-CUBA_Buehrke-1.jpg\" rel=\"nofollow noopener\" target=\"_blank\"><img loading=\"lazy\" decoding=\"async\" class=\"wp-image-129266 size-medium\" src=\"data:image\/svg+xml,%3Csvg%20xmlns=\" http:=\"\" alt=\"Katrin Eisentr\u00e4ger ist Gesch\u00e4ftsf\u00fchrerin des cuba. (Foto: Michael B\u00fchrke)\" width=\"300\" height=\"200\" data-lazy- data-lazy- data-lazy-src=\"https:\/\/www.europesays.com\/de\/wp-content\/uploads\/2026\/01\/40-Jahre-CUBA_Buehrke-1-300x200.jpg\"\/><\/a>Katrin Eisentr\u00e4ger ist Gesch\u00e4ftsf\u00fchrerin des cuba. (Foto: Michael B\u00fchrke)<\/p>\n<p class=\"western\"><strong>Was am 1. Februar 1986 an der Achtermannstra\u00dfe gegr\u00fcndet wurde, war damals ein buntes Aufeinandertreffen vieler unterschiedlicher Gruppen aus M\u00fcnsters alternativer Szene. Das stie\u00df nicht bei allen auf Begeisterung, ein Grund war der Name: cuba. Dabei hatte die neue Einrichtung nichts mit dem sozialistischen Inselstaat zu tun, sondern diente als Abk\u00fcrzung f\u00fcr \u201eCultur- und Begegnungszentrum Achtermannstra\u00dfe\u201c. Nach genau 40 Jahren ist das cuba l\u00e4ngst etabliert und aus dem soziokulturellen Leben M\u00fcnsters nicht mehr wegzudenken.<\/strong><\/p>\n<p class=\"western\">\u201eIn unserem Zentrum arbeiten insgesamt 13 Vereine unter einem Dach. Die Themen der Vereine passen dabei sehr gut zusammen, sodass die Angebote oft voneinander profitieren und Synergien entstehen\u201c, erkl\u00e4rt Katrin Eisentr\u00e4ger, Gesch\u00e4ftsf\u00fchrerin der Zentrums. Neben Vereinen wie dem Sozialp\u00e4dagogischen Bildungswerk M\u00fcnster (SoBi) oder Vamos, geh\u00f6ren kulturelle Angebote wie der TatWort Poetry Slam oder Konzerte aus den Bereichen Jazz oder experimenteller elektronischer Musik zum festen Programm an der Achtermannstra\u00dfe. Der gemeinsam mit dem benachbarten Club betriebene multifunktionale Veranstaltungsraum \u201eBlack Box\u201c kann von Kulturschaffenden gemietet werden. Auch Ausstellungen haben im cuba inzwischen eine gro\u00dfe Fangemeinde. Am 18. April findet die n\u00e4chste Er\u00f6ffnung statt. <\/p>\n<p><a href=\"https:\/\/www.allesmuenster.de\/cms\/wp-content\/uploads\/40-Jahre-CUBA_Buehrke-2.jpg\" rel=\"nofollow noopener\" target=\"_blank\"><img loading=\"lazy\" decoding=\"async\" class=\"wp-image-129267 size-medium\" src=\"data:image\/svg+xml,%3Csvg%20xmlns=\" http:=\"\" alt=\"Nicht unbedingt ein architektonisches Highlight, aber eine Institution: Das cuba in der Achtermannstra\u00dfe. (Foto: Michael B\u00fchrke)\" width=\"300\" height=\"200\" data-lazy- data-lazy- data-lazy-src=\"https:\/\/www.europesays.com\/de\/wp-content\/uploads\/2026\/01\/40-Jahre-CUBA_Buehrke-2-300x200.jpg\"\/><\/a>Nicht unbedingt ein architektonisches Highlight, aber eine Institution: Das cuba in der Achtermannstra\u00dfe. (Foto: Michael B\u00fchrke)<\/p>\n<p class=\"western\">Finanziert wird das cuba \u00fcber F\u00f6rdermittel, die Vereine zahlen au\u00dferdem Mieten f\u00fcr ihre B\u00fcror\u00e4ume. \u201eDie F\u00f6rderungen kommen sowohl von der Stadt, als auch vom Land und dem Bund\u201c, wie Eisentr\u00e4ger erl\u00e4utert. Vor f\u00fcnf Jahren geriet das Begegnungszentrum in die lokalen Schlagzeilen, Grund war ein Streit mit dem Vermieter, in dessen Verlauf die Verl\u00e4ngerung des Mietvertrags infrage gestellt wurde. Der Mietvertrag wurde am Ende verl\u00e4ngert, die markante haushohe Wandbemalung aus der Gr\u00fcndungszeit des cuba hingegen wurde \u00fcbermalt. <\/p>\n<p class=\"western\">Das Jubil\u00e4umsdatum am 1. Februar verspricht nicht unbedingt Sonnenschein und milde Temperaturen, darum wird es im Sommer eine mehrt\u00e4gige Party geben. Vom 18. bis zum 21. Juni wird es Konzerte und weitere Veranstaltungen geben, H\u00f6hepunkt ist ein Tag der offenen T\u00fcr, an dem die Angebote des cuba \u00f6ffentlich vorgestellt werden.<\/p>\n<p>                         <a href=\"https:\/\/www.allesmuenster.de\/author\/mb\/\" class=\"fn url\" target=\"_blank\" title=\"Michael B\u00fchrke\" rel=\"nofollow noopener\"> <img loading=\"lazy\" decoding=\"async\" width=\"250\" height=\"250\" alt=\"\" src=\"data:image\/svg+xml,%3Csvg%20xmlns=\" http:=\"\" class=\"avatar avatar-250 photo\" style=\"max-width:250px\" data-lazy-src=\"https:\/\/www.europesays.com\/de\/wp-content\/uploads\/2025\/04\/michael.jpg\"\/><\/a> <\/p>\n<p>Michael wurde im nieders\u00e4chsischen Celle geboren und kam 1990 zum Studieren nach M\u00fcnster. Er ist Geograf und arbeitet heute in der Unternehmskommunikation. Seine Schwerpunkte liegen in den Bereichen Umwelt, Gesundheit und Soziales aber auch in den Naturwissenschaften. Michael ist leidenschaftlicher Radfahrer, Wanderer und Amateurfotograf.<\/p>\n<p> <a href=\"https:\/\/www.allesmuenster.de\/author\/mb\/\" class=\"url\" target=\"_blank\" title=\"Michael B\u00fchrke\" rel=\"nofollow noopener\"><img loading=\"lazy\" decoding=\"async\" width=\"250\" height=\"250\" alt=\"\" src=\"data:image\/svg+xml,%3Csvg%20xmlns=\" http:=\"\" class=\"avatar avatar-250 photo\" style=\"max-width:250px\" data-lazy-src=\"https:\/\/www.europesays.com\/de\/wp-content\/uploads\/2025\/04\/michael.jpg\"\/><\/a>  <\/p>\n","protected":false},"excerpt":{"rendered":"Katrin Eisentr\u00e4ger ist Gesch\u00e4ftsf\u00fchrerin des cuba. (Foto: Michael B\u00fchrke) Was am 1. Februar 1986 an der Achtermannstra\u00dfe gegr\u00fcndet&hellip;\n","protected":false},"author":2,"featured_media":757847,"comment_status":"","ping_status":"","sticky":false,"template":"","format":"standard","meta":{"footnotes":"","_share_on_mastodon":"0"},"categories":[1843],"tags":[12960,3364,29,30,3009,8970,1209],"class_list":["post-757846","post","type-post","status-publish","format-standard","has-post-thumbnail","category-muenster","tag-cuba","tag-de","tag-deutschland","tag-germany","tag-jubilaeum","tag-muenster","tag-nordrhein-westfalen"],"share_on_mastodon":{"url":"https:\/\/pubeurope.com\/@de\/115982798879183627","error":""},"_links":{"self":[{"href":"https:\/\/www.europesays.com\/de\/wp-json\/wp\/v2\/posts\/757846","targetHints":{"allow":["GET"]}}],"collection":[{"href":"https:\/\/www.europesays.com\/de\/wp-json\/wp\/v2\/posts"}],"about":[{"href":"https:\/\/www.europesays.com\/de\/wp-json\/wp\/v2\/types\/post"}],"author":[{"embeddable":true,"href":"https:\/\/www.europesays.com\/de\/wp-json\/wp\/v2\/users\/2"}],"replies":[{"embeddable":true,"href":"https:\/\/www.europesays.com\/de\/wp-json\/wp\/v2\/comments?post=757846"}],"version-history":[{"count":0,"href":"https:\/\/www.europesays.com\/de\/wp-json\/wp\/v2\/posts\/757846\/revisions"}],"wp:featuredmedia":[{"embeddable":true,"href":"https:\/\/www.europesays.com\/de\/wp-json\/wp\/v2\/media\/757847"}],"wp:attachment":[{"href":"https:\/\/www.europesays.com\/de\/wp-json\/wp\/v2\/media?parent=757846"}],"wp:term":[{"taxonomy":"category","embeddable":true,"href":"https:\/\/www.europesays.com\/de\/wp-json\/wp\/v2\/categories?post=757846"},{"taxonomy":"post_tag","embeddable":true,"href":"https:\/\/www.europesays.com\/de\/wp-json\/wp\/v2\/tags?post=757846"}],"curies":[{"name":"wp","href":"https:\/\/api.w.org\/{rel}","templated":true}]}}