{"id":757932,"date":"2026-01-30T07:56:15","date_gmt":"2026-01-30T07:56:15","guid":{"rendered":"https:\/\/www.europesays.com\/de\/757932\/"},"modified":"2026-01-30T07:56:15","modified_gmt":"2026-01-30T07:56:15","slug":"hamburg-person-greift-anderen-fahrgast-und-reisst-ihn-vor-einfahrende-u-bahn-mit-in-den-tod","status":"publish","type":"post","link":"https:\/\/www.europesays.com\/de\/757932\/","title":{"rendered":"Hamburg: Person greift anderen Fahrgast und rei\u00dft ihn vor einfahrende U-Bahn mit in den Tod"},"content":{"rendered":"<p>Zwei Personen wurden in Hamburg von einer U-Bahn \u00fcberrollt. Eine Person habe die andere Person gegriffen und sich dann gemeinsam vor die einfahrende U-Bahn gest\u00fcrzt. Jetzt ermittelt die Mordkommission.<\/p>\n<p class=\"is-first-paragraph\" data-external=\"Article.FirstParagraph\">Nach dem Tod zweier Menschen in einer Hamburger U-Bahnstation ermittelt die Mordkommission. Es bestehe der Verdacht eines T\u00f6tungsdeliktes, sagte ein Sprecher der Polizei. Die beiden Personen wurden von einer einfahrenden U-Bahn \u00fcberrollt und kamen ums Leben.<\/p>\n<p>Der Vorfall ereignete sich nach Angaben der Polizei gegen 22.00 Uhr. Nach ersten Erkenntnissen h\u00e4tten sich die beiden Menschen am Donnerstag unabh\u00e4ngig voneinander auf dem Bahnsteig der <a class=\"is-link c-block-items__link c-link--rich-text-renderer\" href=\"https:\/\/www.welt.de\/regionales\/hessen\/article68a3d43af3b3300719845ce6\/Frankfurt-hat-jetzt-eine-U-Bahn-Station-im-Eintracht-Look.html\" target=\"_blank\" rel=\"noopener nofollow\" data-internal-tracking-enabled=\"true\" data-internal-tracking=\"{&quot;action&quot;:&quot;click&quot;,&quot;label&quot;:&quot;link&quot;,&quot;name&quot;:&quot;Inline Element&quot;,&quot;data&quot;:{&quot;source&quot;:&quot;&quot;,&quot;target&quot;:&quot;https:\/\/www.welt.de\/regionales\/hessen\/article68a3d43af3b3300719845ce6\/Frankfurt-hat-jetzt-eine-U-Bahn-Station-im-Eintracht-Look.html&quot;,&quot;trackingName&quot;:&quot;&quot;,&quot;trackingLabel&quot;:&quot;&quot;}}\">U-Bahnstation<\/a> Wandsbek-Markt aufgehalten, erkl\u00e4rte der Sprecher. Eine Person habe die andere Person gegriffen und sich dann gemeinsam vor die einfahrende U-Bahn gest\u00fcrzt. Die Identifizierung der beiden Menschen stehe noch aus. Weitere Details zum Hergang des Vorfalls sind bisher nicht bekannt.<\/p>\n<p>Nach dem t\u00f6dlichen Vorfall waren viele Rettungskr\u00e4fte und Polizeibeamte in und vor der Station unterwegs. Polizisten sicherten die Eing\u00e4nge ab, damit niemand Unbefugtes die Station betreten konnte. Die beiden Toten wurden in der Nacht in Holzs\u00e4rgen \u00fcber die Rolltreppen aus der U-Bahn gebracht.<\/p>\n<p>Zeugen wurden der Polizei zufolge vor Ort seelsorgerisch betreut. Der U1-Verkehr wurde am Abend unterbrochen und erst zu Beginn des morgendlichen Pendlerverkehrs wieder freigegeben.<\/p>\n<p><b>Haben Sie suizidale Gedanken, oder haben Sie diese bei einem Angeh\u00f6rigen\/Bekannten festgestellt? Hilfe bietet die Telefonseelsorge: Anonyme Beratung erh\u00e4lt man rund um die Uhr unter den kostenlosen Nummern 0800 \/ 111 0 111 und 0800 \/ 111 0 222.<\/b><\/p>\n<p><b>Auch eine Beratung \u00fcber das Internet ist m\u00f6glich unter <\/b><a class=\"is-link c-block-items__link is-external c-link--rich-text-renderer\" href=\"https:\/\/www.telefonseelsorge.de\/\" target=\"_blank\" title=\"(Link wird in einem neuen Tab ge\u00f6ffnet)\" rel=\"nofollow noopener\" data-internal-tracking-enabled=\"true\" data-internal-tracking=\"{&quot;action&quot;:&quot;click&quot;,&quot;label&quot;:&quot;link&quot;,&quot;name&quot;:&quot;Inline Element&quot;,&quot;data&quot;:{&quot;source&quot;:&quot;&quot;,&quot;target&quot;:&quot;https:\/\/www.telefonseelsorge.de\/&quot;,&quot;trackingName&quot;:&quot;&quot;,&quot;trackingLabel&quot;:&quot;&quot;}}\"><b>http:\/\/www.telefonseelsorge.de<\/b><\/a><b>. Eine Liste mit bundesweiten Hilfsstellen findet sich auf der Seite der <\/b><a class=\"is-link c-block-items__link is-external c-link--rich-text-renderer\" href=\"https:\/\/www.deutsche-depressionshilfe.de\/unterstuetzen-sie-uns\/spenden-zu-persoenlichen-anlaessen?gad_source=1&amp;gad_campaignid=18262007191&amp;gbraid=0AAAAAD0YDn0Xya98zYvUAcpoOWMZP--kV&amp;gclid=CjwKCAiA8vXIBhAtEiwAf3B-gz8zUQYxQU__UYFo0SE55CzjaD-ZjUnK9TQ2gVrliz4OFqrKofoKyBoCWvoQAvD_BwE\" target=\"_blank\" title=\"(Link wird in einem neuen Tab ge\u00f6ffnet)\" rel=\"nofollow noopener\" data-internal-tracking-enabled=\"true\" data-internal-tracking=\"{&quot;action&quot;:&quot;click&quot;,&quot;label&quot;:&quot;link&quot;,&quot;name&quot;:&quot;Inline Element&quot;,&quot;data&quot;:{&quot;source&quot;:&quot;&quot;,&quot;target&quot;:&quot;https:\/\/www.deutsche-depressionshilfe.de\/unterstuetzen-sie-uns\/spenden-zu-persoenlichen-anlaessen?gad_source=1&amp;gad_campaignid=18262007191&amp;gbraid=0AAAAAD0YDn0Xya98zYvUAcpoOWMZP--kV&amp;gclid=CjwKCAiA8vXIBhAtEiwAf3B-gz8zUQYxQU__UYFo0SE55CzjaD-ZjUnK9TQ2gVrliz4OFqrKofoKyBoCWvoQAvD_BwE&quot;,&quot;trackingName&quot;:&quot;&quot;,&quot;trackingLabel&quot;:&quot;&quot;}}\"><b>Deutschen Gesellschaft f\u00fcr Suizidpr\u00e4vention<\/b><\/a><b>.<\/b><\/p>\n<p>dpa\/jac<\/p>\n","protected":false},"excerpt":{"rendered":"Zwei Personen wurden in Hamburg von einer U-Bahn \u00fcberrollt. Eine Person habe die andere Person gegriffen und sich&hellip;\n","protected":false},"author":2,"featured_media":757933,"comment_status":"","ping_status":"","sticky":false,"template":"","format":"standard","meta":{"footnotes":"","_share_on_mastodon":"0"},"categories":[1826],"tags":[29,30,692,56038,110,20656,20655,23876],"class_list":["post-757932","post","type-post","status-publish","format-standard","has-post-thumbnail","category-hamburg","tag-deutschland","tag-germany","tag-hamburg","tag-mord-ks","tag-newsteam","tag-s-bahnen","tag-u-bahnen","tag-wandsbek"],"share_on_mastodon":{"url":"https:\/\/pubeurope.com\/@de\/115982983817966406","error":""},"_links":{"self":[{"href":"https:\/\/www.europesays.com\/de\/wp-json\/wp\/v2\/posts\/757932","targetHints":{"allow":["GET"]}}],"collection":[{"href":"https:\/\/www.europesays.com\/de\/wp-json\/wp\/v2\/posts"}],"about":[{"href":"https:\/\/www.europesays.com\/de\/wp-json\/wp\/v2\/types\/post"}],"author":[{"embeddable":true,"href":"https:\/\/www.europesays.com\/de\/wp-json\/wp\/v2\/users\/2"}],"replies":[{"embeddable":true,"href":"https:\/\/www.europesays.com\/de\/wp-json\/wp\/v2\/comments?post=757932"}],"version-history":[{"count":0,"href":"https:\/\/www.europesays.com\/de\/wp-json\/wp\/v2\/posts\/757932\/revisions"}],"wp:featuredmedia":[{"embeddable":true,"href":"https:\/\/www.europesays.com\/de\/wp-json\/wp\/v2\/media\/757933"}],"wp:attachment":[{"href":"https:\/\/www.europesays.com\/de\/wp-json\/wp\/v2\/media?parent=757932"}],"wp:term":[{"taxonomy":"category","embeddable":true,"href":"https:\/\/www.europesays.com\/de\/wp-json\/wp\/v2\/categories?post=757932"},{"taxonomy":"post_tag","embeddable":true,"href":"https:\/\/www.europesays.com\/de\/wp-json\/wp\/v2\/tags?post=757932"}],"curies":[{"name":"wp","href":"https:\/\/api.w.org\/{rel}","templated":true}]}}