{"id":758000,"date":"2026-01-30T08:34:09","date_gmt":"2026-01-30T08:34:09","guid":{"rendered":"https:\/\/www.europesays.com\/de\/758000\/"},"modified":"2026-01-30T08:34:09","modified_gmt":"2026-01-30T08:34:09","slug":"bahn-generalsanierung-der-strecke-koeln-hagen-monatelang-busse-statt-zuege","status":"publish","type":"post","link":"https:\/\/www.europesays.com\/de\/758000\/","title":{"rendered":"Bahn-Generalsanierung der Strecke K\u00f6ln-Hagen: Monatelang Busse statt Z\u00fcge"},"content":{"rendered":"<p class=\"text-18 leading-17\">Fernz\u00fcge fahren w\u00e4hrend der gesamten Generalsanierung \u00fcberhaupt nicht zwischen K\u00f6ln, Wuppertal und Hagen. Wegen der maroden Br\u00fccke in Schwerte ist die Strecke f\u00fcr den Fernverkehr bis zum 15. Mai sogar bis Dortmund dicht. ICE-Z\u00fcge von K\u00f6ln nach Berlin und Hamburg fahren \u00fcber D\u00fcsseldorf, <a class=\"transition-colors duration-200 cursor-pointer text-inherit no-underline text-salemsfur md:hover:text-magenta md:hover:border-magenta md:focus:text-magenta border-current border-b border-solid break-words\" href=\"https:\/\/duisburg.t-online.de\/region\/duisburg\/\" data-sctrack=\"BodyAnchor\" rel=\"nofollow noopener\" target=\"_blank\">Duisburg<\/a> und das Ruhrgebiet \u2013 dadurch dauert die Fahrt etwa 20 bis 40 Minuten l\u00e4nger. In Wuppertal und Solingen halten w\u00e4hrend der f\u00fcnf Monate keine Fernz\u00fcge, in Hagen sollen ab 15. Mai zumindest wieder einige fahren. Auch IC-Verbindungen entfallen auf dem Abschnitt ganz.<\/p>\n<p class=\"text-18 leading-17\">Im Regionalverkehr sind die verschiedenen Bauphasen entscheidend. Zeitweise sind alle Gleise dicht \u2013 dann fallen alle Z\u00fcge auf etwa zehn Linien in dem Abschnitt aus. Das betrifft auch Z\u00fcge aus D\u00fcsseldorf wie den RE 4 (Dortmund-Aachen) oder den RE 13 (Hamm-Venlo).<\/p>\n<p class=\"text-18 leading-17\">W\u00e4hrend zwei Drittel der Bauzeit sind immerhin die S-Bahngleise zwischen D\u00fcsseldorf und Hagen befahrbar. Dort gilt dann ein extra Baustellen-Fahrplan.<\/p>\n<p class=\"text-18 leading-17\">Mit viel Geduld und rund 200 Bussen \u2013 das sind noch einmal deutlich mehr als urspr\u00fcnglich geplant. Die Ersatzbusse sollen teilweise im Zehnminutentakt kommen. Einige sollen wie S-Bahnen alle Bahnh\u00f6fe auf der Strecke abfahren. Es werde aber auch Expressbusse geben, die \u00fcber die Autobahn fahren und nur die gr\u00f6\u00dften Stationen verbinden, sagte Jaeger. Klar ist trotzdem: Mit dem Bus dauert die Fahrt um ein Vielfaches l\u00e4nger als mit dem Zug. Von Wuppertal nach K\u00f6ln etwa braucht man gut eineinhalb Stunden statt wie sonst 34 Minuten mit dem Zug.<\/p>\n<p class=\"text-18 leading-17\">Am besten sehen Reisende in der Online-Auskunft, wie die eigene Verbindung trotz der Bauarbeiten funktioniert. Dort seien alle \u00c4nderungen w\u00e4hrend der Bauphase bereits eingepflegt, so die Bahn. W\u00e4hrend der Sperrung sehe man dort auch in Echtzeit, ob der Ersatzbus p\u00fcnktlich oder versp\u00e4tet sei \u2013 was wegen des vielen Verkehrs in der Region durchaus vorkommen k\u00f6nne.<\/p>\n<p class=\"text-18 leading-17\">In den n\u00e4chsten Jahren will die Bahn bundesweit rund 40 wichtige Strecken modernisieren und f\u00fcr den digitalen Ausbau vorbereiten. Noch bis zum 30. April l\u00e4uft die Generalsanierung der Strecke Hamburg \u2013 Berlin. Ab Juli 2026 sind umfangreiche Arbeiten an der rechtsrheinischen Strecke zwischen <a class=\"transition-colors duration-200 cursor-pointer text-inherit no-underline text-salemsfur md:hover:text-magenta md:hover:border-magenta md:focus:text-magenta border-current border-b border-solid break-words\" href=\"https:\/\/www.t-online.de\/themen\/troisdorf\/\" data-sctrack=\"BodyAnchor\" rel=\"nofollow noopener\" target=\"_blank\">Troisdorf<\/a> und <a class=\"transition-colors duration-200 cursor-pointer text-inherit no-underline text-salemsfur md:hover:text-magenta md:hover:border-magenta md:focus:text-magenta border-current border-b border-solid break-words\" href=\"https:\/\/www.t-online.de\/themen\/wiesbaden\/\" data-sctrack=\"BodyAnchor\" rel=\"nofollow noopener\" target=\"_blank\">Wiesbaden<\/a> vorgesehen. Zudem sind die Abschnitte N\u00fcrnberg \u2013 Regensburg und Obertraubling \u2013 Passau f\u00e4llig. F\u00fcr das Jahr 2027 ist die geb\u00fcndelte Erneuerung und Modernisierung der Korridore Rosenheim \u2013 Salzburg, <a class=\"transition-colors duration-200 cursor-pointer text-inherit no-underline text-salemsfur md:hover:text-magenta md:hover:border-magenta md:focus:text-magenta border-current border-b border-solid break-words\" href=\"https:\/\/www.t-online.de\/themen\/lehrte\/\" data-sctrack=\"BodyAnchor\" rel=\"nofollow noopener\" target=\"_blank\">Lehrte<\/a> \u2013 Berlin, Bremerhaven \u2013 Bremen und <a class=\"transition-colors duration-200 cursor-pointer text-inherit no-underline text-salemsfur md:hover:text-magenta md:hover:border-magenta md:focus:text-magenta border-current border-b border-solid break-words\" href=\"https:\/\/www.t-online.de\/themen\/fulda\/\" data-sctrack=\"BodyAnchor\" rel=\"nofollow noopener\" target=\"_blank\">Fulda<\/a> \u2013 <a class=\"transition-colors duration-200 cursor-pointer text-inherit no-underline text-salemsfur md:hover:text-magenta md:hover:border-magenta md:focus:text-magenta border-current border-b border-solid break-words\" href=\"https:\/\/www.t-online.de\/themen\/hanau\/\" data-sctrack=\"BodyAnchor\" rel=\"nofollow noopener\" target=\"_blank\">Hanau<\/a> vorgesehen.<\/p>\n","protected":false},"excerpt":{"rendered":"Fernz\u00fcge fahren w\u00e4hrend der gesamten Generalsanierung \u00fcberhaupt nicht zwischen K\u00f6ln, Wuppertal und Hagen. Wegen der maroden Br\u00fccke in&hellip;\n","protected":false},"author":2,"featured_media":758001,"comment_status":"","ping_status":"","sticky":false,"template":"","format":"standard","meta":{"footnotes":"","_share_on_mastodon":"0"},"categories":[1840],"tags":[172831,2226,296,3364,29,217,3405,6600,3600,45107,11536,30,20442,692,9060,46,2229,1420,1209,2307,4125,3856,34217,4418],"class_list":["post-758000","post","type-post","status-publish","format-standard","has-post-thumbnail","category-wuppertal","tag-arno-jaeger","tag-bahnstrecke","tag-berlin","tag-de","tag-deutschland","tag-dortmund","tag-duesseldorf","tag-ersatzbus","tag-fernverkehr","tag-fernzug","tag-generalsanierung","tag-germany","tag-hagen","tag-hamburg","tag-hamm","tag-hannover","tag-ice","tag-koeln","tag-nordrhein-westfalen","tag-ost-west-achse","tag-pendler","tag-ruhrgebiet","tag-vrr","tag-wuppertal"],"share_on_mastodon":{"url":"https:\/\/pubeurope.com\/@de\/115983133213331587","error":""},"_links":{"self":[{"href":"https:\/\/www.europesays.com\/de\/wp-json\/wp\/v2\/posts\/758000","targetHints":{"allow":["GET"]}}],"collection":[{"href":"https:\/\/www.europesays.com\/de\/wp-json\/wp\/v2\/posts"}],"about":[{"href":"https:\/\/www.europesays.com\/de\/wp-json\/wp\/v2\/types\/post"}],"author":[{"embeddable":true,"href":"https:\/\/www.europesays.com\/de\/wp-json\/wp\/v2\/users\/2"}],"replies":[{"embeddable":true,"href":"https:\/\/www.europesays.com\/de\/wp-json\/wp\/v2\/comments?post=758000"}],"version-history":[{"count":0,"href":"https:\/\/www.europesays.com\/de\/wp-json\/wp\/v2\/posts\/758000\/revisions"}],"wp:featuredmedia":[{"embeddable":true,"href":"https:\/\/www.europesays.com\/de\/wp-json\/wp\/v2\/media\/758001"}],"wp:attachment":[{"href":"https:\/\/www.europesays.com\/de\/wp-json\/wp\/v2\/media?parent=758000"}],"wp:term":[{"taxonomy":"category","embeddable":true,"href":"https:\/\/www.europesays.com\/de\/wp-json\/wp\/v2\/categories?post=758000"},{"taxonomy":"post_tag","embeddable":true,"href":"https:\/\/www.europesays.com\/de\/wp-json\/wp\/v2\/tags?post=758000"}],"curies":[{"name":"wp","href":"https:\/\/api.w.org\/{rel}","templated":true}]}}