{"id":758285,"date":"2026-01-30T11:07:14","date_gmt":"2026-01-30T11:07:14","guid":{"rendered":"https:\/\/www.europesays.com\/de\/758285\/"},"modified":"2026-01-30T11:07:14","modified_gmt":"2026-01-30T11:07:14","slug":"dieb-entwendet-spendenbox-aus-kirche-in-der-kaiserstrasse","status":"publish","type":"post","link":"https:\/\/www.europesays.com\/de\/758285\/","title":{"rendered":"Dieb entwendet Spendenbox aus Kirche in der Kaiserstra\u00dfe"},"content":{"rendered":"<p class=\"mb-6 text-xs md:text-m lg:text-l font-serif group-[.font-sans]:font-sans \">\n    Die Tat ereignete sich im Zeitraum zwischen 19.30 Uhr und 20.45 Uhr. Der T\u00e4ter riss die Box mutma\u00dflich mit roher Gewalt aus der Wand und entfernte sich damit vom Tatort. Die Veranstaltung wurde von der evangelischen Kirche ausgerichtet.\n  <\/p>\n<p>            Spendenbox in Karlsruher Z\u00e4hringerstra\u00dfe wiedergefunden<\/p>\n<p class=\"mb-6 text-xs md:text-m lg:text-l font-serif group-[.font-sans]:font-sans \">\n    Ein Mitarbeiter der Stadt Karlsruhe entdeckte am Donnerstag die etwa 170 Zentimeter hohe Box in der Z\u00e4hringerstra\u00dfe und verst\u00e4ndigte daraufhin die Polizei. Die H\u00f6he des Schadens und der in der Box befindlichen Spenden ist derzeit noch nicht bekannt.\n  <\/p>\n<p class=\"mb-6 text-xs md:text-m lg:text-l font-serif group-[.font-sans]:font-sans \">\n    Die Polizei hat die Ermittlungen \u00fcbernommen und bittet Zeugen und Hinweisgeber, sich unter <a href=\"https:\/\/www.ka-news.de\/karlsruhe\/blaulicht\/tel:07216663311\" rel=\"nofollow noopener\" target=\"_blank\" class=\"underline \">0721\/666-3311<\/a> mit dem Polizeirevier Karlsruhe-Marktplatz in Verbindung zu setzen.\n  <\/p>\n<p class=\"mb-6 text-xs md:text-m lg:text-l font-serif group-[.font-sans]:font-sans \">\n    Quelle: <a href=\"https:\/\/www.presseportal.de\/blaulicht\/pm\/110972\/6207006\" rel=\"nofollow noopener\" target=\"_blank\" class=\"underline \">Polizeipr\u00e4sidium Karlsruhe.<\/a> Hinweis: Diese Meldung wurde unterst\u00fctzt von KI erstellt.\n  <\/p>\n<ul data-module-id=\"DragDropModule\" class=\"flex flex-wrap justify-start group-[.no-bookmarks]:hidden\">\n<li class=\"mb-3 mr-3\">\n    Spendenbox<\/p>\n<p>      Icon Haken im Kreis gesetzt<\/p>\n<p>      Icon Plus im Kreis<\/p>\n<\/li>\n<li class=\"mb-3 mr-3\">\n    Kaiserstra\u00dfe<\/p>\n<p>      Icon Haken im Kreis gesetzt<\/p>\n<p>      Icon Plus im Kreis<\/p>\n<\/li>\n<li class=\"mb-3 mr-3\">\n    Karlsruhe<\/p>\n<p>      Icon Haken im Kreis gesetzt<\/p>\n<p>      Icon Plus im Kreis<\/p>\n<\/li>\n<\/ul>\n","protected":false},"excerpt":{"rendered":"Die Tat ereignete sich im Zeitraum zwischen 19.30 Uhr und 20.45 Uhr. Der T\u00e4ter riss die Box mutma\u00dflich&hellip;\n","protected":false},"author":2,"featured_media":592340,"comment_status":"","ping_status":"","sticky":false,"template":"","format":"standard","meta":{"footnotes":"","_share_on_mastodon":"0"},"categories":[1844],"tags":[1634,3364,29,1686,30,11115,8903,1256,121,143218],"class_list":["post-758285","post","type-post","status-publish","format-standard","has-post-thumbnail","category-karlsruhe","tag-baden-wuerttemberg","tag-de","tag-deutschland","tag-diebstahl","tag-germany","tag-kaiserstrasse","tag-karlsruhe","tag-kuenstliche-intelligenz","tag-polizei","tag-spendenbox"],"share_on_mastodon":{"url":"https:\/\/pubeurope.com\/@de\/115983734823032453","error":""},"_links":{"self":[{"href":"https:\/\/www.europesays.com\/de\/wp-json\/wp\/v2\/posts\/758285","targetHints":{"allow":["GET"]}}],"collection":[{"href":"https:\/\/www.europesays.com\/de\/wp-json\/wp\/v2\/posts"}],"about":[{"href":"https:\/\/www.europesays.com\/de\/wp-json\/wp\/v2\/types\/post"}],"author":[{"embeddable":true,"href":"https:\/\/www.europesays.com\/de\/wp-json\/wp\/v2\/users\/2"}],"replies":[{"embeddable":true,"href":"https:\/\/www.europesays.com\/de\/wp-json\/wp\/v2\/comments?post=758285"}],"version-history":[{"count":0,"href":"https:\/\/www.europesays.com\/de\/wp-json\/wp\/v2\/posts\/758285\/revisions"}],"wp:featuredmedia":[{"embeddable":true,"href":"https:\/\/www.europesays.com\/de\/wp-json\/wp\/v2\/media\/592340"}],"wp:attachment":[{"href":"https:\/\/www.europesays.com\/de\/wp-json\/wp\/v2\/media?parent=758285"}],"wp:term":[{"taxonomy":"category","embeddable":true,"href":"https:\/\/www.europesays.com\/de\/wp-json\/wp\/v2\/categories?post=758285"},{"taxonomy":"post_tag","embeddable":true,"href":"https:\/\/www.europesays.com\/de\/wp-json\/wp\/v2\/tags?post=758285"}],"curies":[{"name":"wp","href":"https:\/\/api.w.org\/{rel}","templated":true}]}}