{"id":758475,"date":"2026-01-30T12:54:17","date_gmt":"2026-01-30T12:54:17","guid":{"rendered":"https:\/\/www.europesays.com\/de\/758475\/"},"modified":"2026-01-30T12:54:17","modified_gmt":"2026-01-30T12:54:17","slug":"moevenpick-verlaesst-das-cafe-kroepcke-umbauarbeiten-geplant","status":"publish","type":"post","link":"https:\/\/www.europesays.com\/de\/758475\/","title":{"rendered":"M\u00f6venpick verl\u00e4sst das Caf\u00e9 Kr\u00f6pcke \u2013 Umbauarbeiten geplant"},"content":{"rendered":"<p>&#8222;Gastronomische Erfolgsgeschichte&#8220; endet <\/p>\n<p>M\u00f6venpick verl\u00e4sst das Caf\u00e9 Kr\u00f6pcke<\/p>\n<p>30.01.2026 &#8211; 13:08 UhrLesedauer: 2 Min.<\/p>\n<p><a href=\"#focus-0\" class=\"transition-colors duration-200 block text-current relative\" data-sctrack=\"FocusGalleryImage.Reference\"><img fetchpriority=\"high\" data-testid=\"Opener.Image\" style=\"--lqipURL:url('https:\/\/images.t-online.de\/2026\/01\/cpuq3G-rDdag\/0x208:4000x2250\/fit-in\/150x0\/filters:blur(25)\/cafe-kroepcke-archivbild-das-gebaeude-soll-modernisiert-werden.jpg')\"   loading=\"eager\" src=\"https:\/\/www.europesays.com\/de\/wp-content\/uploads\/2026\/01\/cafe-kroepcke-archivbild-das-gebaeude-soll-modernisiert-werden.jpg\" alt=\"Caf\u00e9 Kr\u00f6pcke (Archivbild): Das Geb\u00e4ude soll modernisiert werden.\" title=\"Caf\u00e9 Kr\u00f6pcke (Archivbild): Das Geb\u00e4ude soll modernisiert werden.\" width=\"4000\" height=\"2250\" class=\"bg-[url:var(--lqipURL)] bg-cover bg-center flex h-full w-full max-w-full\" decoding=\"async\"\/><img style=\"--width:32;--height:32\" loading=\"lazy\" src=\"https:\/\/hannover.t-online.de\/s\/paper\/_next\/static\/media\/zoom-in.f7dae02f.svg\" alt=\"Vergr\u00f6\u00dfern des Bildes\" title=\"Vergr\u00f6\u00dfern des Bildes\" class=\"block h-[calc(var(--height)_\/_16_*_1rem)] w-[calc(var(--width)_\/_16_*_1rem)] max-w-none absolute bottom-8 right-8 rounded-4 bg-snow p-8\" decoding=\"async\"\/><\/a><\/p>\n<p>Caf\u00e9 Kr\u00f6pcke (Archivbild): Das Geb\u00e4ude soll modernisiert werden. (Quelle: alimdi\/imago-images-bilder)<\/p>\n<p class=\"font-bold text-18 leading-17\">Nach fast f\u00fcnf Jahrzehnten endet die \u00c4ra M\u00f6venpick im traditionsreichen Caf\u00e9 Kr\u00f6pcke in Hannover. Das Wahrzeichen der Innenstadt wird umfassend modernisiert.<\/p>\n<p class=\"text-18 leading-17\">Gro\u00dfe Ver\u00e4nderungen stehen beim Caf\u00e9 Kr\u00f6pcke an. Es soll in den n\u00e4chsten Monaten und Jahren weiterentwickelt und modernisiert werden. Die Gastronomiekette M\u00f6venpick wird in diesem Zuge ihren 2027 ablaufenden Mietvertrag nicht verl\u00e4ngern. Das geht aus einer Pressemitteilung der Caf\u00e9 am Kr\u00f6pcke Betriebsgesellschaft (CaK) von Freitag hervor. &#8222;Damit endet eine fast 50-j\u00e4hrige gastronomische Erfolgsgeschichte in Hannover&#8220;, hei\u00dft es auf der Webseite des Caf\u00e9 Kr\u00f6pcke.<\/p>\n<p class=\"text-18 leading-17\">Thorsten Kr\u00f6ger, Gesch\u00e4ftsf\u00fchrer der CaK, sagte, er empfinde Wehmut. &#8222;Aber es ist ebenso eine Chance, auch diesen Geb\u00e4udeteil vollst\u00e4ndig zu sanieren und neue, spannende Gastronomiekonzepte ins Herz der Innenstadt zu bringen.&#8220;<\/p>\n<p class=\"text-18 leading-17\">Neben der Sanierung ist eine Neukonzeption geplant, sie soll in den kommenden Monaten entwickelt werden. Wichtig sei den Beteiligten dabei: &#8222;Das Caf\u00e9 Kr\u00f6pcke wird seinen Nimbus und identit\u00e4tsstiftenden Charakter als eines der Wahrzeichen der Landeshauptstadt bewahren.&#8220;<\/p>\n<p class=\"text-18 leading-17\">Die Bauarbeiten beginnen mit der Entkernung des Expo-Caf\u00e9-Geb\u00e4udes. Ab Oktober 2026 zieht das Enercity-Kundencenter deshalb vor\u00fcbergehend in die Georgstra\u00dfe 35.<\/p>\n<p class=\"text-18 leading-17\">Die Modernisierungsma\u00dfnahmen im &#8222;Ur-Caf\u00e9-Kr\u00f6pcke&#8220; werden voraussichtlich fr\u00fchestens Ende 2027 starten. Dann sollen auch alle Gesch\u00e4fte den flachen Geb\u00e4udeteil eine Zeit lang verlassen. Heizung, L\u00fcftung, K\u00e4lte- und Elektroanlagen sollen erneuert werden, die H\u00fclle energetisch verbessert. Auch optisch k\u00f6nnte sich der Bau ver\u00e4ndern.<\/p>\n<p class=\"text-18 leading-17\">Dabei sollen &#8222;der grundlegende Charakter, die Proportionen und die Anmutung des Geb\u00e4udes&#8220; erhalten bleiben. Es soll aber offener, frischer und zeitgem\u00e4\u00dfer wirken.<\/p>\n<p class=\"text-18 leading-17\">Die Arbeiten dauern voraussichtlich bis zu drei Jahre. Der Geb\u00e4udekomplex soll saniert werden, weil er rund 50 Jahre alt ist. Technik, Energieeffizienz und Teile der Geb\u00e4udeh\u00fclle entspr\u00e4chen nicht mehr heutigen Anforderungen, hei\u00dft es von der CaK.<\/p>\n","protected":false},"excerpt":{"rendered":"&#8222;Gastronomische Erfolgsgeschichte&#8220; endet M\u00f6venpick verl\u00e4sst das Caf\u00e9 Kr\u00f6pcke 30.01.2026 &#8211; 13:08 UhrLesedauer: 2 Min. Caf\u00e9 Kr\u00f6pcke (Archivbild): Das&hellip;\n","protected":false},"author":2,"featured_media":758476,"comment_status":"","ping_status":"","sticky":false,"template":"","format":"standard","meta":{"footnotes":"","_share_on_mastodon":"0"},"categories":[1836],"tags":[6762,3364,29,6763,45420,71660,30,46,58995,1411,172903,27352,172902],"class_list":["post-758475","post","type-post","status-publish","format-standard","has-post-thumbnail","category-hannover","tag-cafe","tag-de","tag-deutschland","tag-gastronomie","tag-gastronomiebetrieb","tag-gastronomiebranche","tag-germany","tag-hannover","tag-moevenpick","tag-niedersachsen","tag-thorsten-kroeger","tag-wahrzeichen","tag-wilhelm-kroepcke"],"share_on_mastodon":{"url":"https:\/\/pubeurope.com\/@de\/115984155649021038","error":""},"_links":{"self":[{"href":"https:\/\/www.europesays.com\/de\/wp-json\/wp\/v2\/posts\/758475","targetHints":{"allow":["GET"]}}],"collection":[{"href":"https:\/\/www.europesays.com\/de\/wp-json\/wp\/v2\/posts"}],"about":[{"href":"https:\/\/www.europesays.com\/de\/wp-json\/wp\/v2\/types\/post"}],"author":[{"embeddable":true,"href":"https:\/\/www.europesays.com\/de\/wp-json\/wp\/v2\/users\/2"}],"replies":[{"embeddable":true,"href":"https:\/\/www.europesays.com\/de\/wp-json\/wp\/v2\/comments?post=758475"}],"version-history":[{"count":0,"href":"https:\/\/www.europesays.com\/de\/wp-json\/wp\/v2\/posts\/758475\/revisions"}],"wp:featuredmedia":[{"embeddable":true,"href":"https:\/\/www.europesays.com\/de\/wp-json\/wp\/v2\/media\/758476"}],"wp:attachment":[{"href":"https:\/\/www.europesays.com\/de\/wp-json\/wp\/v2\/media?parent=758475"}],"wp:term":[{"taxonomy":"category","embeddable":true,"href":"https:\/\/www.europesays.com\/de\/wp-json\/wp\/v2\/categories?post=758475"},{"taxonomy":"post_tag","embeddable":true,"href":"https:\/\/www.europesays.com\/de\/wp-json\/wp\/v2\/tags?post=758475"}],"curies":[{"name":"wp","href":"https:\/\/api.w.org\/{rel}","templated":true}]}}