{"id":758506,"date":"2026-01-30T13:10:10","date_gmt":"2026-01-30T13:10:10","guid":{"rendered":"https:\/\/www.europesays.com\/de\/758506\/"},"modified":"2026-01-30T13:10:10","modified_gmt":"2026-01-30T13:10:10","slug":"auszaehlung-der-kommunalwahl-frankfurt-erwartet-keine-schwierigkeiten-nach-urteil","status":"publish","type":"post","link":"https:\/\/www.europesays.com\/de\/758506\/","title":{"rendered":"Ausz\u00e4hlung der Kommunalwahl: Frankfurt erwartet keine Schwierigkeiten nach Urteil."},"content":{"rendered":"<p class=\"p1 sm:p1-medium items-start pb-[20px]\" data-selector=\"body-paragraph\" data-external-selector=\"body-elements-paragraph\" data-v-f16c667d=\"\" data-v-439309db=\"\">Die Entscheidung des Hessischen Staatsgerichtshofs, der das von der Landesregierung f\u00fcr die <a data-rtr-index=\"2\" title=\"Kommunalwahl\" href=\"https:\/\/www.faz.net\/aktuell\/politik\/thema\/kommunalwahl\" target=\"_blank\" rel=\"noopener\">Kommunalwahl<\/a> vorgesehene Z\u00e4hlverfahren nach d&#8217;Hondt verworfen hat, d\u00fcrfte keine Auswirkungen auf die Ergebnisermittlung haben. \u201eDie alte Regelung mit Ausz\u00e4hlung nach Hare\/Niemeyer lebt wieder auf\u201c, sagte der Frankfurter Wahlleiter Gerhard Budde am Donnerstag. \u201eEine abermalige Gesetzes\u00e4nderung ist nicht n\u00f6tig.\u201c Nach Worten der f\u00fcr Wahlen zust\u00e4ndigen Dezernentin Eileen O&#8217;Sullivan (Volt) stehen zwar noch einige Testl\u00e4ufe bevor. \u201eAber im Prinzip stellt unser Dienstleister ekom21 lediglich die Software um, die f\u00fcr alle hessischen Kommunen funktionieren muss.\u201c<\/p>\n<p class=\"p1 sm:p1-medium items-start pb-[20px]\" data-selector=\"body-paragraph\" data-external-selector=\"body-elements-paragraph\" data-v-f16c667d=\"\" data-v-439309db=\"\">516.000 Deutsche und EU-B\u00fcrger sind f\u00fcr die Frankfurter Stadtverordnetenversammlung und die 16 Ortsbeir\u00e4te wahlberechtigt. Weitere 223.000 bei der Wahl f\u00fcr die Kommunale Ausl\u00e4ndervertretung (KAV), die seit 2021 gemeinsam mit der Kommunalwahl erfolgt. Dass von der n\u00e4chsten Woche an aber nur 655.000 Haushalte eine Wahlbenachrichtigung zugeschickt bekommen, liegt an 84.000 Frankfurtern, die Staatsangeh\u00f6rige eines EU-Landes sind. Sie d\u00fcrfen sowohl an der Kommunalwahl als auch an der KAV-Wahl teilnehmen.<\/p>\n<p>Neuer Rekord mit 1,44 Metern<\/p>\n<p class=\"p1 sm:p1-medium items-start pb-[20px]\" data-selector=\"body-paragraph\" data-external-selector=\"body-elements-paragraph\" data-v-f16c667d=\"\" data-v-439309db=\"\">Wie \u00fcblich kann Frankfurt auch diesmal einen Rekord vermelden. Schon wegen der mit 93 Sitzen gr\u00f6\u00dften Stadtverordnetenversammlung hat die gr\u00f6\u00dfte Stadt Hessens auch bei der Kommunalwahl 2026 am 15. M\u00e4rz den gr\u00f6\u00dften Stimmzettel des Bundeslands. Und obwohl dieses Mal 22 Parteien und W\u00e4hlergruppen und damit sechs weniger als vor f\u00fcnf Jahren zur Stadtverordnetenwahl antreten, ist der nach wie vor 60 Zentimeter hohe Wahlzettel noch einmal um 20 Zentimeter in der Breite gewachsen, auf jetzt 1,44 Meter.<\/p>\n<p class=\"p1 sm:p1-medium items-start pb-[20px]\" data-selector=\"body-paragraph\" data-external-selector=\"body-elements-paragraph\" data-v-f16c667d=\"\" data-v-439309db=\"\">F\u00fcr die Fl\u00e4chenausdehnung hat Wahlleiter Budde am Donnerstag einen \u00fcberraschenden Grund genannt: \u201eWir haben einige besonders lange Namen.\u201c Sie entstehen durch angef\u00fcgte K\u00fcnstlernamen, Adelsbezeichnungen und die in manchen Sprachen wie dem Spanischen \u00fcbliche Namensh\u00e4ufung. Im Prinzip reichte schon einer, denn da jeder Kandidat nur eine Zeile hat, wird die entsprechende Liste in die Breite gezogen. Weil aber die Wahlvorschl\u00e4ge auch optisch m\u00f6glichst gleichbehandelt werden sollten, w\u00fcchsen die anderen mit, erl\u00e4uterte die Leiterin des B\u00fcrgeramts, Statistik und Wahlen, Claudia Schlick.<\/p>\n<p class=\"p1 sm:p1-medium items-start pb-[20px]\" data-selector=\"body-paragraph\" data-external-selector=\"body-elements-paragraph\" data-v-f16c667d=\"\" data-v-439309db=\"\">1120 Kandidaten bewerben sich f\u00fcr das Stadtparlament, und mit bis zu drei Kreuzen k\u00f6nnen die W\u00e4hler jedem durch Kumulieren mehr Gewicht verleihen. Zusammen mit den Ortsbeiratslisten haben sich insgesamt 3175 Personen aufstellen lassen. Nachdem am 1. Februar das W\u00e4hlerverzeichnis aufgesetzt worden ist, werden die Benachrichtigungen nach und nach verschickt. Darauf findet sich wieder ein QR-Code, mit dem die Briefwahl beantragt werden kann. Aber es gibt daf\u00fcr auch Felder auf der R\u00fcckseite, die analog mit dem Stift ausgef\u00fcllt werden k\u00f6nnen, um den Antrag danach mit der Post zu verschicken.<\/p>\n<p class=\"p1 sm:p1-medium items-start pb-[20px]\" data-selector=\"body-paragraph\" data-external-selector=\"body-elements-paragraph\" data-v-f16c667d=\"\" data-v-439309db=\"\">O&#8217;Sullivan riet dazu, nicht die allerletzte Frist bis zum 13. M\u00e4rz abzuwarten und die R\u00fccklaufzeiten der Post zu bedenken. Wer m\u00f6chte, kann vom 2. Februar an alles in einem Arbeitsgang erledigen, im Briefwahllokal im Haus Stiftstra\u00dfe 29 den Antrag stellen und an Ort und Stelle w\u00e4hlen. 7000 Wahlhelfer werden am 15. M\u00e4rz im Einsatz sein, darunter sind 4000 Mitarbeiter der Verwaltung oder st\u00e4dtischer Betriebe. Nur vereinzelt gebe es noch Bedarf, sagte die Dezernentin. Man wolle die erforderlichen Pl\u00e4tze zu 120 Prozent besetzen, um Ausf\u00e4lle ausgleichen zu k\u00f6nnen.<\/p>\n","protected":false},"excerpt":{"rendered":"Die Entscheidung des Hessischen Staatsgerichtshofs, der das von der Landesregierung f\u00fcr die Kommunalwahl vorgesehene Z\u00e4hlverfahren nach d&#8217;Hondt verworfen&hellip;\n","protected":false},"author":2,"featured_media":758507,"comment_status":"","ping_status":"","sticky":false,"template":"","format":"standard","meta":{"footnotes":""},"categories":[1829],"tags":[29,2050,2051,30,2052],"class_list":{"0":"post-758506","1":"post","2":"type-post","3":"status-publish","4":"format-standard","5":"has-post-thumbnail","7":"category-frankfurt-am-main","8":"tag-deutschland","9":"tag-frankfurt","10":"tag-frankfurt-am-main","11":"tag-germany","12":"tag-hessen"},"share_on_mastodon":{"url":"https:\/\/pubeurope.com\/@de\/115984218486172560","error":""},"_links":{"self":[{"href":"https:\/\/www.europesays.com\/de\/wp-json\/wp\/v2\/posts\/758506","targetHints":{"allow":["GET"]}}],"collection":[{"href":"https:\/\/www.europesays.com\/de\/wp-json\/wp\/v2\/posts"}],"about":[{"href":"https:\/\/www.europesays.com\/de\/wp-json\/wp\/v2\/types\/post"}],"author":[{"embeddable":true,"href":"https:\/\/www.europesays.com\/de\/wp-json\/wp\/v2\/users\/2"}],"replies":[{"embeddable":true,"href":"https:\/\/www.europesays.com\/de\/wp-json\/wp\/v2\/comments?post=758506"}],"version-history":[{"count":0,"href":"https:\/\/www.europesays.com\/de\/wp-json\/wp\/v2\/posts\/758506\/revisions"}],"wp:featuredmedia":[{"embeddable":true,"href":"https:\/\/www.europesays.com\/de\/wp-json\/wp\/v2\/media\/758507"}],"wp:attachment":[{"href":"https:\/\/www.europesays.com\/de\/wp-json\/wp\/v2\/media?parent=758506"}],"wp:term":[{"taxonomy":"category","embeddable":true,"href":"https:\/\/www.europesays.com\/de\/wp-json\/wp\/v2\/categories?post=758506"},{"taxonomy":"post_tag","embeddable":true,"href":"https:\/\/www.europesays.com\/de\/wp-json\/wp\/v2\/tags?post=758506"}],"curies":[{"name":"wp","href":"https:\/\/api.w.org\/{rel}","templated":true}]}}