{"id":758551,"date":"2026-01-30T13:35:11","date_gmt":"2026-01-30T13:35:11","guid":{"rendered":"https:\/\/www.europesays.com\/de\/758551\/"},"modified":"2026-01-30T13:35:11","modified_gmt":"2026-01-30T13:35:11","slug":"explosion-auf-der-a3-bei-regensburg-lka-prueft-verbindung-zu-automatensprengern-bayern","status":"publish","type":"post","link":"https:\/\/www.europesays.com\/de\/758551\/","title":{"rendered":"Explosion auf der A3 bei Regensburg: LKA pr\u00fcft Verbindung zu Automatensprengern &#8211; Bayern"},"content":{"rendered":"<p data-manual=\"paragraph\" data-schema-org-speakable=\"true\" class=\"css-1eosz7k\">Nach der kontrollierten Sprengung mutma\u00dflich explosiver Gegenst\u00e4nde in einem Wagen auf der <a href=\"https:\/\/www.sueddeutsche.de\/thema\/Autobahn\" rel=\"nofollow noopener\" target=\"_blank\">Autobahn<\/a> 3 pr\u00fcfen Ermittler unter anderem Spuren zur Geldautomatensprenger-Szene. Ermittelt werde weiter in alle Richtungen, einem Zusammenhang mit diesem Hintergrund werde dabei aber nachgegangen, sagte ein Sprecher des bayerischen Landeskriminalamts (LKA). Einen politischen Hintergrund schlie\u00dfen die Ermittler derzeit demnach aus.<\/p>\n<p data-manual=\"paragraph\" data-schema-org-speakable=\"true\" class=\"css-1eosz7k\">Die Frau am Steuer des Wagens und ihr Beifahrer sollen demnach noch am Freitagnachmittag einem Ermittlungsrichter am Amtsgericht N\u00fcrnberg vorgef\u00fchrt werden. Dort w\u00fcrde dann \u00fcber eine m\u00f6gliche Untersuchungshaft f\u00fcr die beiden Festgenommenen entschieden. Die Ermittlungen laufen laut Angaben des Landeskriminalamts derzeit wegen des Verdachts auf Vorbereitung eines Explosionsverbrechens und Verst\u00f6\u00dfe gegen das Sprengstoffrecht.<\/p>\n<p><a href=\"https:\/\/www.sueddeutsche.de\/bayern\/bayern-whatsapp-kanal-sueddeutsche-zeitung-anmeldung-abonniere-lux.53Kn45a8k7kuCphD9cvyfg\" aria-label=\"Artikelverlinkung:\" data-track-szde=\"{&quot;event&quot;:&quot;teaser_clicked&quot;,&quot;teaser_clicked&quot;:{&quot;article_title&quot;:&quot;nachrichten_aus_der_bayern_redaktion_jetzt_auf_whatsapp_abonnieren&quot;,&quot;doctype&quot;:&quot;&quot;,&quot;label&quot;:&quot;&quot;,&quot;main_topic&quot;:&quot;bayern&quot;,&quot;object_id&quot;:&quot;lux.53Kn45a8k7kuCphD9cvyfg&quot;,&quot;pcat&quot;:&quot;metered&quot;,&quot;section&quot;:&quot;bayern&quot;,&quot;teaser_type&quot;:&quot;article_teaser_top&quot;}}\" data-manual=\"teaser-url\" data-tb-link=\"\" aria-labelledby=\"teaser-httpswwwsueddeutschedebayernbayern-whatsapp-kanal-sueddeutsche-zeitung-anmeldung-abonniere-lux53Kn45a8k7kuCphD9cvyfg\" class=\"css-14tg8sh\" rel=\"nofollow noopener\" target=\"_blank\"><img decoding=\"async\" src=\"https:\/\/www.europesays.com\/de\/wp-content\/uploads\/2026\/01\/1769780111_835_9eb3992c-8ccd-422c-b33d-55d59e50937d.jpeg\"   alt=\"\" loading=\"lazy\" class=\"css-8atqhb\"\/><\/p>\n<p>SZ Bayern auf Whatsapp<\/p>\n<p>:Nachrichten aus der Bayern-Redaktion \u2013 jetzt auf Whatsapp abonnieren<\/p>\n<p class=\"css-a6ecqs\" data-manual=\"teaser-text\" data-tb-description=\"\" data-schema-org-speakable=\"true\">Von Aschaffenburg bis Berchtesgaden: Das Bayern-Team der SZ ist im gesamten Freistaat f\u00fcr Sie unterwegs. Hier entlang, wenn Sie Geschichten, News und Hintergr\u00fcnde direkt aufs Handy bekommen m\u00f6chten.<\/p>\n<p data-manual=\"paragraph\" data-schema-org-speakable=\"true\" class=\"css-1eosz7k\">Spezialisten des Landeskriminalamts hatten am Vormittag einen verd\u00e4chtigen Gegenstand, der nach Einsch\u00e4tzung der Ermittler nicht sicher genug f\u00fcr einen Transport war, gesprengt. Es habe sich vermutlich um Sprengstoff gehandelt, sagte ein Sprecher der Polizeibeh\u00f6rde.<\/p>\n<p data-manual=\"paragraph\" data-schema-org-speakable=\"true\" class=\"css-1eosz7k\">Die Hintergr\u00fcnde waren zun\u00e4chst unklar. Der LKA-Sprecher ging jedoch davon aus, dass es sich nicht um ein Verfahren im Bereich des Staatsschutzes handelt \u2013 unter dem Begriff \u201eStaatsschutz\u201c laufen Ermittlungen zu politisch motivierten Straftaten.<\/p>\n<p>Die Polizei sperrte die Autobahn 3 gro\u00dfr\u00e4umige ab<\/p>\n<p data-manual=\"paragraph\" data-schema-org-speakable=\"true\" class=\"css-1eosz7k\">Ausl\u00f6ser des Gro\u00dfeinsatzes war eine Verkehrskontrolle gegen zwei Uhr morgens kurz vor der Ausfahrt Wiesent\/W\u00f6rth an der Donau. Am Steuer sa\u00dfen eine Frau, der Beifahrer war ein Mann. Dabei fielen den Beamten die \u201esprengstoffverd\u00e4chtigen Gegenst\u00e4nde\u201c in dem Wagen auf, beide Personen wurden vorl\u00e4ufig festgenommen. Zur Identit\u00e4t der beiden konnte die Polizei zun\u00e4chst nichts N\u00e4heres sagen. Ein starkes Polizeiaufgebot sicherte den Einsatzort gro\u00dfr\u00e4umig ab.<\/p>\n<p data-manual=\"paragraph\" data-schema-org-speakable=\"true\" class=\"css-1eosz7k\">N\u00e4heres war auch \u00fcber den mutma\u00dflichen Sprengstofffund zun\u00e4chst nicht bekannt: Weder, welche Art von Gegenst\u00e4nden gefunden wurde, noch, um welche Menge es sich handelt. Zur Vorbeugung gr\u00f6\u00dferer Sch\u00e4den im Fall einer etwaigen Explosion entschieden sich die Beamten schon vor der kontrollierten Sprengung f\u00fcr eine gro\u00dfr\u00e4umige Sperrung der <a href=\"https:\/\/www.sueddeutsche.de\/thema\/A3\" rel=\"nofollow noopener\" target=\"_blank\">A3<\/a>\u00a0\u2013 in Richtung Passau ab der Anschlussstelle Rosenhof, in der Gegenrichtung nach N\u00fcrnberg ab Kirchroth.<\/p>\n<p>Am Morgen kam es dementsprechend zu Staus und z\u00e4hem Verkehr sowohl auf der Autobahn als auch auf der nahen Bundesstra\u00dfe 8.\u00a0Erst gegen Mittag wurde die Strecke wieder komplett freigegeben.<\/p>\n","protected":false},"excerpt":{"rendered":"Nach der kontrollierten Sprengung mutma\u00dflich explosiver Gegenst\u00e4nde in einem Wagen auf der Autobahn 3 pr\u00fcfen Ermittler unter anderem&hellip;\n","protected":false},"author":2,"featured_media":758552,"comment_status":"","ping_status":"","sticky":false,"template":"","format":"standard","meta":{"footnotes":"","_share_on_mastodon":"0"},"categories":[2],"tags":[26029,5543,84756,772,29,30,13,1584,14,15,9465,11336,12946,12,149,10,8,9,11,13708],"class_list":["post-758551","post","type-post","status-publish","format-standard","has-post-thumbnail","category-deutschland","tag-a3","tag-autobahn","tag-bayerisches-landeskriminalamt","tag-bayern","tag-deutschland","tag-germany","tag-headlines","tag-kriminalitaet","tag-nachrichten","tag-news","tag-oberpfalz","tag-polizei-und-feuerwehr-in-bayern","tag-regensburg","tag-schlagzeilen","tag-sueddeutsche-zeitung","tag-top-news","tag-top-meldungen","tag-topmeldungen","tag-topnews","tag-verkehr-in-bayern"],"share_on_mastodon":{"url":"https:\/\/pubeurope.com\/@de\/115984318315372420","error":""},"_links":{"self":[{"href":"https:\/\/www.europesays.com\/de\/wp-json\/wp\/v2\/posts\/758551","targetHints":{"allow":["GET"]}}],"collection":[{"href":"https:\/\/www.europesays.com\/de\/wp-json\/wp\/v2\/posts"}],"about":[{"href":"https:\/\/www.europesays.com\/de\/wp-json\/wp\/v2\/types\/post"}],"author":[{"embeddable":true,"href":"https:\/\/www.europesays.com\/de\/wp-json\/wp\/v2\/users\/2"}],"replies":[{"embeddable":true,"href":"https:\/\/www.europesays.com\/de\/wp-json\/wp\/v2\/comments?post=758551"}],"version-history":[{"count":0,"href":"https:\/\/www.europesays.com\/de\/wp-json\/wp\/v2\/posts\/758551\/revisions"}],"wp:featuredmedia":[{"embeddable":true,"href":"https:\/\/www.europesays.com\/de\/wp-json\/wp\/v2\/media\/758552"}],"wp:attachment":[{"href":"https:\/\/www.europesays.com\/de\/wp-json\/wp\/v2\/media?parent=758551"}],"wp:term":[{"taxonomy":"category","embeddable":true,"href":"https:\/\/www.europesays.com\/de\/wp-json\/wp\/v2\/categories?post=758551"},{"taxonomy":"post_tag","embeddable":true,"href":"https:\/\/www.europesays.com\/de\/wp-json\/wp\/v2\/tags?post=758551"}],"curies":[{"name":"wp","href":"https:\/\/api.w.org\/{rel}","templated":true}]}}