{"id":758845,"date":"2026-01-30T16:12:16","date_gmt":"2026-01-30T16:12:16","guid":{"rendered":"https:\/\/www.europesays.com\/de\/758845\/"},"modified":"2026-01-30T16:12:16","modified_gmt":"2026-01-30T16:12:16","slug":"handball-em-handball-verband-aendert-nach-sigurdsson-kritik-turnier-ablauf-sport","status":"publish","type":"post","link":"https:\/\/www.europesays.com\/de\/758845\/","title":{"rendered":"Handball-EM: Handball-Verband \u00e4ndert nach Sigurdsson-Kritik Turnier-Ablauf | Sport"},"content":{"rendered":"<p><b>So schnell kann Kritik Wirkung zeigen. Mit seiner Wutrede sorgte Kroatien-Trainer Dagur Sigurdsson (52) bei der <\/b><a href=\"https:\/\/www.bild.de\/sport\/sportart\/handball\/handball-alle-infos-76675494.bild.html\" class=\"text-link\" rel=\"nofollow noopener\" target=\"_blank\"><b>Handball<\/b><\/a><b>-Europameisterschaft f\u00fcr m\u00e4chtig Wirbel. Im Vorfeld des Halbfinals zwischen seiner Mannschaft und Deutschland (Freitag, 17.45 Uhr\/ARD und Dyn) hatte sich der Isl\u00e4nder \u00fcber den eng getakteten Spielplan und Reisestrapazen beklagt.<\/b><\/p>\n<p><a class=\"article-image__anchor\" href=\"https:\/\/www.dyn.sport\/sport_handball\" target=\"_blank\" rel=\"noopener nofollow\"><img decoding=\"async\" width=\"992\" height=\"84\" alt=\"\" src=\"https:\/\/www.europesays.com\/de\/wp-content\/uploads\/2026\/01\/3253e8ae9dd8a91eef9c8d6730cc6f90,488a8e8c.png\"   class=\"dynamic\" loading=\"lazy\"\/><\/a><\/p>\n<p>Foto: BILD<\/p>\n<p>Dabei nahm der ehemalige Bundestrainer kein Blatt vor den Mund und ging die Europ\u00e4ische Handballf\u00f6deration (EHF) hart an. Unter anderem sagte er: \u201eSie sind wie ein Fast-Food-Unternehmen. Sie k\u00fcmmern sich nicht um die Qualit\u00e4t, sie verkaufen nur. Eigentlich sind sie wie eine Eventagentur. Sie bestellen einfach ein paar K\u00fcnstler, veranstalten eine gute Show und eine nette Pressekonferenz. Es spielt keine Rolle, dass wir morgens vier Stunden von Malm\u00f6 hierherfahren mussten.\u201c<\/p>\n<p>Neben Sigurdsson hatte sich im Verlaufe des Turniers auch Spieler kritisch ge\u00e4u\u00dfert. Am Tag nach der denkw\u00fcrdigen Pressekonferenz reagierte die EHF \u2013 und k\u00fcndigte \u00c4nderungen an. <\/p>\n<p>Mehr zum ThemaHandball-EM: K\u00fcnftig keine zwei Spiele in zwei Tagen<\/p>\n<p>So schreibt der Verband, dass bei der <a href=\"https:\/\/www.bild.de\/sport\/mehr-sport\/handball-em\/home-86274912.bild.html\" class=\"text-link\" rel=\"nofollow noopener\" target=\"_blank\">Europameisterschaft<\/a> 2028, die in Spanien, Portugal und der Schweiz stattfindet, keine aufeinanderfolgenden Spieltage mehr angesetzt w\u00fcrden. Bedeutet: Teams m\u00fcssen nicht mehr an zwei Tagen hintereinander spielen. In der Hauptrundengruppe II mussten die Teams beim diesj\u00e4hrigen Turnier beispielsweise die letzten beiden Spiele am 27. und 28. Januar austragen.<\/p>\n<p>Schon bei der Frauen-EM 2026 sollen im Dezember Ruhe- und Reisetage getrennt werden. Diese \u00c4nderung soll im Anschluss bei allen M\u00e4nner- und Frauen-Turnieren umgesetzt werden. Sigurdsson kritisierte, dass seine Mannschaft am Tag zwischen dem letzten Hauptrundenspiel und dem Halbfinale von Malm\u00f6 nach Herning (knapp 340 Kilometer Fahrstrecke) reisen musste. Dadurch sei eine umfassende Spielvorbereitung kaum m\u00f6glich.<\/p>\n","protected":false},"excerpt":{"rendered":"So schnell kann Kritik Wirkung zeigen. Mit seiner Wutrede sorgte Kroatien-Trainer Dagur Sigurdsson (52) bei der Handball-Europameisterschaft f\u00fcr&hellip;\n","protected":false},"author":2,"featured_media":758846,"comment_status":"","ping_status":"","sticky":false,"template":"","format":"standard","meta":{"footnotes":"","_share_on_mastodon":"0"},"categories":[136],"tags":[1263,132876,132872,101712,1160,39208,29,11662,1932,23446,129825,1933,30,39209,78116,60126,1391,1929,164432,37984,161564,125272,38956,132877,5009,42623,132879,15308,33851,156954,53038,129826,164431,132873,164429,11660,9380,9378,132878,164430,132875,9949,132874,265,542,4581,45,7748,23444,15314,17341,101713],"class_list":["post-758845","post","type-post","status-publish","format-standard","has-post-thumbnail","category-sport","tag-aufmacher-bereich","tag-boxen-jyske-bank","tag-chatton-benjamin","tag-dahmke-rune","tag-daenemark","tag-deutsche-handballnationalmannschaft","tag-deutschland","tag-dhb","tag-dyn-handball","tag-fischer-justus","tag-freihoefer-tim","tag-fuechse-berlin","tag-germany","tag-gislason-alfred","tag-golla-johannes","tag-grgic-marko","tag-handball","tag-handball-ereignisse","tag-handball-euro","tag-handball-em","tag-handball-em-2026","tag-handballnationalmannschaft","tag-hanning-bob","tag-haeseler-mathis","tag-hbl","tag-herning","tag-kiesler-tom","tag-knorr-juri","tag-koester-julian","tag-langhoff-matthes","tag-lichtlein-nils","tag-ludwig-lasse","tag-meckes-ingo","tag-mertens-lukas","tag-michelmann-andreas","tag-rhein-neckar-loewen","tag-sc-dhfk-leipzig","tag-sc-magdeburg","tag-schluroff-miro","tag-schober-mark","tag-semper-franz","tag-sg-flensburg-handewitt","tag-spaeth-david","tag-sport","tag-sport-leuchtturm-hamburg","tag-sport-tag-im-ticker","tag-texttospeech","tag-thw-kiel","tag-uscins-renars","tag-weitzmann-dirk","tag-wolff-andreas","tag-zerbe-lukas"],"share_on_mastodon":{"url":"","error":"Validation failed: Text character limit of 500 exceeded"},"_links":{"self":[{"href":"https:\/\/www.europesays.com\/de\/wp-json\/wp\/v2\/posts\/758845","targetHints":{"allow":["GET"]}}],"collection":[{"href":"https:\/\/www.europesays.com\/de\/wp-json\/wp\/v2\/posts"}],"about":[{"href":"https:\/\/www.europesays.com\/de\/wp-json\/wp\/v2\/types\/post"}],"author":[{"embeddable":true,"href":"https:\/\/www.europesays.com\/de\/wp-json\/wp\/v2\/users\/2"}],"replies":[{"embeddable":true,"href":"https:\/\/www.europesays.com\/de\/wp-json\/wp\/v2\/comments?post=758845"}],"version-history":[{"count":0,"href":"https:\/\/www.europesays.com\/de\/wp-json\/wp\/v2\/posts\/758845\/revisions"}],"wp:featuredmedia":[{"embeddable":true,"href":"https:\/\/www.europesays.com\/de\/wp-json\/wp\/v2\/media\/758846"}],"wp:attachment":[{"href":"https:\/\/www.europesays.com\/de\/wp-json\/wp\/v2\/media?parent=758845"}],"wp:term":[{"taxonomy":"category","embeddable":true,"href":"https:\/\/www.europesays.com\/de\/wp-json\/wp\/v2\/categories?post=758845"},{"taxonomy":"post_tag","embeddable":true,"href":"https:\/\/www.europesays.com\/de\/wp-json\/wp\/v2\/tags?post=758845"}],"curies":[{"name":"wp","href":"https:\/\/api.w.org\/{rel}","templated":true}]}}