{"id":758953,"date":"2026-01-30T17:09:12","date_gmt":"2026-01-30T17:09:12","guid":{"rendered":"https:\/\/www.europesays.com\/de\/758953\/"},"modified":"2026-01-30T17:09:12","modified_gmt":"2026-01-30T17:09:12","slug":"im-raum-stuttgart-und-nrw-sechs-festnahmen-bei-razzien-gegen-organisierte-kriminalitaet-startseite","status":"publish","type":"post","link":"https:\/\/www.europesays.com\/de\/758953\/","title":{"rendered":"Im Raum Stuttgart und NRW: Sechs Festnahmen bei Razzien gegen organisierte Kriminalit\u00e4t &#8211; Startseite"},"content":{"rendered":"<p>Sechs M\u00e4nner wurden wegen mutma\u00dflichen Waffenbesitzes festgenommen. Die Polizei sicherte 15 Schusswaffen. Was \u00fcber die laufenden Ermittlungen bekannt ist.<\/p>\n<p>\u2013 Die <a href=\"https:\/\/www.krzbb.de\/thema\/Polizei\" title=\"Polizei\" class=\"art_thema\" rel=\"nofollow noopener\" target=\"_blank\">Polizei<\/a> hat in Baden-W\u00fcrttemberg und Nordrhein-Westfalen sechs Verd\u00e4chtige wegen illegalen Waffenbesitzes festgenommen und 15 Schusswaffen beschlagnahmt. <\/p>\n<p>Im Rahmen von Ermittlungen in der organisierten Kriminalit\u00e4t durchsuchten Spezialkr\u00e4fte Wohn- und Gesch\u00e4ftsr\u00e4ume der M\u00e4nner zwischen 28 und 70 Jahren und sicherten Beweismaterial, wie Staatsanwaltschaft und Polizei in <a href=\"https:\/\/www.krzbb.de\/thema\/Stuttgart\" title=\"Stuttgart\" class=\"art_thema\" rel=\"nofollow noopener\" target=\"_blank\">Stuttgart<\/a> mitteilten. Die Durchsuchungen fanden im <a href=\"https:\/\/www.krzbb.de\/thema\/Rems-Murr-Kreis\" title=\"Rems-Murr-Kreis\" class=\"art_thema\" rel=\"nofollow noopener\" target=\"_blank\">Rems-Murr-Kreis<\/a> und <a href=\"https:\/\/www.krzbb.de\/thema\/Kreis_Esslingen\" title=\"Kreis Esslingen\" class=\"art_thema\" rel=\"nofollow noopener\" target=\"_blank\">Kreis Esslingen<\/a> in Baden-W\u00fcrttemberg statt sowie in <a href=\"https:\/\/www.krzbb.de\/thema\/Dortmund\" title=\"Dortmund\" class=\"art_thema\" rel=\"nofollow noopener\" target=\"_blank\">Dortmund<\/a>.<\/p>\n<p>Vier Beschuldigte wurden am Mittag einem Haftrichter vorgef\u00fchrt, der Haftbefehle wegen Waffengesetzesverst\u00f6\u00dfen erlie\u00df. Sie sitzen in Untersuchungshaft. Zwei weitere M\u00e4nner kamen nach polizeilichen Ma\u00dfnahmen frei. Die Ermittlungen dauern an. Ob die Ma\u00dfnahmen im Rahmen des bestehenden Bandenkriegs im Gro\u00dfraum Stuttgart durchgef\u00fchrt wurden, konnte der Sprecher nicht sagen. <\/p>\n","protected":false},"excerpt":{"rendered":"Sechs M\u00e4nner wurden wegen mutma\u00dflichen Waffenbesitzes festgenommen. Die Polizei sicherte 15 Schusswaffen. Was \u00fcber die laufenden Ermittlungen bekannt&hellip;\n","protected":false},"author":2,"featured_media":758954,"comment_status":"","ping_status":"","sticky":false,"template":"","format":"standard","meta":{"footnotes":"","_share_on_mastodon":"0"},"categories":[1830],"tags":[1634,3364,29,217,886,30,15254,3084,121,8760,1441],"class_list":["post-758953","post","type-post","status-publish","format-standard","has-post-thumbnail","category-stuttgart","tag-baden-wuerttemberg","tag-de","tag-deutschland","tag-dortmund","tag-festnahmen","tag-germany","tag-kreis-esslingen","tag-organisierte-kriminalitaet","tag-polizei","tag-rems-murr-kreis","tag-stuttgart"],"share_on_mastodon":{"url":"https:\/\/pubeurope.com\/@de\/115985158308432808","error":""},"_links":{"self":[{"href":"https:\/\/www.europesays.com\/de\/wp-json\/wp\/v2\/posts\/758953","targetHints":{"allow":["GET"]}}],"collection":[{"href":"https:\/\/www.europesays.com\/de\/wp-json\/wp\/v2\/posts"}],"about":[{"href":"https:\/\/www.europesays.com\/de\/wp-json\/wp\/v2\/types\/post"}],"author":[{"embeddable":true,"href":"https:\/\/www.europesays.com\/de\/wp-json\/wp\/v2\/users\/2"}],"replies":[{"embeddable":true,"href":"https:\/\/www.europesays.com\/de\/wp-json\/wp\/v2\/comments?post=758953"}],"version-history":[{"count":0,"href":"https:\/\/www.europesays.com\/de\/wp-json\/wp\/v2\/posts\/758953\/revisions"}],"wp:featuredmedia":[{"embeddable":true,"href":"https:\/\/www.europesays.com\/de\/wp-json\/wp\/v2\/media\/758954"}],"wp:attachment":[{"href":"https:\/\/www.europesays.com\/de\/wp-json\/wp\/v2\/media?parent=758953"}],"wp:term":[{"taxonomy":"category","embeddable":true,"href":"https:\/\/www.europesays.com\/de\/wp-json\/wp\/v2\/categories?post=758953"},{"taxonomy":"post_tag","embeddable":true,"href":"https:\/\/www.europesays.com\/de\/wp-json\/wp\/v2\/tags?post=758953"}],"curies":[{"name":"wp","href":"https:\/\/api.w.org\/{rel}","templated":true}]}}