{"id":758995,"date":"2026-01-30T17:33:18","date_gmt":"2026-01-30T17:33:18","guid":{"rendered":"https:\/\/www.europesays.com\/de\/758995\/"},"modified":"2026-01-30T17:33:18","modified_gmt":"2026-01-30T17:33:18","slug":"ariel-hediger-trauert-im-dschungelcamp-so-sah-ihr-verstorbener-vater-aus","status":"publish","type":"post","link":"https:\/\/www.europesays.com\/de\/758995\/","title":{"rendered":"Ariel Hediger trauert im Dschungelcamp: So sah ihr verstorbener Vater aus"},"content":{"rendered":"<p>Ariel Hediger konnte sich in den vergangenen zwei Jahren als Realitystar etablieren. Zwar war der ganz gro\u00dfe Durchbruch noch nicht dabei, aber das k\u00f6nnte sich jetzt \u00e4ndern. Die Schweizerin ist Teil der neuen Dschungelcamp-Staffel. Was muss man \u00fcber Ariel wissen?<\/p>\n<p>Ariel im Dschungelcamp: Kandidatin bei &#8222;Ich bin ein Star \u2013 Holt mich hier raus!&#8220;?<\/p>\n<p>Neben Stars wie Simone Ballack, Mirja du Mont oder Samira Yavuz ist Ariel Teil der beliebten RTL-Sendung &#8222;Ich bin ein Star \u2013 Holt mich hier raus!&#8220;. Aktuell unterh\u00e4lt sie lediglich mit ihren emotionalen Ausrastern und ihrem Unverm\u00f6gen in den Pr\u00fcfungen. Ob mehr in ihr steckt als die Dramaqueen, die sie pr\u00e4sentiert? Bislang gab es ihre weiche Seite noch nicht zu sehen.<\/p>\n<p>    <img decoding=\"async\" src=\"https:\/\/www.europesays.com\/de\/wp-content\/uploads\/2025\/04\/loader_big_black.gif\" class=\"loader-wheel\" alt=\"Lade TED\" title=\"Lade TED\" border=\"0\"\/><\/p>\n<p>\u00a0<\/p>\n<p>Umfrage wird geladen, bitte warten&#8230;<\/p>\n<p>\u00a0<\/p>\n<p>Herkunft, Alter und echter Name: Das ist \u00fcber die krawallige Schweizerin bekannt<\/p>\n<p>Am 13. April 2003 kam Ariel Hediger in Basel zur Welt. Bis heute lebt die Reality-Diva in der sch\u00f6nen Stadt am Rhein. Mit b\u00fcrgerlichem Namen hei\u00dft die TV-Beauty laut &#8222;<a href=\"https:\/\/www.swp.de\/panorama\/personen\/prominent-getrennt-2025-ariel-78126938.html\" target=\"_blank\" title=\"https:\/\/www.swp.de\/panorama\/personen\/prominent-getrennt-2025-ariel-78126938.html\" class=\"ext_links\" rel=\"noopener nofollow\">S\u00fcdwest Presse<\/a>&#8220; Valeria \u2013 Ariel ist also ein K\u00fcnstlername. Ihren Geburtsnamen h\u00e4lt die Schweizerin bewusst geheim. Neben ihrer T\u00e4tigkeit im Reality-TV arbeitet sie als Influencerin, auf Instagram folgen ihr \u00fcber 200.000 Menschen (Stand: Dezember 2025).<\/p>\n<p>Komplett ver\u00e4ndert: So sah Dschungel-Ariel fr\u00fcher aus<\/p>\n<p>Dass Ariel sich schon beim Beauty-Doc behandeln lie\u00df, d\u00fcrfte f\u00fcr viele Zuschauer l\u00e4ngst kein Geheimnis mehr sein. Auf ihrem Instagram-Account hat die h\u00fcbsche Krawall-Schweizerin Bilder gepostet, auf denen sie im Gegensatz zu heute kaum wiederzuerkennen ist. <strong>So sah sie fr\u00fcher aus:<\/strong><\/p>\n<p>    <img decoding=\"async\" loading=\"lazy\" src=\"https:\/\/www.europesays.com\/de\/wp-content\/uploads\/2026\/01\/1652276_artikelbild-50proz_1FuTYY_U2FoQY.jpg\" alt=\"So sah Ariel Hediger noch vor ihrer Teilnahme am Dschungelcamp 2026 aus.\" title=\"So sah Ariel Hediger noch vor ihrer Teilnahme am Dschungelcamp 2026 aus.\" width=\"406\" height=\"485\"\/><\/p>\n<p>      So sah Ariel Hediger noch vor ihrer Teilnahme am Dschungelcamp 2026 aus.<br \/>\n      \u00a9 Instagram\/_ariel__61<\/p>\n<p>    So sah Ariel Hediger noch vor ihrer Teilnahme am Dschungelcamp 2026 aus.<\/p>\n<p>von Instagram\/_ariel__61 <\/p>\n<p>&#8222;}&#8220;&gt; <\/p>\n<p>Eltern von Ariel: Vater starb kurz vor Dschungelcamp-Start<\/p>\n<p>\u00dcber Ariels Eltern ist nicht allzu viel bekannt. Im November 2025 machte sie eine seltene Ausnahme und teilte via Instagram mit, dass ihr Vater verstorben ist. &#8222;Du warst immer f\u00fcr mich da der Einzige, der an mich geglaubt hat, als alle anderen mich aufgegeben haben&#8220;, schrieb sie zu einem gemeinsamen Foto.<\/p>\n<p>    <img decoding=\"async\" loading=\"lazy\" src=\"https:\/\/www.europesays.com\/de\/wp-content\/uploads\/2026\/01\/1652647_artikelbild-50proz_1Fvctm_Ouq0EP.jpg\" alt=\"Dieses Foto ihres Vaters hat Ariel auf Instagram gepostet.\" title=\"Dieses Foto ihres Vaters hat Ariel auf Instagram gepostet.\" width=\"406\" height=\"587\"\/><\/p>\n<p>      Dieses Foto ihres Vaters hat Ariel auf Instagram gepostet.<br \/>\n      \u00a9 instagram\/_ariel__61<\/p>\n<p>    Dieses Foto ihres Vaters hat Ariel auf Instagram gepostet.<\/p>\n<p>von instagram\/_ariel__61 <\/p>\n<p>&#8222;}&#8220;&gt; <\/p>\n<p>Kurz vor ihrem Einzug ins Dschungelcamp 2026 sagte sie \u00fcber ihren Vater zu &#8222;Bild&#8220;: &#8222;Viele dachten, ich w\u00fcrde irgendwann abst\u00fcrzen. Er nicht. Er war immer da, bei meiner Abschlusspr\u00fcfung, bei der Geburt meiner Tochter, bei allem.&#8220; F\u00fcr ihn wolle sie sich durch das harte Trash-Format k\u00e4mpfen. &#8222;Ich will ihn stolz machen. Er gibt mir von oben Kraft.&#8220;<\/p>\n<p>Vater ist verstorben: Ariel trauert im Dschungelcamp<\/p>\n<p>Auch im Dschungelcamp kam Ariel auf ihren Vater zu sprechen. &#8222;Ich realisiere das noch gar nicht. Er war der beste Mensch in meinem Leben, neben meiner Tochter&#8220;, sagte sie an Tag 5 unter Tr\u00e4nen im Gespr\u00e4ch mit Samira Yavuz. &#8222;So einen Vater w\u00fcrde ich mir f\u00fcr meine Tochter w\u00fcnschen. Er hat alles f\u00fcr mich gemacht, auch als er schon schwerkrank war.&#8220; Die vertraute Unterhaltung ber\u00fchrte Samira so sehr, dass auch ihr im Dschungeltelefon die Tr\u00e4nen kamen: &#8222;Ich w\u00fcsste als 32-J\u00e4hrige nicht, wie ich damit umgehen soll. Es ist echt hart.&#8220;<\/p>\n<p>Ex-Partner Giuliano Hediger: Mit ihm hat sie eine Tochter<\/p>\n<p>Die Schweizerin hat selbst eine Tochter. Die kleine Ileyna erblickte im April 2024 das Licht der Welt erblickte. Der Vater ihres Kindes ist TV-Sternchen Giuliano Hediger, der ebenfalls als Realitystar Karriere machte und von dem sie inzwischen getrennt lebt.<\/p>\n<p>        An dieser Stelle finden Sie einen externen Inhalt (Instagram). Sie k\u00f6nnen sich Inhalte dieses Anbieters mit einem Klick anzeigen lassen und wieder ausblenden.<\/p>\n<p>\n        Anzeigen\n        <\/p>\n<p>\n        Externe Inhalte ausblenden\n        <\/p>\n<p>\n        Anzeige f\u00fcr den Anbieter Instagram \u00fcber den Consent-Anbieter verweigert\n    <\/p>\n<p>Hat Ariel einen neuen Partner?<\/p>\n<p>Ob Ariel Hediger aktuell einen neuen Partner hat, ist nicht bekannt. 2024 gab es Liebesger\u00fcchte um die h\u00fcbsche Schweizerin und Trash-TV-Bekanntheit Nikola Glumac. Eine l\u00e4ngerfristige Partnerschaft scheint sich daraus jedoch nicht entwickelt zu haben.<\/p>\n<p>Karriere-Anf\u00e4nge: Von &#8222;Love Fool&#8220; bis &#8222;Prominent getrennt&#8220;<\/p>\n<p>Ariel und Giuliano Hediger starteten ihre Reality-TV-Karriere 2023 gemeinsam im <a href=\"https:\/\/www.abendzeitung-muenchen.de\/organisation\/rtl\/\" rel=\"nofollow noopener\" target=\"_blank\">RTL<\/a>+-Format &#8222;Love Fool&#8220;. In der Datingshow mussten die heutigen Ex-Partner vorgeben, Single zu sein, um die Show zu gewinnen. Letztlich flog ihre Tarnung auf \u2013 zum Sieg reichte es damit nicht. 2024 folgte Ariels Teilnahme an der Amazon-Prime-Video-Show &#8222;The 50&#8220;, bei der sie in einem franz\u00f6sischen Schloss um 50.000 Euro k\u00e4mpfte. In dem Format belegte die Schweizerin Platz 20.<\/p>\n<p>    <a href=\"https:\/\/www.abendzeitung-muenchen.de\/promis\/dschungelcamp-teilnehmer-2026-warum-die-zwoelf-kandidaten-bekannt-sind-art-1078160\" data-mrf-recirculation=\"Artikel-Link\" rel=\"nofollow noopener\" target=\"_blank\"><img decoding=\"async\" loading=\"lazy\" src=\"https:\/\/www.europesays.com\/de\/wp-content\/uploads\/2026\/01\/1639129_mehrzumthema_1Fif3Q_7V6jFI.jpg\" alt=\"Trash-TV-Prominenz, Ex-Liebhaber und gefallene Stars: Diese zw\u00f6lf Promis ziehen 2026 ins Dschungelcamp\" title=\"Trash-TV-Prominenz, Ex-Liebhaber und gefallene Stars: Diese zw\u00f6lf Promis ziehen 2026 ins Dschungelcamp\" width=\"696\" height=\"390\"\/><\/a><\/p>\n<p>        <a href=\"https:\/\/www.abendzeitung-muenchen.de\/promis\/dschungelcamp-teilnehmer-2026-warum-die-zwoelf-kandidaten-bekannt-sind-art-1078160\" data-mrf-recirculation=\"Artikel-Link\" rel=\"nofollow noopener\" target=\"_blank\">Dschungelcamp-Teilnehmer 2026: Warum die zw\u00f6lf Kandidaten bekannt sind        <\/a><\/p>\n<p>                X<\/p>\n<p>Sie haben den Artikel der Merkliste hinzugef\u00fcgt. <\/p>\n<p>                <a href=\"https:\/\/www.abendzeitung-muenchen.de\/meine-az\/merkliste\/\" title=\"Zur Merkliste\" rel=\"nofollow noopener\" target=\"_blank\"><br \/>\n                zur Merkliste<br \/>\n                <\/a>  <\/p>\n<p>Ariel war im Weiteren in der Schweizer Sendung &#8222;The Real Life #Z\u00fcri&#8220; zu sehen, wo sie und ihr Ex-Partner Giuliano Einblicke in ihren Alltag gaben. Dabei sollte das Leben mit der gemeinsamen Tochter Ileyna im Fokus stehen. Das Liebes-Aus zwischen dem einstigen Reality-Paar erfolgte kurze Zeit nach der Geburt des gemeinsamen Kindes.<\/p>\n<p>        An dieser Stelle finden Sie einen externen Inhalt (Instagram). Sie k\u00f6nnen sich Inhalte dieses Anbieters mit einem Klick anzeigen lassen und wieder ausblenden.<\/p>\n<p>\n        Anzeigen\n        <\/p>\n<p>\n        Externe Inhalte ausblenden\n        <\/p>\n<p>\n        Anzeige f\u00fcr den Anbieter Instagram \u00fcber den Consent-Anbieter verweigert\n    <\/p>\n<p>Seit der Trennung machten sie einander immer wieder schwere Vorw\u00fcrfe. Aus der einstigen Liebe entwickelte sich eine \u00f6ffentliche Schlammschlacht. Immer wieder tr\u00e4gt das Ex-Paar seine Streitigkeiten via Social Media aus.\u00a0 Dennoch traten sie im August 2025 als Team in der Show &#8222;Prominent getrennt&#8220; auf \u2013 die sie tats\u00e4chlich gewinnen konnten.<\/p>\n","protected":false},"excerpt":{"rendered":"Ariel Hediger konnte sich in den vergangenen zwei Jahren als Realitystar etablieren. Zwar war der ganz gro\u00dfe Durchbruch&hellip;\n","protected":false},"author":2,"featured_media":758996,"comment_status":"","ping_status":"","sticky":false,"template":"","format":"standard","meta":{"footnotes":"","_share_on_mastodon":"0"},"categories":[155],"tags":[166130,29,933,214,30,56228,1710,9359,2045,91330,640,215],"class_list":["post-758995","post","type-post","status-publish","format-standard","has-post-thumbnail","category-unterhaltung","tag-ariel","tag-deutschland","tag-dschungelcamp","tag-entertainment","tag-germany","tag-kandidatin","tag-karriere","tag-privatleben","tag-promis","tag-realityshow","tag-rtl","tag-unterhaltung"],"share_on_mastodon":{"url":"https:\/\/pubeurope.com\/@de\/115985252953833976","error":""},"_links":{"self":[{"href":"https:\/\/www.europesays.com\/de\/wp-json\/wp\/v2\/posts\/758995","targetHints":{"allow":["GET"]}}],"collection":[{"href":"https:\/\/www.europesays.com\/de\/wp-json\/wp\/v2\/posts"}],"about":[{"href":"https:\/\/www.europesays.com\/de\/wp-json\/wp\/v2\/types\/post"}],"author":[{"embeddable":true,"href":"https:\/\/www.europesays.com\/de\/wp-json\/wp\/v2\/users\/2"}],"replies":[{"embeddable":true,"href":"https:\/\/www.europesays.com\/de\/wp-json\/wp\/v2\/comments?post=758995"}],"version-history":[{"count":0,"href":"https:\/\/www.europesays.com\/de\/wp-json\/wp\/v2\/posts\/758995\/revisions"}],"wp:featuredmedia":[{"embeddable":true,"href":"https:\/\/www.europesays.com\/de\/wp-json\/wp\/v2\/media\/758996"}],"wp:attachment":[{"href":"https:\/\/www.europesays.com\/de\/wp-json\/wp\/v2\/media?parent=758995"}],"wp:term":[{"taxonomy":"category","embeddable":true,"href":"https:\/\/www.europesays.com\/de\/wp-json\/wp\/v2\/categories?post=758995"},{"taxonomy":"post_tag","embeddable":true,"href":"https:\/\/www.europesays.com\/de\/wp-json\/wp\/v2\/tags?post=758995"}],"curies":[{"name":"wp","href":"https:\/\/api.w.org\/{rel}","templated":true}]}}