{"id":758997,"date":"2026-01-30T17:34:15","date_gmt":"2026-01-30T17:34:15","guid":{"rendered":"https:\/\/www.europesays.com\/de\/758997\/"},"modified":"2026-01-30T17:34:15","modified_gmt":"2026-01-30T17:34:15","slug":"ryzen-7-9850x3d-verfuegbar-ryzen-9-9950x3d2-koennte-noch-folgen","status":"publish","type":"post","link":"https:\/\/www.europesays.com\/de\/758997\/","title":{"rendered":"Ryzen 7 9850X3D verf\u00fcgbar, Ryzen 9 9950X3D2 k\u00f6nnte noch folgen"},"content":{"rendered":"<p>Zahlreiche deutsche H\u00e4ndler verkaufen p\u00fcnktlich zu AMDs Marktstart den <a class=\"heiseplus-lnk\" href=\"https:\/\/www.heise.de\/tests\/Mehr-Singlethreading-Leistung-Gaming-CPU-AMD-Ryzen-7-9850X3D-im-Test-11134050.html\" rel=\"nofollow noopener\" target=\"_blank\">Achtkern-Prozessor Ryzen 7 9850X3D<\/a>. Die Shops halten sich bislang weitgehend an AMDs Preisempfehlung von 499 Euro. Die CPU stellt eine beschleunigte Version des bisherigen Ryzen 7 9800X3D dar, die bis zu 5,6 statt 5,2 GHz schafft. Das entspricht einem Plus von knapp acht Prozent.<\/p>\n<p>        Weiterlesen nach der Anzeige<\/p>\n<p>Der Ryzen 7 9850X3D ist f\u00fcr alle, die den allerschnellsten Gaming-Prozessor haben wollen. Aus Preis-Leistungs-Sicht ist der bisherige Ryzen 7 9800X3D die sinnvollere Wahl: Er ist gut zehn Prozent g\u00fcnstiger und arbeitet sparsamer. Das wiederum erleichtert die K\u00fchlung. Das gesparte Geld k\u00f6nnen Interessierte in DDR5-Speicher stecken, dessen Preise aufgrund einer Verf\u00fcgbarkeitskrise hochschie\u00dfen.<\/p>\n<p>Ryzen 9 9950X3D2 m\u00f6glich<\/p>\n<p>Schon seit Ende 2025 geistert ein Ryzen 9 9950X3D2 durch die Ger\u00fcchtek\u00fcche. Anders als beim bisherigen Ryzen 9 9950X3D sollen statt nur einem beide Compute-Chiplets ein zus\u00e4tzliches Cache-Die aufweisen. Damit h\u00e4tte 16-Kerner 64 MByte mehr Level-3-Cache.<\/p>\n<p>AMD sagte im Rahmen der Technikmesse CES \u201estay tuned\u201c zu einem Prozessor mit zwei Cache-Dies. Die Firma f\u00fchrt den Ryzen 9 9950X3D2 selbst in einer Meldung <a href=\"https:\/\/nsi.eaeunion.org\/portal\/1994?searchText=&amp;date=2026-01-30\" rel=\"external noopener nofollow\" target=\"_blank\">an die Eurasische Wirtschaftskommission<\/a> (EWK) an. Alienware nannte den Prozessor zwischendurch in einem Weibo-Video zu einem neuen Area-51-PC, entfernte den Hinweis dann aber wieder. In einer Stellungnahme <a href=\"https:\/\/videocardz.com\/newz\/alienware-confirms-amd-ryzen-9-9950x3d2-coming-to-area-51-gaming-pcs\" rel=\"external noopener nofollow\" target=\"_blank\">teilte der Hersteller Dell mit<\/a>, dass das System mit dem Ryzen 7 9850X3D erscheint und \u201enicht mit einem gemunkelten Ryzen 9 9950X3D2\u201c. Auch der britische Workstation-Anbieter Sytronix hat Hinweise auf den Ryzen 9 9950X3D2 wieder entfernt.<\/p>\n<p><a href=\"https:\/\/www.bilibili.com\/video\/BV1EP6JBXEYs\/\" rel=\"external noopener nofollow\" target=\"_blank\">Asus ver\u00f6ffentlichte in China k\u00fcrzlich noch ein Video<\/a> zum Ryzen 7 9850X3D, in dem ein Mitarbeiter unter anderem Ergebnisse einer \u00dcbertaktung mit Fl\u00fcssigstickstoff zeigte. Das Video sorgte f\u00fcr Aufsehen, weil auf dem abgefilmten Desktop auch ein Ordner mit dem Namen \u201eRyzen 9 9950X3DV2\u201c zu sehen ist. Asus selbst hob diesen Ordner hervor.<\/p>\n<p>(<a class=\"redakteurskuerzel__link\" href=\"https:\/\/www.heise.de\/news\/mailto:mma@heise.de\" title=\"Mark Mantel\" rel=\"nofollow noopener\" target=\"_blank\">mma<\/a>)<\/p>\n<p>\n      Dieser Link ist leider nicht mehr g\u00fcltig.\n    <\/p>\n<p>Links zu verschenkten Artikeln werden ung\u00fcltig,<br \/>\n      wenn diese \u00e4lter als 7\u00a0Tage sind oder zu oft aufgerufen wurden.\n    <\/p>\n<p><strong>Sie ben\u00f6tigen ein heise+ Paket, um diesen Artikel zu lesen. Jetzt eine Woche unverbindlich testen \u2013 ohne Verpflichtung!<\/strong><\/p>\n","protected":false},"excerpt":{"rendered":"Zahlreiche deutsche H\u00e4ndler verkaufen p\u00fcnktlich zu AMDs Marktstart den Achtkern-Prozessor Ryzen 7 9850X3D. Die Shops halten sich bislang&hellip;\n","protected":false},"author":2,"featured_media":758998,"comment_status":"","ping_status":"","sticky":false,"template":"","format":"standard","meta":{"footnotes":"","_share_on_mastodon":"0"},"categories":[135],"tags":[21202,47575,29,30,196,262,190,189,194,191,193,192],"class_list":["post-758997","post","type-post","status-publish","format-standard","has-post-thumbnail","category-wissenschaft-technik","tag-amd","tag-amd-ryzen","tag-deutschland","tag-germany","tag-it","tag-prozessoren","tag-science","tag-science-technology","tag-technik","tag-technology","tag-wissenschaft","tag-wissenschaft-technik"],"share_on_mastodon":{"url":"https:\/\/pubeurope.com\/@de\/115985257264342469","error":""},"_links":{"self":[{"href":"https:\/\/www.europesays.com\/de\/wp-json\/wp\/v2\/posts\/758997","targetHints":{"allow":["GET"]}}],"collection":[{"href":"https:\/\/www.europesays.com\/de\/wp-json\/wp\/v2\/posts"}],"about":[{"href":"https:\/\/www.europesays.com\/de\/wp-json\/wp\/v2\/types\/post"}],"author":[{"embeddable":true,"href":"https:\/\/www.europesays.com\/de\/wp-json\/wp\/v2\/users\/2"}],"replies":[{"embeddable":true,"href":"https:\/\/www.europesays.com\/de\/wp-json\/wp\/v2\/comments?post=758997"}],"version-history":[{"count":0,"href":"https:\/\/www.europesays.com\/de\/wp-json\/wp\/v2\/posts\/758997\/revisions"}],"wp:featuredmedia":[{"embeddable":true,"href":"https:\/\/www.europesays.com\/de\/wp-json\/wp\/v2\/media\/758998"}],"wp:attachment":[{"href":"https:\/\/www.europesays.com\/de\/wp-json\/wp\/v2\/media?parent=758997"}],"wp:term":[{"taxonomy":"category","embeddable":true,"href":"https:\/\/www.europesays.com\/de\/wp-json\/wp\/v2\/categories?post=758997"},{"taxonomy":"post_tag","embeddable":true,"href":"https:\/\/www.europesays.com\/de\/wp-json\/wp\/v2\/tags?post=758997"}],"curies":[{"name":"wp","href":"https:\/\/api.w.org\/{rel}","templated":true}]}}