{"id":758999,"date":"2026-01-30T17:35:18","date_gmt":"2026-01-30T17:35:18","guid":{"rendered":"https:\/\/www.europesays.com\/de\/758999\/"},"modified":"2026-01-30T17:35:18","modified_gmt":"2026-01-30T17:35:18","slug":"adidas-ueberzeugt-mit-umsatzrekord-und-aktienrueckkaeufen","status":"publish","type":"post","link":"https:\/\/www.europesays.com\/de\/758999\/","title":{"rendered":"Adidas \u00fcberzeugt mit Umsatzrekord und Aktienr\u00fcckk\u00e4ufen"},"content":{"rendered":"<p>            <img loading=\"lazy\" decoding=\"async\" class=\"ts-image\" src=\"https:\/\/www.europesays.com\/de\/wp-content\/uploads\/2026\/01\/adidas-156.jpg\" alt=\"Das Logo des Sportartikelherstellers adidas AG auf einem Schuh.\" title=\"Das Logo des Sportartikelherstellers adidas AG auf einem Schuh. | picture alliance\/dpa\"\/><\/p>\n<p>                    <strong>marktbericht<\/strong><\/p>\n<p class=\"metatextline\">Stand: 30.01.2026 14:02 Uhr<\/p>\n<p class=\"article-head__shorttext\">\n        <strong>Der Sportartikelhersteller Adidas hat im vergangenen Jahr so viel Umsatz erwirtschaftet wie nie zuvor. Das positive Ergebnis verleiht dem DAX Auftrieb. Er kann sich am letzten Handelstag der Woche stabilisieren.<\/strong>\n    <\/p>\n<p class=\"textabsatz m-ten m-offset-one l-eight l-offset-two columns twelve\">Der Sportartikelhersteller Adidas hat im vergangenen Jahr so viel Umsatz erwirtschaftet wie nie zuvor und sein operatives Ergebnis deutlich gesteigert. Damit trotzte das Unternehmen negativen Effekten wie der US-Zollpolitik und dem starken Euro. F\u00fcr die k\u00fcnftige Entwicklung zeigte sich das Management um Konzernchef Bj\u00f6rn Gulden zuversichtlich und k\u00fcndigte zudem milliardenschwere Aktienr\u00fcckk\u00e4ufe an. Bei den Anlegern kam die Nachricht sehr gut an.<\/p>\n<p class=\"textabsatz m-ten m-offset-one l-eight l-offset-two columns twelve\">Die Aktie legte bis zum Mittag zeitweise um mehr als vier Prozent zu. Dennoch befinden sich die Papiere des DAX-Konzerns seit l\u00e4ngerem in einem Abw\u00e4rtstrend. In den vergangenen zw\u00f6lf Monaten hat das Papier mehr als 40 Prozent verloren, und auch im laufenden Jahr stand vor der Ver\u00f6ffentlichung der Eckdaten ein Minus von rund 16 Prozent zu Buche. Um den Negativtrend zu brechen, m\u00fcsste der Kurs schon an die Marke von 168 Euro herankommen. Am Morgen notiert das Papier bei rund 152 Euro.<\/p>\n<p>    Adidas trotzt Herausforderungen<\/p>\n<p class=\"textabsatz m-ten m-offset-one l-eight l-offset-two columns twelve\">Das vergangene Jahr sei vielversprechend zu Ende gegangen, lobte UBS-Analyst Robert Krankowski. Adidas habe den Sorgen wegen der europ\u00e4ischen M\u00e4rkte, der Rabattschlacht in der Branche und der US-Zollpolitik getrotzt. Zudem liege das angek\u00fcndigte Aktienr\u00fcckkaufprogramm am oberen Ende der Erwartungen.<\/p>\n<p class=\"textabsatz m-ten m-offset-one l-eight l-offset-two columns twelve\">Da das vierte Quartal vergleichsweise wenig Bedeutung habe, liege der Fokus auf dem Ausblick. Derzeit rechne der Markt f\u00fcr 2026 mit einem Umsatzwachstum im hohen einstelligen Prozentbereich. Das zweistellige Wachstum im vergangenen Quartal k\u00f6nnte die Einsch\u00e4tzung untermauern, dass die bisherigen Ziele keine Verlangsamung bedeuteten, sondern nur gewohnt konservativ seien.<\/p>\n<p>    Adidas \u00fcberzeugt mit Marge<\/p>\n<p class=\"textabsatz m-ten m-offset-one l-eight l-offset-two columns twelve\">Vor allem die Marge kam im Handel gut an. Dies zeige, dass Adidas in einer von Rabattaktion gepr\u00e4gten Zeit seine Ware zu guten Preisen losgeschlagen habe, so Felix Dennl vom Bankhaus Metzler.<\/p>\n<p class=\"textabsatz m-ten m-offset-one l-eight l-offset-two columns twelve\">Der Umsatz der Marke Adidas kletterte im vergangenen Jahr vorl\u00e4ufigen Daten zufolge w\u00e4hrungsbereinigt um 13 Prozent, teilte der Konzern mit. Insgesamt stiegen die Erl\u00f6se trotz negativer W\u00e4hrungseffekte von mehr als einer Milliarde Euro von 23,7 auf 24,8 Milliarden Euro.<\/p>\n<p>    Prognose f\u00fcr laufendes Jahr folgt im M\u00e4rz<\/p>\n<p class=\"textabsatz m-ten m-offset-one l-eight l-offset-two columns twelve\">&#8222;Ich bin wieder sehr stolz auf das, was unsere Teams erreicht haben&#8220;, sagte Vorstandschef Bj\u00f6rn Gulden. Trotz vieler externer Turbulenzen wie der US-Zollpolitik und ung\u00fcnstiger W\u00e4hrungseffekte sei auch im vierten Quartal ein zweistelliges Wachstum gelungen und das Betriebsergebnis mehr als verdoppelt worden. 2025 sei f\u00fcr Adidas viel besser verlaufen, als zu Beginn des Jahres geplant und erwartet. Gulden lobte zudem den hohen Durchverkauf zum vollen Preis, Adidas habe die &#8222;Rabatte unter Kontrolle&#8220; halten k\u00f6nnen.<\/p>\n<p class=\"textabsatz m-ten m-offset-one l-eight l-offset-two columns twelve\">F\u00fcr die Zukunft zeigte sich der Adidas-Chef optimistisch, weiter weltweit zu wachsen und Marktanteile zu gewinnen. &#8222;Unsere Zuversicht in das zuk\u00fcnftige Umsatz- und Gewinnwachstum sowie in die Cashflow-Generierung von Adidas ist auch der Grund daf\u00fcr, dass wir nun entschieden haben, einen Aktienr\u00fcckkauf zu starten&#8220;, so Gulden. Das Volumen soll sich auf bis zu einer Milliarde Euro belaufen. Die Aktien sollen eingezogen werden.<\/p>\n<p class=\"textabsatz m-ten m-offset-one l-eight l-offset-two columns twelve\">Endg\u00fcltige Gesch\u00e4ftsergebnisse f\u00fcr 2025 sollen am 4. M\u00e4rz ver\u00f6ffentlicht werden. Dann soll es auch eine Prognose f\u00fcr das laufende Jahr geben.<\/p>\n<p>    DAX stabilisiert sich<\/p>\n<p class=\"textabsatz m-ten m-offset-one l-eight l-offset-two columns twelve\">Dank der positiven Marktreaktionen konnte sich der DAX am letzten Handelstag der Woche und des Monats stabilisieren. Am Mittag notiert er knapp 0,9 Prozent im Plus, bei 24.527 Punkten. Im gesamten Monat Januar hat er jedoch lediglich um 0,1 Prozent zulegen k\u00f6nnen. Der Start in das B\u00f6rsenjahr fiel durchwachsen aus &#8211; Anleger haben sich angesichts geopolitischer Unsicherheiten zur\u00fcckgehalten.<\/p>\n<p class=\"textabsatz m-ten m-offset-one l-eight l-offset-two columns twelve\">F\u00fcr Bewegung am Markt d\u00fcrfte die Diskussion um den Nachfolger von Fed-Chef Jerome Powell sorgen. US-Pr\u00e4sident Donald <a href=\"https:\/\/www.tagesschau.de\/wirtschaft\/weltwirtschaft\/usa-notenbank-fed-warsh-100.html\" title=\"Kevin Warsh soll neuer Chef der US-Notenbank Fed werden\" rel=\"nofollow noopener\" target=\"_blank\">hat den fr\u00fcheren Fed-Gouverneur Kevin Warsh als Nachfolger f\u00fcr US-Notenbank-Chef Jerome Powell vorgeschlagen<\/a>. Das teilte Trump auf seiner Plattform Truth Social mit. Der US-Senat muss Trumps Kandidaten noch als k\u00fcnftigen Leiter der Federal Reserve best\u00e4tigen.<\/p>\n","protected":false},"excerpt":{"rendered":"marktbericht Stand: 30.01.2026 14:02 Uhr Der Sportartikelhersteller Adidas hat im vergangenen Jahr so viel Umsatz erwirtschaftet wie nie&hellip;\n","protected":false},"author":2,"featured_media":759000,"comment_status":"","ping_status":"","sticky":false,"template":"","format":"standard","meta":{"footnotes":"","_share_on_mastodon":"0"},"categories":[134],"tags":[12773,175,170,169,1384,29,30,171,174,25242,172983,173,172],"class_list":["post-758999","post","type-post","status-publish","format-standard","has-post-thumbnail","category-unternehmen-maerkte","tag-adidas","tag-business","tag-companies","tag-companies-markets","tag-dax","tag-deutschland","tag-germany","tag-markets","tag-maerkte","tag-quartalsbericht","tag-sportartikelhersteller","tag-unternehmen","tag-unternehmen-maerkte"],"share_on_mastodon":{"url":"https:\/\/pubeurope.com\/@de\/115985260836415953","error":""},"_links":{"self":[{"href":"https:\/\/www.europesays.com\/de\/wp-json\/wp\/v2\/posts\/758999","targetHints":{"allow":["GET"]}}],"collection":[{"href":"https:\/\/www.europesays.com\/de\/wp-json\/wp\/v2\/posts"}],"about":[{"href":"https:\/\/www.europesays.com\/de\/wp-json\/wp\/v2\/types\/post"}],"author":[{"embeddable":true,"href":"https:\/\/www.europesays.com\/de\/wp-json\/wp\/v2\/users\/2"}],"replies":[{"embeddable":true,"href":"https:\/\/www.europesays.com\/de\/wp-json\/wp\/v2\/comments?post=758999"}],"version-history":[{"count":0,"href":"https:\/\/www.europesays.com\/de\/wp-json\/wp\/v2\/posts\/758999\/revisions"}],"wp:featuredmedia":[{"embeddable":true,"href":"https:\/\/www.europesays.com\/de\/wp-json\/wp\/v2\/media\/759000"}],"wp:attachment":[{"href":"https:\/\/www.europesays.com\/de\/wp-json\/wp\/v2\/media?parent=758999"}],"wp:term":[{"taxonomy":"category","embeddable":true,"href":"https:\/\/www.europesays.com\/de\/wp-json\/wp\/v2\/categories?post=758999"},{"taxonomy":"post_tag","embeddable":true,"href":"https:\/\/www.europesays.com\/de\/wp-json\/wp\/v2\/tags?post=758999"}],"curies":[{"name":"wp","href":"https:\/\/api.w.org\/{rel}","templated":true}]}}