{"id":759021,"date":"2026-01-30T17:47:13","date_gmt":"2026-01-30T17:47:13","guid":{"rendered":"https:\/\/www.europesays.com\/de\/759021\/"},"modified":"2026-01-30T17:47:13","modified_gmt":"2026-01-30T17:47:13","slug":"hessen-mobil-bittet-um-ruecksicht-beim-parken","status":"publish","type":"post","link":"https:\/\/www.europesays.com\/de\/759021\/","title":{"rendered":"Hessen Mobil bittet um R\u00fccksicht beim Parken"},"content":{"rendered":"<p>Wenn Schnee und Eis die Stra\u00dfen im Taunus bedecken, ist der Winterdienst von Hessen Mobil im Einsatz, um Bundes-, Landes- und Kreisstra\u00dfen befahrbar und sicher zu halten. Damit dies reibungslos gelingt, appelliert die Beh\u00f6rde an die gegenseitige R\u00fccksichtnahme aller Verkehrsteilnehmer \u2013 insbesondere beim Parken.<\/p>\n<p>Falschparker als Hindernis<\/p>\n<p>Wie Hessen Mobil mitteilt, m\u00fcssen die Fahrbahnen frei bleiben, damit die R\u00e4um- und Streufahrzeuge z\u00fcgig vorankommen k\u00f6nnen. Schon einzelne blockierte Stra\u00dfenabschnitte k\u00f6nnen dazu f\u00fchren, dass die gro\u00dfen Einsatzfahrzeuge stecken bleiben oder sich ihre Eins\u00e4tze erheblich verz\u00f6gern. Dies beeintr\u00e4chtigt die Sicherheit auf den Stra\u00dfen.<\/p>\n<p>\u201eGerade in engen Ortsdurchfahrten ist es entscheidend, dass Fahrbahnen frei bleiben. Wenn R\u00e4umfahrzeuge nicht durchkommen, leidet die Verkehrssicherheit f\u00fcr alle\u201c, erkl\u00e4rt Kristin Kulikowsky, Fachdezernentin f\u00fcr den Betrieb Rhein-Main bei Hessen Mobil.<\/p>\n<p>Halteverbote zur Sicherheit<\/p>\n<p>In manchen F\u00e4llen sei es daher notwendig, dass die \u00f6rtlichen Stra\u00dfenverkehrsbeh\u00f6rden vor\u00fcbergehend Halteverbote einrichten. Diese Ma\u00dfnahme diene ausschlie\u00dflich dazu, den Winterdienst zu gew\u00e4hrleisten. \u201eUnser Ziel ist es nicht, den Verkehr unn\u00f6tig einzuschr\u00e4nken, sondern die Stra\u00dfen f\u00fcr alle nutzbar und sicher zu halten\u201c, so Kulikowsky weiter.<\/p>\n<p>Hessen Mobil bittet daher alle Verkehrsteilnehmer, in der Winterzeit besonders auf zus\u00e4tzliche Beschilderungen zu achten und r\u00fccksichtsvoll zu parken. So k\u00f6nne jeder dazu beitragen, dass die Stra\u00dfen im Taunus sicher bleiben.<\/p>\n","protected":false},"excerpt":{"rendered":"Wenn Schnee und Eis die Stra\u00dfen im Taunus bedecken, ist der Winterdienst von Hessen Mobil im Einsatz, um&hellip;\n","protected":false},"author":2,"featured_media":759022,"comment_status":"","ping_status":"","sticky":false,"template":"","format":"standard","meta":{"footnotes":""},"categories":[1847],"tags":[3364,29,548,663,3934,30,13,2052,14,15,12,4544],"class_list":{"0":"post-759021","1":"post","2":"type-post","3":"status-publish","4":"format-standard","5":"has-post-thumbnail","7":"category-wiesbaden","8":"tag-de","9":"tag-deutschland","10":"tag-eu","11":"tag-europa","12":"tag-europe","13":"tag-germany","14":"tag-headlines","15":"tag-hessen","16":"tag-nachrichten","17":"tag-news","18":"tag-schlagzeilen","19":"tag-wiesbaden"},"share_on_mastodon":{"url":"https:\/\/pubeurope.com\/@de\/115985307695844672","error":""},"_links":{"self":[{"href":"https:\/\/www.europesays.com\/de\/wp-json\/wp\/v2\/posts\/759021","targetHints":{"allow":["GET"]}}],"collection":[{"href":"https:\/\/www.europesays.com\/de\/wp-json\/wp\/v2\/posts"}],"about":[{"href":"https:\/\/www.europesays.com\/de\/wp-json\/wp\/v2\/types\/post"}],"author":[{"embeddable":true,"href":"https:\/\/www.europesays.com\/de\/wp-json\/wp\/v2\/users\/2"}],"replies":[{"embeddable":true,"href":"https:\/\/www.europesays.com\/de\/wp-json\/wp\/v2\/comments?post=759021"}],"version-history":[{"count":0,"href":"https:\/\/www.europesays.com\/de\/wp-json\/wp\/v2\/posts\/759021\/revisions"}],"wp:featuredmedia":[{"embeddable":true,"href":"https:\/\/www.europesays.com\/de\/wp-json\/wp\/v2\/media\/759022"}],"wp:attachment":[{"href":"https:\/\/www.europesays.com\/de\/wp-json\/wp\/v2\/media?parent=759021"}],"wp:term":[{"taxonomy":"category","embeddable":true,"href":"https:\/\/www.europesays.com\/de\/wp-json\/wp\/v2\/categories?post=759021"},{"taxonomy":"post_tag","embeddable":true,"href":"https:\/\/www.europesays.com\/de\/wp-json\/wp\/v2\/tags?post=759021"}],"curies":[{"name":"wp","href":"https:\/\/api.w.org\/{rel}","templated":true}]}}