{"id":759025,"date":"2026-01-30T17:49:15","date_gmt":"2026-01-30T17:49:15","guid":{"rendered":"https:\/\/www.europesays.com\/de\/759025\/"},"modified":"2026-01-30T17:49:15","modified_gmt":"2026-01-30T17:49:15","slug":"region-rnv-wird-nicht-bestreikt","status":"publish","type":"post","link":"https:\/\/www.europesays.com\/de\/759025\/","title":{"rendered":"Region: rnv wird nicht bestreikt!"},"content":{"rendered":"<p><img loading=\"lazy\" decoding=\"async\" src=\"https:\/\/www.europesays.com\/de\/wp-content\/uploads\/2026\/01\/mrn_news_platzhalter_logo-5-1-134.jpg\" alt=\"Mrn news platzhalter logo 5\" width=\"900\" height=\"500\" class=\"alignnone size-full wp-image-622068\"  \/>Heidelberg \/ Mannheim \/ Ludwigshafen \/ Metropolregion Rhein-Neckar(red\/ak) \u2013 Die Gewerkschaft ver.di hat zahlreiche \u00d6PNV-Unternehmen in ganz Deutschland f\u00fcrMontag, 2. Februar 2026, zum Streik aufgerufen. Hintergrund sind die Verhandlungen \u00fcber den Tarifvertrag Nahverkehr in zahlreichen Bundesl\u00e4ndern. Die Rhein-Neckar-Verkehr GmbH (rnv) ist von diesem Streikaufruf nicht betroffen, da der Tarifvertrag Nahverkehr zwar f\u00fcr viele Nahverkehrsunternehmen in Deutschland, aber nicht f\u00fcr die Mitarbeiterinnen und<br \/>Mitarbeiter der rnv gilt. Die rnv hat einen eigenen Haustarifvertrag, der noch bis 2027 g\u00fcltig ist. Die Busse<br \/>und Bahnen der rnv fahren daher am Montag, 2. Februar, regul\u00e4r. Derzeit gibt es auch keine Hinweise, dass<br \/>Subunternehmer der rnv vom Streik betroffen sind. \u00dcber m\u00f6gliche Ausf\u00e4lle wird die rnv am Montag, 2. Februar, auf ihren Fahrgastinformationsmedien wie beispielsweise der Start.info-App sowie auf ihrer Website www.rnv-online.de\/verkehrsmeldungen gesondert informieren. <\/p>\n<p>Quelle: Rhein-Neckar-Verkehr GmbH (rnv) <\/p>\n<p class=\"post-modified-info\">Zuletzt aktualisiert am 30. Januar 2026, 18:28<\/p>\n","protected":false},"excerpt":{"rendered":"Heidelberg \/ Mannheim \/ Ludwigshafen \/ Metropolregion Rhein-Neckar(red\/ak) \u2013 Die Gewerkschaft ver.di hat zahlreiche \u00d6PNV-Unternehmen in ganz Deutschland&hellip;\n","protected":false},"author":2,"featured_media":759026,"comment_status":"","ping_status":"","sticky":false,"template":"","format":"standard","meta":{"footnotes":""},"categories":[1845],"tags":[6844,1634,13865,3364,29,548,663,3934,12262,30,618,13,2476,14996,25476,2096,25488,25489,6400,61987,14,4186,14480,15,6989,5399,5206,28951,82332,82333,82334,12,1238,1240,173,26217,6168,17328],"class_list":{"0":"post-759025","1":"post","2":"type-post","3":"status-publish","4":"format-standard","5":"has-post-thumbnail","7":"category-mannheim","8":"tag-app","9":"tag-baden-wuerttemberg","10":"tag-busse","11":"tag-de","12":"tag-deutschland","13":"tag-eu","14":"tag-europa","15":"tag-europe","16":"tag-faehren","17":"tag-germany","18":"tag-gewerkschaft","19":"tag-headlines","20":"tag-heidelberg","21":"tag-hinweise","22":"tag-ludwigshafen","23":"tag-mannheim","24":"tag-metropolregion","25":"tag-metropolregion-rhein-neckar","26":"tag-mitarbeiter","27":"tag-mitarbeiterinnen","28":"tag-nachrichten","29":"tag-nahverkehr","30":"tag-neckar","31":"tag-news","32":"tag-online","33":"tag-region","34":"tag-rhein","35":"tag-rhein-neckar","36":"tag-rhein-neckar-verkehr","37":"tag-rhein-neckar-verkehr-gmbh","38":"tag-rnv","39":"tag-schlagzeilen","40":"tag-streik","41":"tag-tarifvertrag","42":"tag-unternehmen","43":"tag-ver-di","44":"tag-verhandlungen","45":"tag-website"},"share_on_mastodon":{"url":"https:\/\/pubeurope.com\/@de\/115985315691192545","error":""},"_links":{"self":[{"href":"https:\/\/www.europesays.com\/de\/wp-json\/wp\/v2\/posts\/759025","targetHints":{"allow":["GET"]}}],"collection":[{"href":"https:\/\/www.europesays.com\/de\/wp-json\/wp\/v2\/posts"}],"about":[{"href":"https:\/\/www.europesays.com\/de\/wp-json\/wp\/v2\/types\/post"}],"author":[{"embeddable":true,"href":"https:\/\/www.europesays.com\/de\/wp-json\/wp\/v2\/users\/2"}],"replies":[{"embeddable":true,"href":"https:\/\/www.europesays.com\/de\/wp-json\/wp\/v2\/comments?post=759025"}],"version-history":[{"count":0,"href":"https:\/\/www.europesays.com\/de\/wp-json\/wp\/v2\/posts\/759025\/revisions"}],"wp:featuredmedia":[{"embeddable":true,"href":"https:\/\/www.europesays.com\/de\/wp-json\/wp\/v2\/media\/759026"}],"wp:attachment":[{"href":"https:\/\/www.europesays.com\/de\/wp-json\/wp\/v2\/media?parent=759025"}],"wp:term":[{"taxonomy":"category","embeddable":true,"href":"https:\/\/www.europesays.com\/de\/wp-json\/wp\/v2\/categories?post=759025"},{"taxonomy":"post_tag","embeddable":true,"href":"https:\/\/www.europesays.com\/de\/wp-json\/wp\/v2\/tags?post=759025"}],"curies":[{"name":"wp","href":"https:\/\/api.w.org\/{rel}","templated":true}]}}