{"id":759103,"date":"2026-01-30T18:29:13","date_gmt":"2026-01-30T18:29:13","guid":{"rendered":"https:\/\/www.europesays.com\/de\/759103\/"},"modified":"2026-01-30T18:29:13","modified_gmt":"2026-01-30T18:29:13","slug":"workshopverfahren-zum-bauprojekt-schwannstrasse-12","status":"publish","type":"post","link":"https:\/\/www.europesays.com\/de\/759103\/","title":{"rendered":"Workshopverfahren zum Bauprojekt Schwannstra\u00dfe 12\u00a0"},"content":{"rendered":"<p class=\"text_ohne_einzug richtext text-em-55 !leading-serif mx-6 desktop:mx-0\">  Die Stadt l\u00e4dt die \u00d6ffentlichkeit dazu ein, sich bei der st\u00e4dtebaulichen Planung \u201eSchwannstra\u00dfe 12\u201c im Rahmen eines Workshops zu beteiligen. Das aktuell mit einem neungeschossigen Bestandsgeb\u00e4ude bebaute Areal, das als Unterkunft f\u00fcr Gefl\u00fcchtete genutzt wird, soll mithilfe eines mehrstufigen Workshopverfahrens neu gestaltet werden. Unter Einbeziehung der \u00d6ffentlichkeit soll ein tragf\u00e4higes Nutzungsprogramm definiert werden, das sowohl st\u00e4dtebauliche als auch wirtschaftliche Anforderungen in Einklang bringt. Geplant sind B\u00fcros, Wohnungen und ein Hotel, die das Areal am Kennedydamm aufwerten sollen.<\/p>\n","protected":false},"excerpt":{"rendered":"Die Stadt l\u00e4dt die \u00d6ffentlichkeit dazu ein, sich bei der st\u00e4dtebaulichen Planung \u201eSchwannstra\u00dfe 12\u201c im Rahmen eines Workshops&hellip;\n","protected":false},"author":2,"featured_media":759104,"comment_status":"","ping_status":"","sticky":false,"template":"","format":"standard","meta":{"footnotes":"","_share_on_mastodon":"0"},"categories":[1831],"tags":[38138,7303,100884,50603,3364,29,3405,30,6306,1209,61922,57330,524,16476,172997,111331],"class_list":["post-759103","post","type-post","status-publish","format-standard","has-post-thumbnail","category-duesseldorf","tag-areal","tag-auftaktveranstaltung","tag-beteiligen","tag-beteiligung","tag-de","tag-deutschland","tag-duesseldorf","tag-germany","tag-hotel","tag-nordrhein-westfalen","tag-oeffentlichkeit","tag-schwannstrasse","tag-strasse","tag-verfahren","tag-workshopverfahren","tag-workshopverfahrens"],"share_on_mastodon":{"url":"https:\/\/pubeurope.com\/@de\/115985473147689662","error":""},"_links":{"self":[{"href":"https:\/\/www.europesays.com\/de\/wp-json\/wp\/v2\/posts\/759103","targetHints":{"allow":["GET"]}}],"collection":[{"href":"https:\/\/www.europesays.com\/de\/wp-json\/wp\/v2\/posts"}],"about":[{"href":"https:\/\/www.europesays.com\/de\/wp-json\/wp\/v2\/types\/post"}],"author":[{"embeddable":true,"href":"https:\/\/www.europesays.com\/de\/wp-json\/wp\/v2\/users\/2"}],"replies":[{"embeddable":true,"href":"https:\/\/www.europesays.com\/de\/wp-json\/wp\/v2\/comments?post=759103"}],"version-history":[{"count":0,"href":"https:\/\/www.europesays.com\/de\/wp-json\/wp\/v2\/posts\/759103\/revisions"}],"wp:featuredmedia":[{"embeddable":true,"href":"https:\/\/www.europesays.com\/de\/wp-json\/wp\/v2\/media\/759104"}],"wp:attachment":[{"href":"https:\/\/www.europesays.com\/de\/wp-json\/wp\/v2\/media?parent=759103"}],"wp:term":[{"taxonomy":"category","embeddable":true,"href":"https:\/\/www.europesays.com\/de\/wp-json\/wp\/v2\/categories?post=759103"},{"taxonomy":"post_tag","embeddable":true,"href":"https:\/\/www.europesays.com\/de\/wp-json\/wp\/v2\/tags?post=759103"}],"curies":[{"name":"wp","href":"https:\/\/api.w.org\/{rel}","templated":true}]}}