{"id":759252,"date":"2026-01-30T19:51:15","date_gmt":"2026-01-30T19:51:15","guid":{"rendered":"https:\/\/www.europesays.com\/de\/759252\/"},"modified":"2026-01-30T19:51:15","modified_gmt":"2026-01-30T19:51:15","slug":"alarmfall-kurz-vor-weihnachten-verdaechtiger-nach-bombenalarm-am-stuttgarter-hauptbahnhof-ermittelt-stuttgart","status":"publish","type":"post","link":"https:\/\/www.europesays.com\/de\/759252\/","title":{"rendered":"Alarmfall kurz vor Weihnachten: Verd\u00e4chtiger nach Bombenalarm am Stuttgarter Hauptbahnhof ermittelt &#8211; Stuttgart"},"content":{"rendered":"<p>Vier Stunden lang war der Stuttgarter Hauptbahnhof lahmgelegt, der Fernverkehr blockiert. Nun ist der Bombenalarm vom 20. Dezember 2025 offenbar aufgekl\u00e4rt.<\/p>\n<p>Eine Sackkarre mit einer Ladung in M\u00fcllt\u00fcten und Klarsichtfolie verpackt, ein Geruch nach Benzin: Das war der Ausl\u00f6ser eines Bombenalarms, der vor sechs Wochen den <a href=\"https:\/\/www.esslinger-zeitung.de\/thema\/Hauptbahnhof_Stuttgart\" title=\"Stuttgarter Hauptbahnhof\" class=\"art_thema\" rel=\"nofollow noopener\" target=\"_blank\">Stuttgarter Hauptbahnhof<\/a> lahmgelegt hat \u2013 mit weitreichenden Folgen. Vier Stunden lang war der Bahnhof ger\u00e4umt und der Fernverkehr in diesem Bereich eingestellt, mussten <a href=\"https:\/\/www.esslinger-zeitung.de\/gallery.einsatz-in-stuttgart-polizei-evakuiert-hauptbahnhof-fernverkehr-eingestellt.a3024963-5f19-4ec5-8dab-56fe4835cda0.html\" target=\"_blank\" rel=\"nofollow noopener\"> Tausende Bahnreisende umplanen <\/a>und auf Alternativen hoffen. Was aber steckte hinter dem brisanten Fund, der wie eine Bombe wirkte? <\/p>\n","protected":false},"excerpt":{"rendered":"Vier Stunden lang war der Stuttgarter Hauptbahnhof lahmgelegt, der Fernverkehr blockiert. Nun ist der Bombenalarm vom 20. Dezember&hellip;\n","protected":false},"author":2,"featured_media":759253,"comment_status":"","ping_status":"","sticky":false,"template":"","format":"standard","meta":{"footnotes":"","_share_on_mastodon":"0"},"categories":[1830],"tags":[1634,173014,3364,29,30,9636,2224,1441,32113,5329],"class_list":["post-759252","post","type-post","status-publish","format-standard","has-post-thumbnail","category-stuttgart","tag-baden-wuerttemberg","tag-bombenalarm","tag-de","tag-deutschland","tag-germany","tag-hauptbahnhof-stuttgart","tag-sperrung","tag-stuttgart","tag-verdaechtiger","tag-video"],"share_on_mastodon":{"url":"https:\/\/pubeurope.com\/@de\/115985795316084461","error":""},"_links":{"self":[{"href":"https:\/\/www.europesays.com\/de\/wp-json\/wp\/v2\/posts\/759252","targetHints":{"allow":["GET"]}}],"collection":[{"href":"https:\/\/www.europesays.com\/de\/wp-json\/wp\/v2\/posts"}],"about":[{"href":"https:\/\/www.europesays.com\/de\/wp-json\/wp\/v2\/types\/post"}],"author":[{"embeddable":true,"href":"https:\/\/www.europesays.com\/de\/wp-json\/wp\/v2\/users\/2"}],"replies":[{"embeddable":true,"href":"https:\/\/www.europesays.com\/de\/wp-json\/wp\/v2\/comments?post=759252"}],"version-history":[{"count":0,"href":"https:\/\/www.europesays.com\/de\/wp-json\/wp\/v2\/posts\/759252\/revisions"}],"wp:featuredmedia":[{"embeddable":true,"href":"https:\/\/www.europesays.com\/de\/wp-json\/wp\/v2\/media\/759253"}],"wp:attachment":[{"href":"https:\/\/www.europesays.com\/de\/wp-json\/wp\/v2\/media?parent=759252"}],"wp:term":[{"taxonomy":"category","embeddable":true,"href":"https:\/\/www.europesays.com\/de\/wp-json\/wp\/v2\/categories?post=759252"},{"taxonomy":"post_tag","embeddable":true,"href":"https:\/\/www.europesays.com\/de\/wp-json\/wp\/v2\/tags?post=759252"}],"curies":[{"name":"wp","href":"https:\/\/api.w.org\/{rel}","templated":true}]}}