{"id":759458,"date":"2026-01-30T22:03:36","date_gmt":"2026-01-30T22:03:36","guid":{"rendered":"https:\/\/www.europesays.com\/de\/759458\/"},"modified":"2026-01-30T22:03:36","modified_gmt":"2026-01-30T22:03:36","slug":"bundespolizei-fasst-mann-mit-ueber-20-falschen-identitaeten","status":"publish","type":"post","link":"https:\/\/www.europesays.com\/de\/759458\/","title":{"rendered":"Bundespolizei fasst Mann mit \u00fcber 20 falschen Identit\u00e4ten"},"content":{"rendered":"<p>Grenzkontrolle <\/p>\n<p>Bundespolizei fasst Mann mit \u00fcber 20 Aliasnamen<\/p>\n<p>30.01.2026 &#8211; 16:06 UhrLesedauer: 1 Min.<\/p>\n<p><a href=\"#focus-0\" class=\"transition-colors duration-200 block text-current relative\" data-sctrack=\"FocusGalleryImage.Reference\"><img fetchpriority=\"high\" data-testid=\"Opener.Image\" style=\"--lqipURL:url('https:\/\/images.t-online.de\/2026\/01\/niBPCt3yaXyX\/0x121:2048x1152\/fit-in\/150x0\/filters:blur(25)\/bundespolizist-symbolbild-ein-mann-wurde-festgenommen.jpg')\"   loading=\"eager\" src=\"https:\/\/www.europesays.com\/de\/wp-content\/uploads\/2026\/01\/bundespolizist-symbolbild-ein-mann-wurde-festgenommen.jpg\" alt=\"urn:newsml:dpa.com:20090101:251008-935-878816\" title=\"urn:newsml:dpa.com:20090101:251008-935-878816\" width=\"2048\" height=\"1152\" class=\"bg-[url:var(--lqipURL)] bg-cover bg-center flex h-full w-full max-w-full\" decoding=\"async\"\/><img style=\"--width:32;--height:32\" loading=\"lazy\" src=\"https:\/\/aachen.t-online.de\/s\/paper\/_next\/static\/media\/zoom-in.f7dae02f.svg\" alt=\"Vergr\u00f6\u00dfern des Bildes\" title=\"Vergr\u00f6\u00dfern des Bildes\" class=\"block h-[calc(var(--height)_\/_16_*_1rem)] w-[calc(var(--width)_\/_16_*_1rem)] max-w-none absolute bottom-8 right-8 rounded-4 bg-snow p-8\" decoding=\"async\"\/><\/a><\/p>\n<p>Bundespolizist (Symbolbild): Ein Mann wurde festgenommen. (Quelle: Sven Hoppe)<\/p>\n<p class=\"font-bold text-18 leading-17\">Auf der A44 bei Aachen geht ein 29-J\u00e4hriger den Beamten ins Netz. Seine Vorgeschichte ist offenbar umfangreich.<\/p>\n<p class=\"text-18 leading-17\">Die Bundespolizei hat am Dienstagnachmittag auf der A44 bei Aachen einen 29-j\u00e4hrigen Mann festgenommen. Gegen den Mann lag ein offener Haftbefehl vor.<\/p>\n<p class=\"text-18 leading-17\">Der 29-J\u00e4hrige sei zuvor als Beifahrer aus Belgien eingereist, so die Bundespolizei. Bei der Kontrolle habe er sich mit italienischen Dokumenten ausgewiesen. Die Beamten sch\u00f6pften Verdacht: Die Papiere seien gef\u00e4lscht.<\/p>\n<p class=\"text-18 leading-17\">Die Bundespolizei brachte den Mann zur Dienststelle. Ein Fingerabdruckabgleich best\u00e4tigte seine wahre Identit\u00e4t. Gegen ihn lag ein Haftbefehl wegen Wohnungseinbruchdiebstahls vor. Zudem galt f\u00fcr ihn ein Aufenthaltsverbot f\u00fcr Deutschland.<\/p>\n<p class=\"text-18 leading-17\">Im Polizeisystem war der 29-J\u00e4hrige mit mehr als 20 verschiedenen Identit\u00e4ten erfasst. Die Beamten leiteten ein Strafverfahren wegen des Verdachts der Urkundenf\u00e4lschung ein, wie die Bundespolizei mitteilte.<\/p>\n<p class=\"text-18 leading-17\">Die Beamten beschlagnahmten das gef\u00e4lschte Dokument. Sie lieferten den Mann in die Justizvollzugsanstalt Aachen ein.<\/p>\n","protected":false},"excerpt":{"rendered":"Grenzkontrolle Bundespolizei fasst Mann mit \u00fcber 20 Aliasnamen 30.01.2026 &#8211; 16:06 UhrLesedauer: 1 Min. Bundespolizist (Symbolbild): Ein Mann&hellip;\n","protected":false},"author":2,"featured_media":759459,"comment_status":"","ping_status":"","sticky":false,"template":"","format":"standard","meta":{"footnotes":"","_share_on_mastodon":"0"},"categories":[1853],"tags":[722,17161,1424,33019,1423,421,3364,29,548,663,3934,30,8014,13,14,15,1209,12,115012],"class_list":["post-759458","post","type-post","status-publish","format-standard","has-post-thumbnail","category-aachen","tag-722","tag-17161","tag-aachen","tag-aliasnamen","tag-belgien","tag-bundespolizei","tag-de","tag-deutschland","tag-eu","tag-europa","tag-europe","tag-germany","tag-grenzkontrolle","tag-headlines","tag-nachrichten","tag-news","tag-nordrhein-westfalen","tag-schlagzeilen","tag-vorgeschichte"],"share_on_mastodon":{"url":"https:\/\/pubeurope.com\/@de\/115986314503959821","error":""},"_links":{"self":[{"href":"https:\/\/www.europesays.com\/de\/wp-json\/wp\/v2\/posts\/759458","targetHints":{"allow":["GET"]}}],"collection":[{"href":"https:\/\/www.europesays.com\/de\/wp-json\/wp\/v2\/posts"}],"about":[{"href":"https:\/\/www.europesays.com\/de\/wp-json\/wp\/v2\/types\/post"}],"author":[{"embeddable":true,"href":"https:\/\/www.europesays.com\/de\/wp-json\/wp\/v2\/users\/2"}],"replies":[{"embeddable":true,"href":"https:\/\/www.europesays.com\/de\/wp-json\/wp\/v2\/comments?post=759458"}],"version-history":[{"count":0,"href":"https:\/\/www.europesays.com\/de\/wp-json\/wp\/v2\/posts\/759458\/revisions"}],"wp:featuredmedia":[{"embeddable":true,"href":"https:\/\/www.europesays.com\/de\/wp-json\/wp\/v2\/media\/759459"}],"wp:attachment":[{"href":"https:\/\/www.europesays.com\/de\/wp-json\/wp\/v2\/media?parent=759458"}],"wp:term":[{"taxonomy":"category","embeddable":true,"href":"https:\/\/www.europesays.com\/de\/wp-json\/wp\/v2\/categories?post=759458"},{"taxonomy":"post_tag","embeddable":true,"href":"https:\/\/www.europesays.com\/de\/wp-json\/wp\/v2\/tags?post=759458"}],"curies":[{"name":"wp","href":"https:\/\/api.w.org\/{rel}","templated":true}]}}