{"id":759544,"date":"2026-01-30T22:53:21","date_gmt":"2026-01-30T22:53:21","guid":{"rendered":"https:\/\/www.europesays.com\/de\/759544\/"},"modified":"2026-01-30T22:53:21","modified_gmt":"2026-01-30T22:53:21","slug":"alarmfall-kurz-vor-weihnachten-verdaechtiger-nach-bombenalarm-am-stuttgarter-hauptbahnhof-ermittelt","status":"publish","type":"post","link":"https:\/\/www.europesays.com\/de\/759544\/","title":{"rendered":"Alarmfall kurz vor Weihnachten: Verd\u00e4chtiger nach Bombenalarm am Stuttgarter Hauptbahnhof ermittelt"},"content":{"rendered":"<p>\t\t\t\t\t\t\t\t\t\t\t\t\t\t\t\t\t\t\t\t\t\t\t\t\t\t\t\t      \t\t            \t\t             \t\t\t\t   \t\t\t\t\t   <img decoding=\"async\" id=\"article-image\" fetchpriority=\"high\" alt=\"Alarmfall kurz vor Weihnachten: Verd\u00e4chtiger nach Bombenalarm am Stuttgarter Hauptbahnhof ermittelt\" title=\"Alarmfall kurz vor Weihnachten: Verd\u00e4chtiger nach Bombenalarm am Stuttgarter Hauptbahnhof ermittelt\" src=\"https:\/\/www.europesays.com\/de\/wp-content\/uploads\/2026\/01\/media.media.086149c6-00d5-4268-8264-4a13ad53673f.16x9_700.jpg\" data-linkto=\"https:\/\/www.stuttgarter-nachrichten.de\/javascript:void(0);\"\/>\t\t\t\t\t\t\t\t\t\t\t\t\t\t\t\t\t\t\t\t\t\t\t\tGro\u00dfeinsatz am 20. Dezember 2025: Der Hauptbahnhof war am Abend f\u00fcr Reisende vier Stunden tabu.\u00a0Foto: dpa\t\t\t<\/p>\n<p>Vier Stunden lang war der Stuttgarter Hauptbahnhof lahmgelegt, der Fernverkehr blockiert. Nun ist der Bombenalarm vom 20. Dezember 2025 offenbar aufgekl\u00e4rt.<\/p>\n<p>Eine Sackkarre mit einer Ladung in M\u00fcllt\u00fcten und Klarsichtfolie verpackt, ein Geruch nach Benzin: Das war der Ausl\u00f6ser eines Bombenalarms, der vor sechs Wochen den <a href=\"https:\/\/www.stuttgarter-nachrichten.de\/thema\/Hauptbahnhof_Stuttgart\" title=\"Stuttgarter Hauptbahnhof\" class=\"art_thema\" rel=\"nofollow noopener\" target=\"_blank\">Stuttgarter Hauptbahnhof<\/a> lahmgelegt hat \u2013 mit weitreichenden Folgen. Vier Stunden lang war der Bahnhof ger\u00e4umt und der Fernverkehr in diesem Bereich eingestellt, mussten <a href=\"https:\/\/www.stuttgarter-nachrichten.de\/gallery.einsatz-in-stuttgart-polizei-evakuiert-hauptbahnhof-fernverkehr-eingestellt.a3024963-5f19-4ec5-8dab-56fe4835cda0.html\" target=\"_blank\" rel=\"nofollow noopener\"> Tausende Bahnreisende umplanen <\/a>und auf Alternativen hoffen. Was aber steckte hinter dem brisanten Fund, der wie eine Bombe wirkte? <\/p>\n<p>Die <a href=\"https:\/\/www.stuttgarter-nachrichten.de\/thema\/Bundespolizei\" target=\"_blank\" rel=\"nofollow noopener\">Bundespolizeiinspektion <\/a><a href=\"https:\/\/www.stuttgarter-nachrichten.de\/thema\/Stuttgart\" title=\"Stuttgart\" class=\"art_thema\" rel=\"nofollow noopener\" target=\"_blank\">Stuttgart<\/a> hat ihre Erkenntnisse \u00fcber den ungew\u00f6hnlichen Alarmfall am 20.\u2009Dezember 2025 nun an die Staatsanwaltschaft \u00fcbergeben. Und die l\u00e4sst auf Anfrage unserer Redaktion wissen, dass der Urheber ermittelt sei: \u201eDer Mann ist mittlerweile identifiziert\u201c, sagt Staatsanwaltssprecherin Stefanie Ruben. N\u00e4here Angaben zu seiner Person macht sie nicht. Der Vorgang sorgt dennoch f\u00fcr ungl\u00e4ubiges Staunen. <\/p>\n<p>Nach bisherigem Ermittlungsstand hatte sich der Mann an jenem Samstagabend nach 19 Uhr in den Bahnsteigbereich begeben \u2013<a href=\"https:\/\/www.stuttgarter-nachrichten.de\/inhalt.stuttgarter-hauptbahnhof-grund-fuer-evakuierung-war-offenbar-nicht-nur-ein-einzelner-koffer.232913fb-9414-46ac-8a6e-2eb9474aa445.html\" target=\"_blank\" rel=\"nofollow noopener\"> mit einer Sackkarre<\/a>, auf der ganz offensichtlich kein Gep\u00e4ck geladen war. Sondern mit etwas, dass in zwei zugeklebte M\u00fclls\u00e4cke verpackt war und nach Benzin roch. Einem Sicherheitsmitarbeiter der Bahn sei dieser ungew\u00f6hnliche Bahnhofsbesucher aufgefallen, weil \u201evon dieser Sackkarre Benzingeruch ausging\u201c, so Sprecherin Ruben. Der Bahnmitarbeiter habe den Mann daher \u201eangesprochen und aufgefordert, zu warten, bis weitere Kollegen hinzukommen\u201c, sagt die Staatsanw\u00e4ltin.<\/p>\n<p><a href=\"https:\/\/www.stuttgarter-nachrichten.de\/thema\/Verd%C3%A4chtiger\" title=\"Verd\u00e4chtiger\" class=\"art_thema\" rel=\"nofollow noopener\" target=\"_blank\">Verd\u00e4chtiger<\/a> rennt davon \u2013 angeblich um einen Zug zu erreichen <\/p>\n<p>Der aber reagierte noch verd\u00e4chtiger \u2013 und wenig kooperativ. \u201eDer Mann teilte mit, er m\u00fcsse seinen Zug erreichen\u201c, sagt Stefanie Ruben, \u201eund ist daraufhin weggerannt.\u201c Die Sackkarre habe er einfach stehen lassen. Der Unbekannte tauchte unter und blieb verschwunden \u2013 zur\u00fcck blieb die r\u00e4tselhafte Sackkarre mit dem Geruch nach leicht entz\u00fcndlichem Brennstoff. Und unter der zugeklebten Verpackung befanden sich offenbar metallische Gegenst\u00e4nde. Grund genug, <a href=\"https:\/\/www.stuttgarter-nachrichten.de\/thema\/Hauptbahnhof_Stuttgart\" target=\"_blank\" rel=\"nofollow noopener\">den Hauptbahnhof <\/a>sicherheitshalber zu sperren. Wegen einer, wie es damals in einer Mitteilung hie\u00df, \u201ebesonderen Beschaffenheit eines aufgefundenen Gegenstands\u201c.<\/p>\n<p>Die<a href=\"https:\/\/www.stuttgarter-nachrichten.de\/inhalt.einsatz-in-stuttgart-polizei-evakuiert-hauptbahnhof-fernverkehr-eingestellt.a3024963-5f19-4ec5-8dab-56fe4835cda0.html\" target=\"_blank\" rel=\"nofollow noopener\"> Sperrung sollte von 19.30 bis 23.30 Uhr <\/a>dauern \u2013 denn nach einer umf\u00e4nglichen Evakuierung und Absperrung mussten die Sprengstoffexperten alle Gegenst\u00e4nde r\u00f6ntgen und deren Gef\u00e4hrlichkeit einordnen. Und was verbarg sich in der Verpackung? Die Staatsanw\u00e4ltin: \u201eZwei Notstromaggregate.\u201c Und zwar keine, die irgendeiner Baustelle im Bahnhofsbereich zuzuordnen gewesen w\u00e4ren. Und, nach Informationen unserer Zeitung, auch eher in die Kategorie \u201eausgemustert\u201c gepasst h\u00e4tten. <\/p>\n<p>Was f\u00e4ngt man mit alten Notstromaggregaten an? <\/p>\n<p>Waren die Ger\u00e4te gestohlen oder zum Ausschlachten g\u00fcnstig erworben? Warum wollte der Unbekannte damit noch \u201eeinen Zug erreichen\u201c? Wie der Mann mit den Notstromaggregaten, die ihm dann offensichtlich doch nicht mehr wichtig waren, letztlich identifiziert wurde \u2013 dar\u00fcber gibt es aus ermittlungstaktischen Gr\u00fcnden keine Angaben. Auch nicht dazu, ob die Bundespolizei eine von ihr besonders h\u00e4ufige Ermittlungsmethode angewandt hat: die Auswertung von Videoaufzeichnungen in Z\u00fcgen. <\/p>\n<p>Da die Verpackung weder Aufkleber mit Adresse oder Herkunft erkennen lie\u00df, d\u00fcrfte somit ein Videobild aus \u00dcberwachungskameras im Zug die wahrscheinlichste Variante gewesen sein. Und das wiederum lie\u00dfe vermuten, dass das Konterfei des Verd\u00e4chtigen schon einmal in den Polizeisystemen gelandet sein muss. Ob und welche Straftat ihm letztlich zur Last gelegt werden kann, das wird nun von der Staatsanwaltschaft gepr\u00fcft. Ein Ergebnis liegt noch nicht vor. <\/p>\n","protected":false},"excerpt":{"rendered":"Gro\u00dfeinsatz am 20. Dezember 2025: Der Hauptbahnhof war am Abend f\u00fcr Reisende vier Stunden tabu.\u00a0Foto: dpa Vier Stunden&hellip;\n","protected":false},"author":2,"featured_media":759253,"comment_status":"","ping_status":"","sticky":false,"template":"","format":"standard","meta":{"footnotes":"","_share_on_mastodon":"0"},"categories":[1830],"tags":[1634,173014,3364,29,30,9636,2224,1441,32113,5329],"class_list":["post-759544","post","type-post","status-publish","format-standard","has-post-thumbnail","category-stuttgart","tag-baden-wuerttemberg","tag-bombenalarm","tag-de","tag-deutschland","tag-germany","tag-hauptbahnhof-stuttgart","tag-sperrung","tag-stuttgart","tag-verdaechtiger","tag-video"],"share_on_mastodon":{"url":"https:\/\/pubeurope.com\/@de\/115986511070442731","error":""},"_links":{"self":[{"href":"https:\/\/www.europesays.com\/de\/wp-json\/wp\/v2\/posts\/759544","targetHints":{"allow":["GET"]}}],"collection":[{"href":"https:\/\/www.europesays.com\/de\/wp-json\/wp\/v2\/posts"}],"about":[{"href":"https:\/\/www.europesays.com\/de\/wp-json\/wp\/v2\/types\/post"}],"author":[{"embeddable":true,"href":"https:\/\/www.europesays.com\/de\/wp-json\/wp\/v2\/users\/2"}],"replies":[{"embeddable":true,"href":"https:\/\/www.europesays.com\/de\/wp-json\/wp\/v2\/comments?post=759544"}],"version-history":[{"count":0,"href":"https:\/\/www.europesays.com\/de\/wp-json\/wp\/v2\/posts\/759544\/revisions"}],"wp:featuredmedia":[{"embeddable":true,"href":"https:\/\/www.europesays.com\/de\/wp-json\/wp\/v2\/media\/759253"}],"wp:attachment":[{"href":"https:\/\/www.europesays.com\/de\/wp-json\/wp\/v2\/media?parent=759544"}],"wp:term":[{"taxonomy":"category","embeddable":true,"href":"https:\/\/www.europesays.com\/de\/wp-json\/wp\/v2\/categories?post=759544"},{"taxonomy":"post_tag","embeddable":true,"href":"https:\/\/www.europesays.com\/de\/wp-json\/wp\/v2\/tags?post=759544"}],"curies":[{"name":"wp","href":"https:\/\/api.w.org\/{rel}","templated":true}]}}