{"id":759608,"date":"2026-01-30T23:28:12","date_gmt":"2026-01-30T23:28:12","guid":{"rendered":"https:\/\/www.europesays.com\/de\/759608\/"},"modified":"2026-01-30T23:28:12","modified_gmt":"2026-01-30T23:28:12","slug":"ich-habe-geheult-vor-wut-betroffene-des-gelsenkirchener-bank-einbruchs-schildern-ihr-leid","status":"publish","type":"post","link":"https:\/\/www.europesays.com\/de\/759608\/","title":{"rendered":"&#8222;Ich habe geheult vor Wut&#8220;: Betroffene des Gelsenkirchener Bank-Einbruchs schildern ihr Leid"},"content":{"rendered":"<p>&#8222;Ich habe geheult vor Wut&#8220;Betroffene des Gelsenkirchener Bank-Einbruchs schildern ihr Leid<\/p>\n<p>30.01.2026, 21:46 Uhr <\/p>\n<p>Artikel anh\u00f6ren(03:21 min)<\/p>\n<p><img decoding=\"async\" class=\"Image_img__fQCi0 Image_Img_16_9__4BLfH widget-picture-inline_maximizable__t_E7h\" loading=\"eager\" fetchpriority=\"high\" src=\"https:\/\/www.europesays.com\/de\/wp-content\/uploads\/2026\/01\/Der-bei-dem-Sparkassenraub-in-Gelsenkirchen-geschaedigte-Joachim-Alfred-Wagner-zeigt-Fotos-von-Wertg.webp\" alt=\"Der-bei-dem-Sparkassenraub-in-Gelsenkirchen-geschaedigte-Joachim-Alfred-Wagner-zeigt-Fotos-von-Wertgegenstaenden-in-der-Kanzlei-des-Rechtsanwalts-Daniel-Kuhlmann-Die-Kanzlei-Kuhlmann-vertritt-und-beraet-zahlreiche-von-dem-Raub-betroffene-Sparkassenkunden\"\/>Der bei dem Sparkassen-Einbruch in Gelsenkirchen gesch\u00e4digte Joachim Alfred Wagner zeigt Fotos von Wertgegenst\u00e4nden, die er verloren hat. (Foto: picture alliance\/dpa)TeilenFolgen auf:<a href=\"https:\/\/www.whatsapp.com\/channel\/0029Va5cdVJD8SDp5YZgYF01\" title=\"Auf WhatsApp folgen\" target=\"_blank\" rel=\"nofollow noopener\"><img decoding=\"async\" src=\"https:\/\/www.n-tv.de\/socialIcons\/whatsapp.svg\" alt=\"whatsapp\" class=\"ArticleShare_icon__FsrC2\"\/><\/a><a href=\"https:\/\/news.google.com\/publications\/CAAiEPMdif5mpRNxiLOeUpHCwwsqFAgKIhDzHYn-ZqUTcYiznlKRwsML?hl=de&amp;gl=DE&amp;ceid=DE%3Ade\" title=\"Auf Google News folgen\" target=\"_blank\" rel=\"nofollow noopener\"><img decoding=\"async\" src=\"https:\/\/www.n-tv.de\/socialIcons\/google.svg\" alt=\"whatsapp\" class=\"ArticleShare_icon__FsrC2\"\/><\/a><\/p>\n<p class=\"Typography_text-m__XI0da Typography_weight-bold__uT6mq storyline_lead_text_leadtext__q_wg8\">Schlechte Kommunikation, mangelnde Sicherheit: Die Betroffenen des spektakul\u00e4ren Einbruchs in eine Sparkasse in Gelsenkirchen erheben schwere Vorw\u00fcrfe. Sie beschreiben, welche wertvollen Gegenst\u00e4nde ihnen gestohlen wurden und was sie nun vor Gericht erreichen wollen.<\/p>\n<p class=\"Typography_text-default__P3otY Typography_weight-normal__pqUbH storyline_paragraph_p__qSR5N\">Nach dem spektakul\u00e4ren Millionen-Coup in einer Gelsenkirchener Sparkasse beklagen betroffene Schlie\u00dffachkunden die Kommunikation der Bank. Wochenlang habe die Bank die Kunden nicht von sich aus angesprochen. Sie h\u00e4tten selbst anrufen m\u00fcssen, um herauszufinden, ob ihr Geld weg war. Eine von der Sparkasse geschaltete Info-Hotline sei st\u00e4ndig besetzt gewesen, sagten mehrere Gesch\u00e4digte.<\/p>\n<p class=\"Typography_text-default__P3otY Typography_weight-normal__pqUbH storyline_paragraph_p__qSR5N\">Die Sparkasse hat inzwischen angek\u00fcndigt, am Montag eine Servicestelle f\u00fcr betroffene Schlie\u00dffachkunden zu er\u00f6ffnen. Die Kunden sollten &#8222;transparent informiert&#8220; und beim weiteren Ablauf unterst\u00fctzt werden, versprach Sparkassenchef Michael Klotz laut Mitteilung. Kritik an ihren Sicherheitsvorkehrungen hat die Bank mehrfach zur\u00fcckgewiesen. &#8222;Unsere Sicherheitsvorkehrungen sind auf dem anerkannten Stand der Technik und sind aktuell&#8220;, erkl\u00e4rte eine Sprecherin.<\/p>\n<p class=\"Typography_text-default__P3otY Typography_weight-normal__pqUbH storyline_paragraph_p__qSR5N\">Der Sparkassenkunde Joachim Alfred Wagner sagte, er habe nicht nur Gold mit f\u00fcnfstelligem Wert eingeb\u00fc\u00dft, sondern auch Schmuck von seinem Vater und den Gro\u00dfeltern &#8211; unersetzliche Familienst\u00fccke. &#8222;Das ist bestimmt schon alles eingeschmolzen.&#8220; Das Schlie\u00dffach habe er nach mehreren Einbr\u00fcchen in seiner Wohnung gemietet und gedacht, darin seien seine Wertsachen sicher. &#8222;Jetzt frage ich mich: Wo sollst Du denn noch hin &#8211; ich habe geheult vor Wut&#8220;, sagte der 63-J\u00e4hrige.<\/p>\n<p class=\"Typography_text-default__P3otY Typography_weight-normal__pqUbH storyline_paragraph_p__qSR5N\">Wagner z\u00e4hlt zu den ersten drei Kl\u00e4gern, die nach dem Millionen-Einbruch vor dem Essener Landgericht volle Haftung von der Bank verlangen. Bisher ist die Haftung auf maximal 10.300 Euro begrenzt. Das gelte aber nicht bei Fahrl\u00e4ssigkeit der Bank, sagte Wagners Anwalt Daniel Kuhlmann bei dem Termin mit Mandanten in seiner Kanzlei in Datteln. Er habe einen renommierten Sachverst\u00e4ndigen eingeschaltet und sei \u00fcberzeugt, dass es M\u00e4ngel bei den Sicherheitsvorkehrungen im Tresorraum gegeben habe. Die Klagen h\u00e4tten gute Aussichten auf Erfolg.<\/p>\n<p>3100 Kundenschlie\u00dff\u00e4cher ausger\u00e4umt<\/p>\n<p class=\"Typography_text-default__P3otY Typography_weight-normal__pqUbH storyline_paragraph_p__qSR5N\">Ein weiterer Kl\u00e4ger, der 46 Jahre alter Gesch\u00e4ftsf\u00fchrer Daniel Oryan, sprach bei dem Termin von &#8222;Kommunikation Null&#8220;. Nachdem er tagelang nichts erfahren habe, habe er die Sparkassen-Hotline angerufen &#8211; drei bis vier Mal und immer vergeblich. Besetzt. Beim Anmieten seines Schlie\u00dffaches habe er doch seine Telefonnummer angegeben. &#8222;Die hatten meine Nummer, warum rufen die nicht an&#8220;, sagte er.<\/p>\n<p class=\"Typography_text-default__P3otY Typography_weight-normal__pqUbH storyline_paragraph_p__qSR5N\">Bei dem Einbruch Ende Dezember hatten die T\u00e4ter mehrere Sicherheitssysteme \u00fcberwunden und sich direkt in den Tresorraum der Sparkassen-Filiale gebohrt. Dort r\u00e4umten sie rund 3100 Kundenschlie\u00dff\u00e4cher aus. Der Gesamtschaden wurde kurz nach dem Einbruch von der Polizei auf einen mittleren zweistelligen Millionenbetrag gesch\u00e4tzt, er k\u00f6nnte aber auch noch wesentlich h\u00f6her liegen. Von den T\u00e4tern gibt es trotz intensiver Fahndung aktuell keine hei\u00dfe Spur.<\/p>\n<p class=\"Typography_text-s__wu_cm Typography_weight-normal__pqUbH Typography_color-darkgrey__sZEnP article-detail-footer_source__KslPc\">Quelle: ntv.de, fz\u00f6\/dpa<\/p>\n","protected":false},"excerpt":{"rendered":"&#8222;Ich habe geheult vor Wut&#8220;Betroffene des Gelsenkirchener Bank-Einbruchs schildern ihr Leid 30.01.2026, 21:46 Uhr Artikel anh\u00f6ren(03:21 min) Der&hellip;\n","protected":false},"author":2,"featured_media":759609,"comment_status":"","ping_status":"","sticky":false,"template":"","format":"standard","meta":{"footnotes":"","_share_on_mastodon":"0"},"categories":[1848],"tags":[3364,29,548,663,3934,3658,30,13,984,1584,14,15,1209,12,47223,14538],"class_list":["post-759608","post","type-post","status-publish","format-standard","has-post-thumbnail","category-gelsenkirchen","tag-de","tag-deutschland","tag-eu","tag-europa","tag-europe","tag-gelsenkirchen","tag-germany","tag-headlines","tag-international","tag-kriminalitaet","tag-nachrichten","tag-news","tag-nordrhein-westfalen","tag-schlagzeilen","tag-sparkassen","tag-vermoegen"],"share_on_mastodon":{"url":"https:\/\/pubeurope.com\/@de\/115986649193481332","error":""},"_links":{"self":[{"href":"https:\/\/www.europesays.com\/de\/wp-json\/wp\/v2\/posts\/759608","targetHints":{"allow":["GET"]}}],"collection":[{"href":"https:\/\/www.europesays.com\/de\/wp-json\/wp\/v2\/posts"}],"about":[{"href":"https:\/\/www.europesays.com\/de\/wp-json\/wp\/v2\/types\/post"}],"author":[{"embeddable":true,"href":"https:\/\/www.europesays.com\/de\/wp-json\/wp\/v2\/users\/2"}],"replies":[{"embeddable":true,"href":"https:\/\/www.europesays.com\/de\/wp-json\/wp\/v2\/comments?post=759608"}],"version-history":[{"count":0,"href":"https:\/\/www.europesays.com\/de\/wp-json\/wp\/v2\/posts\/759608\/revisions"}],"wp:featuredmedia":[{"embeddable":true,"href":"https:\/\/www.europesays.com\/de\/wp-json\/wp\/v2\/media\/759609"}],"wp:attachment":[{"href":"https:\/\/www.europesays.com\/de\/wp-json\/wp\/v2\/media?parent=759608"}],"wp:term":[{"taxonomy":"category","embeddable":true,"href":"https:\/\/www.europesays.com\/de\/wp-json\/wp\/v2\/categories?post=759608"},{"taxonomy":"post_tag","embeddable":true,"href":"https:\/\/www.europesays.com\/de\/wp-json\/wp\/v2\/tags?post=759608"}],"curies":[{"name":"wp","href":"https:\/\/api.w.org\/{rel}","templated":true}]}}