{"id":759831,"date":"2026-01-31T01:31:11","date_gmt":"2026-01-31T01:31:11","guid":{"rendered":"https:\/\/www.europesays.com\/de\/759831\/"},"modified":"2026-01-31T01:31:11","modified_gmt":"2026-01-31T01:31:11","slug":"unterwegs-im-gruenen-startet-wieder","status":"publish","type":"post","link":"https:\/\/www.europesays.com\/de\/759831\/","title":{"rendered":"\u201eUnterwegs im Gr\u00fcnen\u201c startet wieder"},"content":{"rendered":"<p class=\"text_ohne_einzug richtext text-em-55 !leading-serif mx-6 desktop:mx-0\">Zugegeben: Wer derzeit vor die T\u00fcr tritt, zieht den Rei\u00dfverschluss der Jacke eher erst einmal ein St\u00fcck h\u00f6her. Die Temperaturen verharren irgendwo im einstelligen Bereich, man darf sich schon \u00fcber ein bisschen Sonne freuen. Aber: Der Fr\u00fchling kommt schneller, als man denkt. Und es gibt mindestens 78 Gr\u00fcnde, sich darauf zu freuen. Denn genau so viele Touren f\u00fchren in den kommenden Monaten wieder durch W\u00e4lder und Naturschutzgebiete, \u00fcber Friedh\u00f6fe und historische Parkanlagen \u2013 bei der Reihe \u201eUnterwegs im Gr\u00fcnen\u201c, die von der Stadt angeboten wird. Los geht es im Februar, ab Sonntag k\u00f6nnen sich die D\u00fcsseldorfer online anmelden.<\/p>\n","protected":false},"excerpt":{"rendered":"Zugegeben: Wer derzeit vor die T\u00fcr tritt, zieht den Rei\u00dfverschluss der Jacke eher erst einmal ein St\u00fcck h\u00f6her.&hellip;\n","protected":false},"author":2,"featured_media":759832,"comment_status":"","ping_status":"","sticky":false,"template":"","format":"standard","meta":{"footnotes":"","_share_on_mastodon":"0"},"categories":[1831],"tags":[3364,29,3405,40075,9701,13039,9606,30,6237,98448,45739,46120,1209,19301,7789,173104,10227,18831,112481],"class_list":["post-759831","post","type-post","status-publish","format-standard","has-post-thumbnail","category-duesseldorf","tag-de","tag-deutschland","tag-duesseldorf","tag-duesseldorferinnen","tag-exkursionen","tag-friedhoefe","tag-fuehrungen","tag-germany","tag-natur","tag-naturnahe","tag-naturschutzgebiete","tag-nordpark","tag-nordrhein-westfalen","tag-parks","tag-programm","tag-programmbroschuere","tag-touren","tag-unterwegs","tag-waldbaden"],"share_on_mastodon":{"url":"https:\/\/pubeurope.com\/@de\/115987132228971320","error":""},"_links":{"self":[{"href":"https:\/\/www.europesays.com\/de\/wp-json\/wp\/v2\/posts\/759831","targetHints":{"allow":["GET"]}}],"collection":[{"href":"https:\/\/www.europesays.com\/de\/wp-json\/wp\/v2\/posts"}],"about":[{"href":"https:\/\/www.europesays.com\/de\/wp-json\/wp\/v2\/types\/post"}],"author":[{"embeddable":true,"href":"https:\/\/www.europesays.com\/de\/wp-json\/wp\/v2\/users\/2"}],"replies":[{"embeddable":true,"href":"https:\/\/www.europesays.com\/de\/wp-json\/wp\/v2\/comments?post=759831"}],"version-history":[{"count":0,"href":"https:\/\/www.europesays.com\/de\/wp-json\/wp\/v2\/posts\/759831\/revisions"}],"wp:featuredmedia":[{"embeddable":true,"href":"https:\/\/www.europesays.com\/de\/wp-json\/wp\/v2\/media\/759832"}],"wp:attachment":[{"href":"https:\/\/www.europesays.com\/de\/wp-json\/wp\/v2\/media?parent=759831"}],"wp:term":[{"taxonomy":"category","embeddable":true,"href":"https:\/\/www.europesays.com\/de\/wp-json\/wp\/v2\/categories?post=759831"},{"taxonomy":"post_tag","embeddable":true,"href":"https:\/\/www.europesays.com\/de\/wp-json\/wp\/v2\/tags?post=759831"}],"curies":[{"name":"wp","href":"https:\/\/api.w.org\/{rel}","templated":true}]}}