{"id":759871,"date":"2026-01-31T01:55:12","date_gmt":"2026-01-31T01:55:12","guid":{"rendered":"https:\/\/www.europesays.com\/de\/759871\/"},"modified":"2026-01-31T01:55:12","modified_gmt":"2026-01-31T01:55:12","slug":"handball-em-daenemark-star-simon-hald-nach-kopf-schlag-im-krankenhaus-sport","status":"publish","type":"post","link":"https:\/\/www.europesays.com\/de\/759871\/","title":{"rendered":"Handball-EM: D\u00e4nemark-Star Simon Hald nach Kopf-Schlag im Krankenhaus | Sport"},"content":{"rendered":"<p><b>Das w\u00e4re ein schmerzhafter Ausfall. Bei der <\/b><a href=\"https:\/\/www.bild.de\/sport\/sportart\/handball\/handball-alle-infos-76675494.bild.html\" class=\"text-link\" rel=\"nofollow noopener\" target=\"_blank\"><b>Handball<\/b><\/a><b>-Europameisterschaft treffen am Sonntag (18 Uhr\/ZDF und Dyn) D\u00e4nemark und Deutschland im Finale aufeinander. Bereits in der Hauptrunde spielten die beiden Teams gegeneinander, die D\u00e4nen setzten sich mit 31:26 durch. Nun will der Weltmeister im eigenen Land gegen unsere <\/b><a href=\"https:\/\/www.dhb.de\/\" target=\"_blank\" rel=\"nofollow noopener\" class=\"text-link--external text-link\"><b>DHB<\/b><\/a><b>-Jungs den ersten <\/b><a href=\"https:\/\/www.bild.de\/sport\/mehr-sport\/handball-em\/home-86274912.bild.html\" class=\"text-link\" rel=\"nofollow noopener\" target=\"_blank\"><b>EM<\/b><\/a><b>-Titel seit 2012 holen. <\/b><\/p>\n<p><a class=\"article-image__anchor\" href=\"https:\/\/www.dyn.sport\/sport_handball\" target=\"_blank\" rel=\"noopener nofollow\"><img decoding=\"async\" width=\"992\" height=\"84\" alt=\"\" src=\"https:\/\/www.europesays.com\/de\/wp-content\/uploads\/2026\/01\/3253e8ae9dd8a91eef9c8d6730cc6f90,e434dde8.png\"   class=\"dynamic\" loading=\"lazy\"\/><\/a><\/p>\n<p>Foto: BILD<\/p>\n<p>F\u00fcrs Endspiel muss Trainer Nikolaj Jacobsen (54) aber um einen wichtigen Spieler bangen. Abwehr-Kante Simon Hald (31) musste nach dem Halbfinal-Sieg gegen Island (31:28) ins Krankenhaus gebracht werden. Das best\u00e4tigte der Coach nach dem Weiterkommen. <\/p>\n<p>Jacobsen: \u201eSimon f\u00fchlte sich unwohl, deshalb wurde er zur Untersuchung ins Krankenhaus gebracht. Ich kann sagen, dass es ihm gut geht, aber wir m\u00fcssen nat\u00fcrlich \u00fcberpr\u00fcfen, ob es verantwortungsvoll ist, ihn am Sonntag spielen zu lassen.\u201c Hald wurde in der 21. Minute von Gegenspieler Ellidi Vidarsson (27) am Kopf getroffen. Im Zweikampf setze der Island-Kreisl\u00e4ufer zum Wurf an und schlug dem 2,03-Meter-D\u00e4nen dadurch unabsichtlich ins Gesicht. <\/p>\n<p>Mehr zum Thema<\/p>\n<p>Hald wirkte kurz benommen, spielte die erste Halbzeit aber zu Ende. Nach der Pause blieb er zun\u00e4chst auf der Bank, verschwand dann in die Kabine und wurde anschlie\u00dfend ins Krankenhaus gefahren. D\u00e4nemark droht damit der n\u00e4chste Ausfall auf der Problemposition Kreisl\u00e4ufer. <\/p>\n<p>Handball-EM: D\u00e4nen droht n\u00e4chster Kreisl\u00e4ufer-Ausfall<\/p>\n<p>Mit Emil Bergholt (28\/Fu\u00dfverletzung) und Lukas J\u00f6rgensen (26\/Kreuzbandriss) verletzten sich bereits zwei Kreisl\u00e4ufer w\u00e4hrend des laufenden Turniers. Sollte Hald ebenfalls ausfallen, w\u00e4re mit Magnus Saugstrup (29) nur noch ein Spieler f\u00fcr diese Position \u00fcbrig. Jacobsen: \u201eDas ist \u00e4u\u00dferst bedauerlich, und ich hoffe, dass ich das nie wieder erleben muss.\u201c<\/p>\n<p>Hald, der von 2018 bis 2023 in Flensburg spielte und mittlerweile in Aalborg an der Seite von Juri Knorr (25) aufl\u00e4uft, ist seit Jahren fester Bestandteil der D\u00e4nen-Nationalmannschaft. Bislang wurde er viermal Weltmeister, gewann 2024 auch olympisches Gold in Paris. <\/p>\n","protected":false},"excerpt":{"rendered":"Das w\u00e4re ein schmerzhafter Ausfall. Bei der Handball-Europameisterschaft treffen am Sonntag (18 Uhr\/ZDF und Dyn) D\u00e4nemark und Deutschland&hellip;\n","protected":false},"author":2,"featured_media":759872,"comment_status":"","ping_status":"","sticky":false,"template":"","format":"standard","meta":{"footnotes":"","_share_on_mastodon":"0"},"categories":[136],"tags":[1263,132876,132872,101712,1160,39208,29,11662,1932,23446,129825,1933,30,39209,78116,60126,1391,1929,164432,37984,161564,125272,38956,132877,5009,42623,132879,15308,33851,156954,53038,129826,164431,132873,164429,11660,9380,9378,132878,164430,132875,9949,132874,265,542,4581,45,7748,23444,15314,17341,101713],"class_list":["post-759871","post","type-post","status-publish","format-standard","has-post-thumbnail","category-sport","tag-aufmacher-bereich","tag-boxen-jyske-bank","tag-chatton-benjamin","tag-dahmke-rune","tag-daenemark","tag-deutsche-handballnationalmannschaft","tag-deutschland","tag-dhb","tag-dyn-handball","tag-fischer-justus","tag-freihoefer-tim","tag-fuechse-berlin","tag-germany","tag-gislason-alfred","tag-golla-johannes","tag-grgic-marko","tag-handball","tag-handball-ereignisse","tag-handball-euro","tag-handball-em","tag-handball-em-2026","tag-handballnationalmannschaft","tag-hanning-bob","tag-haeseler-mathis","tag-hbl","tag-herning","tag-kiesler-tom","tag-knorr-juri","tag-koester-julian","tag-langhoff-matthes","tag-lichtlein-nils","tag-ludwig-lasse","tag-meckes-ingo","tag-mertens-lukas","tag-michelmann-andreas","tag-rhein-neckar-loewen","tag-sc-dhfk-leipzig","tag-sc-magdeburg","tag-schluroff-miro","tag-schober-mark","tag-semper-franz","tag-sg-flensburg-handewitt","tag-spaeth-david","tag-sport","tag-sport-leuchtturm-hamburg","tag-sport-tag-im-ticker","tag-texttospeech","tag-thw-kiel","tag-uscins-renars","tag-weitzmann-dirk","tag-wolff-andreas","tag-zerbe-lukas"],"share_on_mastodon":{"url":"","error":"Validation failed: Text character limit of 500 exceeded"},"_links":{"self":[{"href":"https:\/\/www.europesays.com\/de\/wp-json\/wp\/v2\/posts\/759871","targetHints":{"allow":["GET"]}}],"collection":[{"href":"https:\/\/www.europesays.com\/de\/wp-json\/wp\/v2\/posts"}],"about":[{"href":"https:\/\/www.europesays.com\/de\/wp-json\/wp\/v2\/types\/post"}],"author":[{"embeddable":true,"href":"https:\/\/www.europesays.com\/de\/wp-json\/wp\/v2\/users\/2"}],"replies":[{"embeddable":true,"href":"https:\/\/www.europesays.com\/de\/wp-json\/wp\/v2\/comments?post=759871"}],"version-history":[{"count":0,"href":"https:\/\/www.europesays.com\/de\/wp-json\/wp\/v2\/posts\/759871\/revisions"}],"wp:featuredmedia":[{"embeddable":true,"href":"https:\/\/www.europesays.com\/de\/wp-json\/wp\/v2\/media\/759872"}],"wp:attachment":[{"href":"https:\/\/www.europesays.com\/de\/wp-json\/wp\/v2\/media?parent=759871"}],"wp:term":[{"taxonomy":"category","embeddable":true,"href":"https:\/\/www.europesays.com\/de\/wp-json\/wp\/v2\/categories?post=759871"},{"taxonomy":"post_tag","embeddable":true,"href":"https:\/\/www.europesays.com\/de\/wp-json\/wp\/v2\/tags?post=759871"}],"curies":[{"name":"wp","href":"https:\/\/api.w.org\/{rel}","templated":true}]}}