{"id":759901,"date":"2026-01-31T02:11:10","date_gmt":"2026-01-31T02:11:10","guid":{"rendered":"https:\/\/www.europesays.com\/de\/759901\/"},"modified":"2026-01-31T02:11:10","modified_gmt":"2026-01-31T02:11:10","slug":"ludwigshafen-buendnis-90-die-gruenen","status":"publish","type":"post","link":"https:\/\/www.europesays.com\/de\/759901\/","title":{"rendered":"Ludwigshafen &#8211; B\u00dcNDNIS 90\/ DIE GR\u00dcNEN"},"content":{"rendered":"<p>Der Landtag Rheinland-Pfalz hat das Gesetz zur Umsetzung des Sonderverm\u00f6gens \u201eRheinland-Pfalz-Plan f\u00fcr Bildung, Klima und Infrastruktur\u201c beschlossen. Dazu erkl\u00e4rt Matthias Jurczak, Landtagskandidat von B\u00dcNDNIS 90\/DIE GR\u00dcNEN f\u00fcr den Wahlkreis 36:<br \/>\u201eSt\u00e4dte und Gemeinden stehen derzeit bundesweit vor gro\u00dfen finanziellen Herausforderungen, das gilt auch f\u00fcr uns in Ludwigshafen. Viele merken das l\u00e4ngst im Alltag, zum Beispiel, wenn Schulgeb\u00e4ude schlecht beheizt sind oder Radwege dringend saniert werden m\u00fcssten. Mit dem Sonderverm\u00f6gen haben wir nun finanzielle Spielr\u00e4ume, um notwendige Investitionen vor Ort anzupacken.\u201c<br \/>F\u00fcr Ludwigshafen hei\u00dft das konkret: 158 Millionen Euro flie\u00dfen innerhalb von zw\u00f6lf Jahren in unsere Stadt. Mittel, die beispielsweise f\u00fcr den Ausbau von Schulen und Kitas, einen verbesserten \u00d6PNV oder eine klimafreundliche Energieinfrastruktur eingesetzt werden k\u00f6nnen. Themenfelder, bei denen ein dringender Handlungsbedarf besteht.<br \/>Mirijam Mannefeld, Landtagskandidatin von B\u00dcNDNIS 90\/DIE GR\u00dcNEN f\u00fcr den Wahlkreis 37, macht zugleich deutlich, dass das Sonderverm\u00f6gen zwar Investitionen erm\u00f6glicht, aber die bundesweiten Finanzierungsprobleme der Kommunen nicht l\u00f6sen wird. \u201eWir m\u00fcssen die Finanzierung \u00f6ffentlicher Aufgaben zwischen Bund, Land und kommunaler Ebene neu ordnen. Gerade der Bund muss die Kommunen st\u00e4rker entlasten. Daf\u00fcr brauchen wir eine fairere Verteilung der Steuereinnahmen, damit mehr Geld auch bei uns vor Ort ankommt\u201c.<br \/>\u201eAuch das Konnexit\u00e4tsprinzip \u2013 wer bestellt, bezahlt \u2013 muss konsequent eingehalten werden\u201c, erg\u00e4nzt Jurczak abschlie\u00dfend.<\/p>\n<p>Hintergrund<br \/>Das durch den Bund geschaffene Sonderverm\u00f6gen in H\u00f6he von 500 Milliarden Euro kommt auch den L\u00e4ndern und Kommunen zugute. Ihnen flie\u00dfen 100 Milliarden Euro zu. F\u00fcr Rheinland-Pfalz sind das rund 4,8 Milliarden Euro. Davon gehen 60 Prozent direkt an die Kommunen \u2013 rund 2,9 Milliarden Euro. Das Land legt zu den 2,9 Mrd. Euro des Bundes noch 20 % on top drauf. Das bedeutet \u00fcber die gesamte Laufzeit von zw\u00f6lf Jahren weitere 600 Mio. Euro vonseiten des Landes.<\/p>\n<p>Quelle: B\u00dcNDNIS 90\/ DIE GR\u00dcNEN KV Ludwigshafen<\/p>\n<p class=\"post-modified-info\">Zuletzt aktualisiert am 31. Januar 2026, 02:53<\/p>\n","protected":false},"excerpt":{"rendered":"Der Landtag Rheinland-Pfalz hat das Gesetz zur Umsetzung des Sonderverm\u00f6gens \u201eRheinland-Pfalz-Plan f\u00fcr Bildung, Klima und Infrastruktur\u201c beschlossen. Dazu&hellip;\n","protected":false},"author":2,"featured_media":609818,"comment_status":"","ping_status":"","sticky":false,"template":"","format":"standard","meta":{"footnotes":"","_share_on_mastodon":"0"},"categories":[1845],"tags":[4568,8684,1634,752,4488,3364,29,548,663,3934,9838,666,30,854,13,9951,1563,1236,3413,25476,2096,14,15,16935,2102,22861,2802,1756,12,3041,1106],"class_list":["post-759901","post","type-post","status-publish","format-standard","has-post-thumbnail","category-mannheim","tag-schulen","tag-ausbau","tag-baden-wuerttemberg","tag-bildung","tag-bund","tag-de","tag-deutschland","tag-eu","tag-europa","tag-europe","tag-finanzierung","tag-geld","tag-germany","tag-gesetz","tag-headlines","tag-investitionen","tag-klima","tag-kommunen","tag-laendern","tag-ludwigshafen","tag-mannheim","tag-nachrichten","tag-news","tag-pfalz","tag-plan","tag-prozent","tag-rheinland","tag-rheinland-pfalz","tag-schlagzeilen","tag-stadt","tag-umsetzung"],"share_on_mastodon":{"url":"https:\/\/pubeurope.com\/@de\/115987289488415387","error":""},"_links":{"self":[{"href":"https:\/\/www.europesays.com\/de\/wp-json\/wp\/v2\/posts\/759901","targetHints":{"allow":["GET"]}}],"collection":[{"href":"https:\/\/www.europesays.com\/de\/wp-json\/wp\/v2\/posts"}],"about":[{"href":"https:\/\/www.europesays.com\/de\/wp-json\/wp\/v2\/types\/post"}],"author":[{"embeddable":true,"href":"https:\/\/www.europesays.com\/de\/wp-json\/wp\/v2\/users\/2"}],"replies":[{"embeddable":true,"href":"https:\/\/www.europesays.com\/de\/wp-json\/wp\/v2\/comments?post=759901"}],"version-history":[{"count":0,"href":"https:\/\/www.europesays.com\/de\/wp-json\/wp\/v2\/posts\/759901\/revisions"}],"wp:featuredmedia":[{"embeddable":true,"href":"https:\/\/www.europesays.com\/de\/wp-json\/wp\/v2\/media\/609818"}],"wp:attachment":[{"href":"https:\/\/www.europesays.com\/de\/wp-json\/wp\/v2\/media?parent=759901"}],"wp:term":[{"taxonomy":"category","embeddable":true,"href":"https:\/\/www.europesays.com\/de\/wp-json\/wp\/v2\/categories?post=759901"},{"taxonomy":"post_tag","embeddable":true,"href":"https:\/\/www.europesays.com\/de\/wp-json\/wp\/v2\/tags?post=759901"}],"curies":[{"name":"wp","href":"https:\/\/api.w.org\/{rel}","templated":true}]}}