{"id":759942,"date":"2026-01-31T02:34:13","date_gmt":"2026-01-31T02:34:13","guid":{"rendered":"https:\/\/www.europesays.com\/de\/759942\/"},"modified":"2026-01-31T02:34:13","modified_gmt":"2026-01-31T02:34:13","slug":"tausende-zu-pro-kurdischer-demo-in-bonn-erwartet","status":"publish","type":"post","link":"https:\/\/www.europesays.com\/de\/759942\/","title":{"rendered":"Tausende zu pro-kurdischer Demo in Bonn erwartet"},"content":{"rendered":"<p>Lage in Syrien <\/p>\n<p>Tausende zu pro-kurdischer Demo in Bonn erwartet<\/p>\n<p>Aktualisiert am 31.01.2026 &#8211; 03:30 UhrLesedauer: 1 Min.<\/p>\n<p><a href=\"#focus-0\" class=\"transition-colors duration-200 block text-current relative\" data-sctrack=\"FocusGalleryImage.Reference\"><img fetchpriority=\"high\" data-testid=\"Opener.Image\" style=\"--lqipURL:url('https:\/\/images.t-online.de\/2026\/01\/WJKsyrC20ueD\/0x130:2048x1152\/fit-in\/150x0\/filters:blur(25)\/bis-zu-15000-menschen-wollen-in-bonn-gegen-den-krieg-in-nordsyrien-protestieren-archivbild.jpg')\"   loading=\"eager\" src=\"https:\/\/www.europesays.com\/de\/wp-content\/uploads\/2026\/01\/bis-zu-15000-menschen-wollen-in-bonn-gegen-den-krieg-in-nordsyrien-protestieren-archivbild.jpg\" alt=\"Tausende zu Kurden-Demonstration in Bonn erwartet\" title=\"Tausende zu Kurden-Demonstration in Bonn erwartet\" width=\"2048\" height=\"1152\" class=\"bg-[url:var(--lqipURL)] bg-cover bg-center flex h-full w-full max-w-full\" decoding=\"async\"\/><img style=\"--width:32;--height:32\" loading=\"lazy\" src=\"https:\/\/bonn.t-online.de\/s\/paper\/_next\/static\/media\/zoom-in.f7dae02f.svg\" alt=\"Vergr\u00f6\u00dfern des Bildes\" title=\"Vergr\u00f6\u00dfern des Bildes\" class=\"block h-[calc(var(--height)_\/_16_*_1rem)] w-[calc(var(--width)_\/_16_*_1rem)] max-w-none absolute bottom-8 right-8 rounded-4 bg-snow p-8\" decoding=\"async\"\/><\/a><\/p>\n<p>Bis zu 15.000 Menschen wollen in Bonn gegen den Krieg in Nordsyrien protestieren. (Archivbild) (Quelle: Boris Roessler\/dpa\/dpa-bilder)<\/p>\n<p class=\"font-bold text-18 leading-17\">Wegen der aktuellen Lage in Syrien hat es in den vergangenen Wochen bundesweit bereits zahlreiche Proteste gegeben. Auch auf der Bonner Uni-Wiese ist nun eine gro\u00dfe Kundgebung geplant.<\/p>\n<p class=\"text-18 leading-17\">Angesichts der Situation in Nordsyrien wollen am Nachmittag (14.00 Uhr) tausende Menschen zu einer pro-kurdischen Demonstration nach Bonn kommen. Zu der Kundgebung auf der Hofgartenwiese unter dem Motto &#8222;Die Lage in Syrien&#8220; haben die Veranstalter bis zu 15.000 Teilnehmer angemeldet. Die Polizei ist mit einem Gro\u00dfaufgebot im Einsatz und rechnet w\u00e4hrend der An- und Abreise mit Verkehrsbeeintr\u00e4chtigungen in der Innenstadt. <\/p>\n<p class=\"text-18 leading-17\">&#8222;Auch wenn wir keinerlei Hinweise auf St\u00f6rungen oder Unfriedlichkeiten im Zusammenhang mit der Kundgebung haben, ist uns aufgrund der Erfahrungen aus vergangenen Eins\u00e4tzen in anderen St\u00e4dten bewusst, dass die Thematik der Versammlung in Einzelf\u00e4llen zu einer Emotionalisierung f\u00fchren kann&#8220;, sagte Polizei-Einsatzleiter Frank St\u00f6tzel. Die Polizei werde mit starken Kr\u00e4ften vor Ort sein, um die Versammlung zu begleiten und zu sch\u00fctzen.<\/p>\n<p class=\"text-18 leading-17\">Wegen der Situation der kurdischen Zivilbev\u00f6lkerung in Syrien hatte es in den vergangenen Wochen bundesweit bereits zahlreiche Proteste gegeben. In Dortmund war es dabei am Rande einer pro-kurdischen Demo mit etwa 4.000 Teilnehmern zu Ausschreitungen gekommen, bei denen sieben Polizisten verletzt wurden.<\/p>\n<p class=\"text-18 leading-17\">In Nord- und Ostsyrien k\u00e4mpfen Regierungstruppen und die kurdisch angef\u00fchrten Syrischen Demokratischen Kr\u00e4fte (SDF) um Macht, Einfluss und Gebietskontrolle.<\/p>\n","protected":false},"excerpt":{"rendered":"Lage in Syrien Tausende zu pro-kurdischer Demo in Bonn erwartet Aktualisiert am 31.01.2026 &#8211; 03:30 UhrLesedauer: 1 Min.&hellip;\n","protected":false},"author":2,"featured_media":759943,"comment_status":"","ping_status":"","sticky":false,"template":"","format":"standard","meta":{"footnotes":"","_share_on_mastodon":"0"},"categories":[1842],"tags":[22997,1741,3364,29,217,30,1209,168666,121,58],"class_list":["post-759942","post","type-post","status-publish","format-standard","has-post-thumbnail","category-bonn","tag-ausschreitung","tag-bonn","tag-de","tag-deutschland","tag-dortmund","tag-germany","tag-nordrhein-westfalen","tag-nordsyrien","tag-polizei","tag-syrien"],"share_on_mastodon":{"url":"https:\/\/pubeurope.com\/@de\/115987380095220532","error":""},"_links":{"self":[{"href":"https:\/\/www.europesays.com\/de\/wp-json\/wp\/v2\/posts\/759942","targetHints":{"allow":["GET"]}}],"collection":[{"href":"https:\/\/www.europesays.com\/de\/wp-json\/wp\/v2\/posts"}],"about":[{"href":"https:\/\/www.europesays.com\/de\/wp-json\/wp\/v2\/types\/post"}],"author":[{"embeddable":true,"href":"https:\/\/www.europesays.com\/de\/wp-json\/wp\/v2\/users\/2"}],"replies":[{"embeddable":true,"href":"https:\/\/www.europesays.com\/de\/wp-json\/wp\/v2\/comments?post=759942"}],"version-history":[{"count":0,"href":"https:\/\/www.europesays.com\/de\/wp-json\/wp\/v2\/posts\/759942\/revisions"}],"wp:featuredmedia":[{"embeddable":true,"href":"https:\/\/www.europesays.com\/de\/wp-json\/wp\/v2\/media\/759943"}],"wp:attachment":[{"href":"https:\/\/www.europesays.com\/de\/wp-json\/wp\/v2\/media?parent=759942"}],"wp:term":[{"taxonomy":"category","embeddable":true,"href":"https:\/\/www.europesays.com\/de\/wp-json\/wp\/v2\/categories?post=759942"},{"taxonomy":"post_tag","embeddable":true,"href":"https:\/\/www.europesays.com\/de\/wp-json\/wp\/v2\/tags?post=759942"}],"curies":[{"name":"wp","href":"https:\/\/api.w.org\/{rel}","templated":true}]}}