{"id":760030,"date":"2026-01-31T03:24:38","date_gmt":"2026-01-31T03:24:38","guid":{"rendered":"https:\/\/www.europesays.com\/de\/760030\/"},"modified":"2026-01-31T03:24:38","modified_gmt":"2026-01-31T03:24:38","slug":"linke-aktivisten-und-polizei-werfen-sich-gegenseitig-gewalt-vor","status":"publish","type":"post","link":"https:\/\/www.europesays.com\/de\/760030\/","title":{"rendered":"Linke Aktivisten und Polizei werfen sich gegenseitig Gewalt vor"},"content":{"rendered":"<p>Vorfall zwischen Hauptbahnhof und AZ <\/p>\n<p>Linke Aktivisten und Polizei werfen sich gegenseitig Gewalt vor<\/p>\n<p>Aktualisiert am 30.01.2026 &#8211; 15:33 UhrLesedauer: 3 Min.<\/p>\n<p><a href=\"#focus-0\" class=\"transition-colors duration-200 block text-current relative\" data-sctrack=\"FocusGalleryImage.Reference\"><img fetchpriority=\"high\" data-testid=\"Opener.Image\" style=\"--lqipURL:url('https:\/\/images.t-online.de\/2026\/01\/hVsDTFfrB17Y\/0x138:2048x1152\/fit-in\/150x0\/filters:blur(25)\/der-eingang-des-autonomen-zentrum-in-aachen-am.jpg')\"   loading=\"eager\" src=\"https:\/\/www.europesays.com\/de\/wp-content\/uploads\/2026\/01\/der-eingang-des-autonomen-zentrum-in-aachen-am.jpg\" alt=\"Der Eingang des Autonomen Zentrums: In der Hackl\u00e4nderstra\u00dfe kam es zu einer Auseinandersetzung zwischen linken Aktivisten und der Polizei.\" title=\"Der Eingang des Autonomen Zentrums: In der Hackl\u00e4nderstra\u00dfe kam es zu einer Auseinandersetzung zwischen linken Aktivisten und der Polizei.\" width=\"2048\" height=\"1152\" class=\"bg-[url:var(--lqipURL)] bg-cover bg-center flex h-full w-full max-w-full\" decoding=\"async\"\/><img style=\"--width:32;--height:32\" loading=\"lazy\" src=\"https:\/\/aachen.t-online.de\/s\/paper\/_next\/static\/media\/zoom-in.f7dae02f.svg\" alt=\"Vergr\u00f6\u00dfern des Bildes\" title=\"Vergr\u00f6\u00dfern des Bildes\" class=\"block h-[calc(var(--height)_\/_16_*_1rem)] w-[calc(var(--width)_\/_16_*_1rem)] max-w-none absolute bottom-8 right-8 rounded-4 bg-snow p-8\" decoding=\"async\"\/><\/a><\/p>\n<p>Der Eingang des Autonomen Zentrums: In der Hackl\u00e4nderstra\u00dfe kam es zu einer Auseinandersetzung zwischen linken Aktivisten und der Polizei. (Quelle: Privat)<\/p>\n<p class=\"font-bold text-18 leading-17\">Am Autonomen Zentrum kommt es zu einem Tumult. Eine Beamtin wird laut Polizeiangaben von Aktivisten verletzt. Diese erheben wiederum schwere Vorw\u00fcrfe gegen die Polizei.<\/p>\n<p class=\"text-18 leading-17\">In der Nacht zum vergangenen Sonntag (25. Januar) ist es am Aachener Hauptbahnhof in der N\u00e4he des Autonomen Zentrums (AZ) zu einer k\u00f6rperlichen Auseinandersetzung zwischen linken Aktivisten und der Polizei gekommen.<\/p>\n<p class=\"text-18 leading-17\">Nach Angaben der Polizei sollen mehrere Beamte von 25 bis 30 vermummten Personen umringt worden sein, nachdem sie einen mehrere Meter gro\u00dfen Antifa-Schriftzug an einer Hauswand in der Hackl\u00e4nderstra\u00dfe entdeckt und infolgedessen die Gegend abgesucht hatten. Daraufhin sei es zu einem &#8222;kleinen Tumult&#8220; gekommen, bei dem eine Beamtin leicht verletzt worden sei, hie\u00df es vom WDR.<\/p>\n<p class=\"text-18 leading-17\">Das AZ, ein Treffpunkt der linken Szene in Aachen, widerspricht dieser Darstellung. &#8222;Die Eskalation der Situation erfolgte durch das unangemessene Verhalten der PolizeibeamtInnen&#8220;, hie\u00df es in einer am Dienstag ver\u00f6ffentlichten Mitteilung. Mehrere G\u00e4ste des AZs h\u00e4tten eine Personenkontrolle durch die Polizei &#8222;beobachtet&#8220;, woraufhin es einen &#8222;Angriff der Polizei&#8220; gegeben habe.<\/p>\n<p class=\"text-18 leading-17\">Die Aktivisten erheben dabei schwere Vorw\u00fcrfe gegen die Beamten. Diese sollen mit &#8222;Tasern, einer Schusswaffe und Einsatzhunden&#8220; die anwesenden G\u00e4ste bedroht haben. Eine Polizistin habe dabei ihre Waffe auf die &#8222;Eingangst\u00fcr und auf die dort stehenden Menschen&#8220; gerichtet, hei\u00dft es weiter.<\/p>\n<p class=\"text-18 leading-17\">Zudem soll die Polizei unter &#8222;massiven Einsatz von Pfefferspray und Teleskopschlagst\u00f6cken&#8220; mehrere Aktivisten verletzt haben. Einem Gast sei &#8222;anlasslos von einer Polizistin ins Gesicht gespuckt&#8220; worden, einem anderen sei die Brille zerbrochen worden. Mehrere Aktivisten sollen verhaftet worden sein. &#8222;Farbe an einer Hausfassade steht in keinem Verh\u00e4ltnis zu diesem Polizeiaufgebot und Einsatz von Gewalt&#8220;, so das AZ.<\/p>\n<p class=\"text-18 leading-17\">Am Freitag teilte das Autonome Zentrum au\u00dferdem mit, dass es am Mittwoch vier Hausdurchsuchungen im Zusammenhang mit dem Antifa-Schriftzug gegeben habe. Das AZ warf den Beh\u00f6rden zudem vor, diese teilweise ohne Durchsuchungsbeschluss durchgef\u00fchrt zu haben.<\/p>\n<p class=\"text-18 leading-17\">Oberstaatsanw\u00e4ltin Katja Schlenkermann-Pitts best\u00e4tigte die Durchsuchungen am Freitag auf Anfrage der Aachener Lokalredaktion von t-online. Diese seien &#8222;zum Teil m\u00fcndlich seitens der Staatsanwaltschaft, in einem Fall schriftlich, beantragt und von dem Amtsgericht in Aachen mindestens m\u00fcndlich im Rahmen des Eildienstes erlassen worden&#8220;. Es habe in jedem Fall ein Durchsuchungsbeschluss vorgelegen.<\/p>\n<p class=\"text-18 leading-17\">Die Oberstaatsanw\u00e4ltin schilderte den Ablauf der Geschehnisse aus Sicht der Polizei. Zudem \u00e4u\u00dferte sie sich zu den konkreten Vorw\u00fcrfen des AZs.<\/p>\n<p class=\"text-18 leading-17\">Eine Gruppe von 20 bis 30 Aktivisten, die der linksautonomen Szene zuzuordnen seien, sei auf die Beamten &#8222;zumarschiert&#8220; und h\u00e4tten den polizeilichen Anweisungen nicht Folge geleistet, schreibt die Oberstaatsanw\u00e4ltin. Ein Polizist habe daraufhin mit dem Einsatz eines Teleskopschlagstocks und eines Distanzelektroimpulsger\u00e4tes (Taser) gedroht. Eine Beamtin habe Pfefferspray gegen Aktivisten eingesetzt, da eine Androhung &#8222;situationsbedingt nicht m\u00f6glich&#8220; gewesen sei und sich eine &#8222;weitere Personengruppe formierte&#8220;.<\/p>\n","protected":false},"excerpt":{"rendered":"Vorfall zwischen Hauptbahnhof und AZ Linke Aktivisten und Polizei werfen sich gegenseitig Gewalt vor Aktualisiert am 30.01.2026 &#8211;&hellip;\n","protected":false},"author":2,"featured_media":760031,"comment_status":"","ping_status":"","sticky":false,"template":"","format":"standard","meta":{"footnotes":"","_share_on_mastodon":"0"},"categories":[1853],"tags":[1424,83654,32845,3364,29,548,663,3934,30,173145,3601,13,14,7497,15,1209,121,25441,12,1997,226,6772,225],"class_list":["post-760030","post","type-post","status-publish","format-standard","has-post-thumbnail","category-aachen","tag-aachen","tag-aktivistengruppe","tag-antifa","tag-de","tag-deutschland","tag-eu","tag-europa","tag-europe","tag-germany","tag-hacklaenderstrasse","tag-hauptbahnhof","tag-headlines","tag-nachrichten","tag-neonazi","tag-news","tag-nordrhein-westfalen","tag-polizei","tag-polizeigewalt","tag-schlagzeilen","tag-staatsanwaltschaft","tag-t-online","tag-tumult","tag-wdr"],"share_on_mastodon":{"url":"https:\/\/pubeurope.com\/@de\/115987576635928539","error":""},"_links":{"self":[{"href":"https:\/\/www.europesays.com\/de\/wp-json\/wp\/v2\/posts\/760030","targetHints":{"allow":["GET"]}}],"collection":[{"href":"https:\/\/www.europesays.com\/de\/wp-json\/wp\/v2\/posts"}],"about":[{"href":"https:\/\/www.europesays.com\/de\/wp-json\/wp\/v2\/types\/post"}],"author":[{"embeddable":true,"href":"https:\/\/www.europesays.com\/de\/wp-json\/wp\/v2\/users\/2"}],"replies":[{"embeddable":true,"href":"https:\/\/www.europesays.com\/de\/wp-json\/wp\/v2\/comments?post=760030"}],"version-history":[{"count":0,"href":"https:\/\/www.europesays.com\/de\/wp-json\/wp\/v2\/posts\/760030\/revisions"}],"wp:featuredmedia":[{"embeddable":true,"href":"https:\/\/www.europesays.com\/de\/wp-json\/wp\/v2\/media\/760031"}],"wp:attachment":[{"href":"https:\/\/www.europesays.com\/de\/wp-json\/wp\/v2\/media?parent=760030"}],"wp:term":[{"taxonomy":"category","embeddable":true,"href":"https:\/\/www.europesays.com\/de\/wp-json\/wp\/v2\/categories?post=760030"},{"taxonomy":"post_tag","embeddable":true,"href":"https:\/\/www.europesays.com\/de\/wp-json\/wp\/v2\/tags?post=760030"}],"curies":[{"name":"wp","href":"https:\/\/api.w.org\/{rel}","templated":true}]}}