{"id":760283,"date":"2026-01-31T05:55:09","date_gmt":"2026-01-31T05:55:09","guid":{"rendered":"https:\/\/www.europesays.com\/de\/760283\/"},"modified":"2026-01-31T05:55:09","modified_gmt":"2026-01-31T05:55:09","slug":"dschungelcamp-2026-stephen-duerrs-anwalt-nahm-sich-das-leben-diese-dunkle-zeit-wird-er-niemals-vergessen-rtl-de","status":"publish","type":"post","link":"https:\/\/www.europesays.com\/de\/760283\/","title":{"rendered":"Dschungelcamp 2026: Stephen D\u00fcrrs Anwalt nahm sich das Leben! Diese dunkle Zeit wird er niemals vergessen &#8211; RTL.de"},"content":{"rendered":"<ol>\n<li><a href=\"https:\/\/news.google.com\/rss\/articles\/CBMi-gFBVV95cUxNdXhpNmdxNTJQY2pBQVhIYm96X0IxUFRvdG5uRTNOWnlkZnhDT2xNWmxwNENxOEx5Q0swemtLUzZ5Sl9NQUFTT0xCVERDWGtGcHBSV2p1Vk9qaU9xWTJxWlVwUzkxX0xkSTB3WDM5MFJjcFA3ZnI5U0JDTmYyT1IwUHdoalJ4MzlVdjBjYm5YNmdya1BEekVhbVdlOGVZSld1TDdScTlJWHR0bk10ZUsxZW1ZLXFkZTdYdHJSb0s1SnhXN29yN2M1djlueXJHcEZmUzQ4VVh6M2E0a0N2cjQyZG5vaHJvQzgzd2o1V2J3R1ltZm5idHdTalZ3?oc=5\" target=\"_blank\" rel=\"nofollow noopener\">Dschungelcamp 2026: Stephen D\u00fcrrs Anwalt nahm sich das Leben! Diese dunkle Zeit wird er niemals vergessen<\/a>&nbsp;&nbsp;RTL.de<\/li>\n<li><a href=\"https:\/\/news.google.com\/rss\/articles\/CBMiswFBVV95cUxPR2J3eU1rM29iYkc1dzAxd1o1WnZlSmphMnpwMUlfZndjZ1pCTXFzSS04c1lwLTJEc0JRcnlneHAtSkRnNVlyM19scHZLYTEtN1VTRWtGRGhPTU5sTC14cHNJRk8xOXJnMXh1REZCV1k2blNkNzhZR3ZDMWtsY2xuSXpha3FlVHRHX2tmSDFQS3Rnb0JrUjBUcFF0X2EybW9taGpkVUQzemtXUEJuekpxVURzQQ?oc=5\" target=\"_blank\" rel=\"nofollow noopener\">Dschungelcamp 2026: Das ist Ex-Soap-Star Stephen D\u00fcrr<\/a>&nbsp;&nbsp;stern.de<\/li>\n<li><a href=\"https:\/\/news.google.com\/rss\/articles\/CBMi9gFBVV95cUxOMjM5clA2SjRnZkRPWkszYkpmalUyNjNCakNjQUVtR1dUSXc5b28zM0JuMWYydTU4d2lxOHREeEJKU2dRZ2tvaDNudm9wX200Q2Q4cENKZ1B0emgySFd4bl9uXzlFSU5oSmdyeDROcVplWTdrZzRWOGZnQW1Ualg3TFk0MWQ5QnIxX2FYRmloQzFGYjJ2cGQyakl6Qll6WXRaemI3NF9CenFDdUZCeU1jSldVQ3QyWVFURFk2NkZoOXdVSldJeDFtN2Y4d280eUhiSndUdDk0QVU4ZVV2RTAxRlo2ODRyeGdWNHF0VUFSODlRUHN5Znc?oc=5\" target=\"_blank\" rel=\"nofollow noopener\">Dschungelcamp: Stephen D\u00fcrrs Ehefrau: \u201eNur noch mit einer Person schlafen \u2013 das will doch keiner?\u201c<\/a>&nbsp;&nbsp;Saarbr\u00fccker Zeitung<\/li>\n<li><a href=\"https:\/\/news.google.com\/rss\/articles\/CBMiyAFBVV95cUxPV2Rick5sOEx5aWt0UlhjNnZmdWlCUlQzTkVSTHdsckJrQ2o4ZlhldmFGQUYtMmVGRHl6cVJ3SDVsTlBwZGUydXRNUFZCeFgwWTEyT1JFMW5HT3VFUmRKcFgzNE5OcnlISU9tXzBNMjlZYTFRa3RIREhWbjA1U1Z4U1Y3MjBfbk1IY0ZMa2lSQlFfQmpNQWljVHRiLWZPUzJ5Rms2T3RfWGdQbnVOdjlqdklralZIbDdJSnVfa0dMOW5GOTlBczh6cw?oc=5\" target=\"_blank\" rel=\"nofollow noopener\">Stephen D\u00fcrr spricht \u00fcber Einnahmen: Was \u00fcber sein Verm\u00f6gen bekannt ist<\/a>&nbsp;&nbsp;Abendzeitung M\u00fcnchen<\/li>\n<li><a href=\"https:\/\/news.google.com\/rss\/articles\/CBMiwgFBVV95cUxQWnByNVhZNHBjR0JHNXhIR1F6SW5vSms5Vy03Sl91ZC0tRFVkXzkzb2l6WGdVRVMxNC1ITVdrT01VN3ZpMzFSX2t3UGN5OHoyZ2RucHRtS1NaY0dIUXA2bG15LVVnc21nbHJPcTJORlE0WnRYb0diR3pjRjRmcmw2eDl2Sm1TTUJGeUUxejVtUU52WHlTZXNHY1JpUUZrbEw2TkFrbzRtMFU5OEc1ZEpPNjBySkkxVnJ0YVdnNWZWU1dsUQ?oc=5\" target=\"_blank\" rel=\"nofollow noopener\">Mit 22 Jahren: So viel hat Stephen D\u00fcrr bei &#8222;Unter uns&#8220; verdient<\/a>&nbsp;&nbsp;T-Online<\/li>\n<\/ol>\n","protected":false},"excerpt":{"rendered":"Dschungelcamp 2026: Stephen D\u00fcrrs Anwalt nahm sich das Leben! Diese dunkle Zeit wird er niemals vergessen&nbsp;&nbsp;RTL.de Dschungelcamp 2026:&hellip;\n","protected":false},"author":2,"featured_media":6787,"comment_status":"","ping_status":"","sticky":false,"template":"","format":"standard","meta":{"footnotes":"","_share_on_mastodon":"0"},"categories":[1773],"tags":[29,214,30,471,1780,215],"class_list":["post-760283","post","type-post","status-publish","format-standard","has-post-thumbnail","category-serien","tag-deutschland","tag-entertainment","tag-germany","tag-serien","tag-series","tag-unterhaltung"],"share_on_mastodon":{"url":"https:\/\/pubeurope.com\/@de\/115988170323002286","error":""},"_links":{"self":[{"href":"https:\/\/www.europesays.com\/de\/wp-json\/wp\/v2\/posts\/760283","targetHints":{"allow":["GET"]}}],"collection":[{"href":"https:\/\/www.europesays.com\/de\/wp-json\/wp\/v2\/posts"}],"about":[{"href":"https:\/\/www.europesays.com\/de\/wp-json\/wp\/v2\/types\/post"}],"author":[{"embeddable":true,"href":"https:\/\/www.europesays.com\/de\/wp-json\/wp\/v2\/users\/2"}],"replies":[{"embeddable":true,"href":"https:\/\/www.europesays.com\/de\/wp-json\/wp\/v2\/comments?post=760283"}],"version-history":[{"count":0,"href":"https:\/\/www.europesays.com\/de\/wp-json\/wp\/v2\/posts\/760283\/revisions"}],"wp:featuredmedia":[{"embeddable":true,"href":"https:\/\/www.europesays.com\/de\/wp-json\/wp\/v2\/media\/6787"}],"wp:attachment":[{"href":"https:\/\/www.europesays.com\/de\/wp-json\/wp\/v2\/media?parent=760283"}],"wp:term":[{"taxonomy":"category","embeddable":true,"href":"https:\/\/www.europesays.com\/de\/wp-json\/wp\/v2\/categories?post=760283"},{"taxonomy":"post_tag","embeddable":true,"href":"https:\/\/www.europesays.com\/de\/wp-json\/wp\/v2\/tags?post=760283"}],"curies":[{"name":"wp","href":"https:\/\/api.w.org\/{rel}","templated":true}]}}