{"id":760467,"date":"2026-01-31T07:34:15","date_gmt":"2026-01-31T07:34:15","guid":{"rendered":"https:\/\/www.europesays.com\/de\/760467\/"},"modified":"2026-01-31T07:34:15","modified_gmt":"2026-01-31T07:34:15","slug":"augsburger-kult-promi-feiert-geburtstag-der-koenig-wird-73","status":"publish","type":"post","link":"https:\/\/www.europesays.com\/de\/760467\/","title":{"rendered":"Augsburger Kult-Promi feiert Geburtstag: Der K\u00f6nig wird 73"},"content":{"rendered":"<p class=\"mb-6 text-xs md:text-m lg:text-l font-serif group-[.font-sans]:font-sans \">\n    Heute wird er 73 \u2013 und trotzdem wirkt es, als w\u00fcrde ihn die Zeit kaum ber\u00fchren: Gerhard Hermanutz, bekannt als der \u201eK\u00f6nig von Augsburg\u201c, lebt nach eigenen Regeln. Mit festen Ritualen, klarer Haltung und einer besonderen Art, sich in der Stadt zu bewegen, ist er f\u00fcr viele zur Kultfigur geworden \u2013 sichtbar, eigenwillig, unverwechselbar.\n  <\/p>\n<p class=\"mb-6 text-xs md:text-m lg:text-l font-serif group-[.font-sans]:font-sans \">\n    Der K\u00f6nig von Augsburg fasziniert, und das schon seit vielen Jahren. So haben wir auch bereits h\u00e4ufiger \u00fcber Hermanutz berichtet. Ein besonderer Bericht entstand 2017, wo unsere Redakteurin den K\u00f6nig zu Hause besucht hat und sich erz\u00e4hlen lie\u00df, <a href=\"https:\/\/www.augsburger-allgemeine.de\/augsburg\/aus-unserem-archiv-royaler-geburtstag-wie-der-koenig-von-augsburg-ein-monarch-wurde-id40775621.html\" target=\"_self\" class=\"underline \" rel=\"nofollow noopener\">wie er zum Monarchen wurde<\/a>. Zum 70. Geburtstag im Jahr 2023 blickte er dann gemeinsam mit unserer Redaktion zur\u00fcck und sprach dar\u00fcber, <a href=\"https:\/\/www.augsburger-allgemeine.de\/augsburg\/augsburg-der-koenig-von-augsburg-feiert-geburtstag-70-umdrehungen-um-die-sonne-id65220416.html\" target=\"_self\" class=\"underline \" rel=\"nofollow noopener\">dass er in seinem Leben so manches anders machen w\u00fcrde<\/a>. Damals entstanden auch die Aufnahmen aus unserem Video.\n  <\/p>\n<\/p>\n<ul data-module-id=\"DragDropModule\" class=\"flex flex-wrap justify-start group-[.no-bookmarks]:hidden\">\n<li class=\"mb-3 mr-3\">\n    Manuel Andre<\/p>\n<p>      Icon Haken im Kreis gesetzt<\/p>\n<p>      Icon Plus im Kreis<\/p>\n<\/li>\n<li class=\"mb-3 mr-3\">\n    Augsburg<\/p>\n<p>      Icon Haken im Kreis gesetzt<\/p>\n<p>      Icon Plus im Kreis<\/p>\n<\/li>\n<\/ul>\n","protected":false},"excerpt":{"rendered":"Heute wird er 73 \u2013 und trotzdem wirkt es, als w\u00fcrde ihn die Zeit kaum ber\u00fchren: Gerhard Hermanutz,&hellip;\n","protected":false},"author":2,"featured_media":760468,"comment_status":"","ping_status":"","sticky":false,"template":"","format":"standard","meta":{"footnotes":"","_share_on_mastodon":"0"},"categories":[1846],"tags":[680,772,3364,29,548,663,3934,173204,30,13,14,15,12],"class_list":["post-760467","post","type-post","status-publish","format-standard","has-post-thumbnail","category-augsburg","tag-augsburg","tag-bayern","tag-de","tag-deutschland","tag-eu","tag-europa","tag-europe","tag-gerhard-hermanutz","tag-germany","tag-headlines","tag-nachrichten","tag-news","tag-schlagzeilen"],"share_on_mastodon":{"url":"https:\/\/pubeurope.com\/@de\/115988559529993093","error":""},"_links":{"self":[{"href":"https:\/\/www.europesays.com\/de\/wp-json\/wp\/v2\/posts\/760467","targetHints":{"allow":["GET"]}}],"collection":[{"href":"https:\/\/www.europesays.com\/de\/wp-json\/wp\/v2\/posts"}],"about":[{"href":"https:\/\/www.europesays.com\/de\/wp-json\/wp\/v2\/types\/post"}],"author":[{"embeddable":true,"href":"https:\/\/www.europesays.com\/de\/wp-json\/wp\/v2\/users\/2"}],"replies":[{"embeddable":true,"href":"https:\/\/www.europesays.com\/de\/wp-json\/wp\/v2\/comments?post=760467"}],"version-history":[{"count":0,"href":"https:\/\/www.europesays.com\/de\/wp-json\/wp\/v2\/posts\/760467\/revisions"}],"wp:featuredmedia":[{"embeddable":true,"href":"https:\/\/www.europesays.com\/de\/wp-json\/wp\/v2\/media\/760468"}],"wp:attachment":[{"href":"https:\/\/www.europesays.com\/de\/wp-json\/wp\/v2\/media?parent=760467"}],"wp:term":[{"taxonomy":"category","embeddable":true,"href":"https:\/\/www.europesays.com\/de\/wp-json\/wp\/v2\/categories?post=760467"},{"taxonomy":"post_tag","embeddable":true,"href":"https:\/\/www.europesays.com\/de\/wp-json\/wp\/v2\/tags?post=760467"}],"curies":[{"name":"wp","href":"https:\/\/api.w.org\/{rel}","templated":true}]}}