{"id":760474,"date":"2026-01-31T07:37:10","date_gmt":"2026-01-31T07:37:10","guid":{"rendered":"https:\/\/www.europesays.com\/de\/760474\/"},"modified":"2026-01-31T07:37:10","modified_gmt":"2026-01-31T07:37:10","slug":"achtung-glatt-der-dwd-warnt-in-karlsruhe-bis-11-uhr-vor-gefrorenen-strassen","status":"publish","type":"post","link":"https:\/\/www.europesays.com\/de\/760474\/","title":{"rendered":"Achtung glatt! Der DWD warnt in Karlsruhe bis 11 Uhr vor gefrorenen Stra\u00dfen"},"content":{"rendered":"<p class=\"mb-6 text-xs md:text-m lg:text-l font-serif group-[.font-sans]:font-sans \">\n    Nach einer anstrengenden Woche ist der ein oder die andere am Samtagmorgen etwas ger\u00e4dert. Da gilt es, besonders vorsichtig unterwegs zu sein. Der Deutsche Wetterdienst (DWD) warnt in Karlsruhe vor Gl\u00e4tte.\n  <\/p>\n<p>            Gl\u00e4tte am Samstagmorgen seit 4 Uhr<\/p>\n<p class=\"mb-6 text-xs md:text-m lg:text-l font-serif group-[.font-sans]:font-sans \">\n    In der Nacht auf den 31. Januar von vier Uhr bis Samstagvormittag um elf Uhr sind die Stra\u00dfen und Gehwege glatt. Es besteht Rutschgefahr. Die Bremswege sind bei Gl\u00e4tte l\u00e4nger. Der DWD empfiehlt langsamer und vorausschauender zu fahren.\n  <\/p>\n<p>            Abends kommt leichter Regen<\/p>\n<p class=\"mb-6 text-xs md:text-m lg:text-l font-serif group-[.font-sans]:font-sans \">\n    Tags\u00fcber bleibt es daf\u00fcr trocken. Erst ab 18 Uhr wird leichter Regen erwartet. Die Regenwahrscheinlichkeit f\u00fcr den Samstagabend in Karlsruhe betr\u00e4gt 98 Prozent. <a href=\"https:\/\/www.ka-news.de\/baden-wuerttemberg\/wetter\/wetter-karlsruhe-dwd-warnt-vor-frost-und-glaette-zum-wochenstart-30-01-26-113266250\" target=\"_self\" class=\"underline \" rel=\"nofollow noopener\">Am vergangenen Wochenende gab es in Karlsruhe bereits einen bunten Mix aus Schnee- und Frostwarnungen. <\/a>\n  <\/p>\n<ul data-module-id=\"DragDropModule\" class=\"flex flex-wrap justify-start group-[.no-bookmarks]:hidden\">\n<li class=\"mb-3 mr-3\">\n    Sarah-Christin Gro\u00dfmann<\/p>\n<p>      Icon Haken im Kreis gesetzt<\/p>\n<p>      Icon Plus im Kreis<\/p>\n<\/li>\n<li class=\"mb-3 mr-3\">\n    Gl\u00e4tte<\/p>\n<p>      Icon Haken im Kreis gesetzt<\/p>\n<p>      Icon Plus im Kreis<\/p>\n<\/li>\n<li class=\"mb-3 mr-3\">\n    Karlsruhe<\/p>\n<p>      Icon Haken im Kreis gesetzt<\/p>\n<p>      Icon Plus im Kreis<\/p>\n<\/li>\n<\/ul>\n","protected":false},"excerpt":{"rendered":"Nach einer anstrengenden Woche ist der ein oder die andere am Samtagmorgen etwas ger\u00e4dert. Da gilt es, besonders&hellip;\n","protected":false},"author":2,"featured_media":760475,"comment_status":"","ping_status":"","sticky":false,"template":"","format":"standard","meta":{"footnotes":"","_share_on_mastodon":"0"},"categories":[1844],"tags":[1634,3364,29,4906,30,42751,140600,8903,173207],"class_list":["post-760474","post","type-post","status-publish","format-standard","has-post-thumbnail","category-karlsruhe","tag-baden-wuerttemberg","tag-de","tag-deutschland","tag-dwd","tag-germany","tag-glaette","tag-glaettewarnung","tag-karlsruhe","tag-samtagmorgen"],"share_on_mastodon":{"url":"https:\/\/pubeurope.com\/@de\/115988571591224638","error":""},"_links":{"self":[{"href":"https:\/\/www.europesays.com\/de\/wp-json\/wp\/v2\/posts\/760474","targetHints":{"allow":["GET"]}}],"collection":[{"href":"https:\/\/www.europesays.com\/de\/wp-json\/wp\/v2\/posts"}],"about":[{"href":"https:\/\/www.europesays.com\/de\/wp-json\/wp\/v2\/types\/post"}],"author":[{"embeddable":true,"href":"https:\/\/www.europesays.com\/de\/wp-json\/wp\/v2\/users\/2"}],"replies":[{"embeddable":true,"href":"https:\/\/www.europesays.com\/de\/wp-json\/wp\/v2\/comments?post=760474"}],"version-history":[{"count":0,"href":"https:\/\/www.europesays.com\/de\/wp-json\/wp\/v2\/posts\/760474\/revisions"}],"wp:featuredmedia":[{"embeddable":true,"href":"https:\/\/www.europesays.com\/de\/wp-json\/wp\/v2\/media\/760475"}],"wp:attachment":[{"href":"https:\/\/www.europesays.com\/de\/wp-json\/wp\/v2\/media?parent=760474"}],"wp:term":[{"taxonomy":"category","embeddable":true,"href":"https:\/\/www.europesays.com\/de\/wp-json\/wp\/v2\/categories?post=760474"},{"taxonomy":"post_tag","embeddable":true,"href":"https:\/\/www.europesays.com\/de\/wp-json\/wp\/v2\/tags?post=760474"}],"curies":[{"name":"wp","href":"https:\/\/api.w.org\/{rel}","templated":true}]}}