{"id":760499,"date":"2026-01-31T07:54:11","date_gmt":"2026-01-31T07:54:11","guid":{"rendered":"https:\/\/www.europesays.com\/de\/760499\/"},"modified":"2026-01-31T07:54:11","modified_gmt":"2026-01-31T07:54:11","slug":"10-jahre-rikas-erst-als-strassenmusiker-auf-der-koenigstrasse-jetzt-auf-europa-tour","status":"publish","type":"post","link":"https:\/\/www.europesays.com\/de\/760499\/","title":{"rendered":"10 Jahre Rikas: Erst als Stra\u00dfenmusiker auf der K\u00f6nigstra\u00dfe, jetzt auf Europa-Tour"},"content":{"rendered":"<p>Kalifornische Vibes, gute Laune und Vintage-Klamotten \u2013 das ist die Stuttgarter Band Rikas. Ihr Jubil\u00e4umskonzert spielen sie an einem besonderen Ort.<\/p>\n<p>Wenn die Rikas auf der B\u00fchne stehen, geht die Sonne auf \u2013 auch wenn es drau\u00dfen nasskalt ist. Der Indie-Pop der vier Musiker aus Korntal klingt nach Meer, nach offenen Stra\u00dfen und nach einem Lebensgef\u00fchl, das man im Stuttgarter Kessel meist nur aus der Fantasie kennt. In diesem Jahr feiert die <a href=\"https:\/\/www.stuttgarter-nachrichten.de\/thema\/Band\" title=\"Band\" class=\"art_thema\" rel=\"nofollow noopener\" target=\"_blank\">Band<\/a> ihr zehnj\u00e4hriges Bestehen.<\/p>\n<p>Kennengelernt haben sich Ferdinand H\u00fcbner, Chris Ronge, Sascha Scherer und Sam Baisch in der Schule. Sie waren 13 Jahre alt, probten im Korntaler Proberaum von Ferdinands Vater, dem bekannten Jazz-Kontrabassisten Veit H\u00fcbner, und nannten sich zun\u00e4chst \u201eToo Young To Shave\u201c. Pubert\u00e4rpoppig, aber musikalisch erstaunlich reif. Als die Stimmen st\u00e4rker wurden und der eigene Stil Gestalt annahm, musste ein neuer Name her. Die L\u00f6sung lief im Hause H\u00fcbner auf vier Pfoten durchs Wohnzimmer: Rika, der Hund der Familie, wurde Namensgeber der Band.<\/p>\n<p>Stra\u00dfenmusik und Support f\u00fcr Bilderbuch und Fil Bo Riva <\/p>\n<p>Der Sound von Rikas ist gepr\u00e4gt von der <a href=\"https:\/\/www.stuttgarter-nachrichten.de\/thema\/Musik\" title=\"Musik\" class=\"art_thema\" rel=\"nofollow noopener\" target=\"_blank\">Musik<\/a> der Eltern \u2013 Beatles, Beach Boys. Mehrstimmiger Gesang, l\u00e4ssige Grooves und diese unersch\u00fctterliche Leichtigkeit, die ihre Songs wie dreimin\u00fctige Kurzurlaube erscheinen l\u00e4sst, wurden schnell zum Markenzeichen. Dass es keinen klassischen Frontmann gibt, geh\u00f6rt zum Konzept: Alle vier singen, alle stehen gleichberechtigt im Rampenlicht. \u201eViererkette\u201c nennen sie das selbst.<\/p>\n<p>Fr\u00fch machte sich die Band einen Namen als Stra\u00dfenmusiker, spielte auf der Stuttgarter K\u00f6nigstra\u00dfe, reiste mit Interrail-Tickets durch Europa und brachte die Unbek\u00fcmmertheit der Fu\u00dfg\u00e4ngerzonen sp\u00e4ter in die Clubs. Erste Festivalauftritte, Supportshows f\u00fcr Bands wie Bilderbuch oder Fil Bo Riva und die EP \u201eSwabian Samba\u201c folgten. Sp\u00e4testens mit dem Deb\u00fctalbum \u201eShowtime\u201c (2019) wurde klar: Die Rikas sind gekommen, um zu bleiben.<\/p>\n<p>Nach der Corona-Pandemie geht es in die USA <\/p>\n<p>Dann kam die Pandemie \u2013 und bremste den Schwung. Konzerte fielen aus, Tourneen wurden abgesagt. Doch statt zu verstummen, blieben die vier kreativ: Sie stellten sich selbst bei Ebay zum Verkauf, hinterfragten im Video zu \u201eStereo\u201c ironisch den Boyband-Begriff und setzten ein Zeichen gegen g\u00e4ngige Mechanismen der Musikindustrie. <\/p>\n<p>International \u00f6ffneten sich erste T\u00fcren. Der US-Produzent Jonathan Rado lud die Band nach Los Angeles ein, wo Rikas im Studio den Song \u201eUp All Night\u201c aufnahmen \u2013 ein St\u00fcck, das so sehr nach Westk\u00fcste klingt, als sei es zwischen Palmen und Pazifik entstanden. Weitere Reisen f\u00fchrten <a href=\"https:\/\/www.stuttgarter-nachrichten.de\/inhalt.rikas-beim-sxsw-was-die-stuttgarter-band-in-texas-erlebt-hat.a8a95e22-3213-4ae5-9017-680ac61d8fc2.html\" target=\"_blank\" rel=\"nofollow noopener\">nach Austin, Texas, zur SXSW<\/a>, wo Branchenvertreter aufmerksam wurden und ein brasilianischer Musikjournalist euphorisch von den \u201eneuen Beatles\u201c schrieb. Auch Japan entdeckte die Band: Das Label Arishima Records ver\u00f6ffentlichte ihre Musik und machte sie fernab Europas bekannt.<\/p>\n<p>Trotz internationaler Ambitionen bleiben Rikas ihrer Heimat verbunden. Heimspiele im Wizemann, zuletzt vor rund 1000 Fans, erzeugen Wohnzimmeratmosph\u00e4re und kollektive Gl\u00fccksgef\u00fchle. \u201eGrundpositiv\u201c nennen sie das selbst, was sie auf der B\u00fchne tun \u2013 und tats\u00e4chlich verl\u00e4sst kaum jemand ein Rikas-<a href=\"https:\/\/www.stuttgarter-nachrichten.de\/thema\/Konzert\" title=\"Konzert\" class=\"art_thema\" rel=\"nofollow noopener\" target=\"_blank\">Konzert<\/a> ohne L\u00e4cheln.<\/p>\n<p>Im Fr\u00fchjahr 2026 feiern die vier ihr zehnj\u00e4hriges Bestehen mit der Jubil\u00e4umstour \u201eDog Days 2026\u201c. Die Tour geht durch Portugal, die Schweiz, die Niederlande, England, \u00d6sterreich, Belgien, Frankreich und Deutschland \u2013 dabei kehren sie immer wieder an Orte zur\u00fcck, die f\u00fcr ihre Entwicklung wichtig waren. Am 4. Juli kommen sie schlie\u00dflich f\u00fcr ihr Homecoming-Konzert nach <a href=\"https:\/\/www.stuttgarter-nachrichten.de\/thema\/Stuttgart\" title=\"Stuttgart\" class=\"art_thema\" rel=\"nofollow noopener\" target=\"_blank\">Stuttgart<\/a> zur\u00fcck und spielen im Opernhaus. <\/p>\n","protected":false},"excerpt":{"rendered":"Kalifornische Vibes, gute Laune und Vintage-Klamotten \u2013 das ist die Stuttgarter Band Rikas. Ihr Jubil\u00e4umskonzert spielen sie an&hellip;\n","protected":false},"author":2,"featured_media":760500,"comment_status":"","ping_status":"","sticky":false,"template":"","format":"standard","meta":{"footnotes":"","_share_on_mastodon":"0"},"categories":[3933],"tags":[4657,331,332,6329,548,663,158,3934,3935,13,1310,80,810,14,15,86814,12,1441,85897],"class_list":["post-760499","post","type-post","status-publish","format-standard","has-post-thumbnail","category-eu","tag-stadtreporter","tag-aktuelle-nachrichten","tag-aktuelle-news","tag-band","tag-eu","tag-europa","tag-europaeische-union","tag-europe","tag-european-union","tag-headlines","tag-konzert","tag-kultur","tag-musik","tag-nachrichten","tag-news","tag-rikas","tag-schlagzeilen","tag-stuttgart","tag-textmanager"],"share_on_mastodon":{"url":"https:\/\/pubeurope.com\/@de\/115988638265804091","error":""},"_links":{"self":[{"href":"https:\/\/www.europesays.com\/de\/wp-json\/wp\/v2\/posts\/760499","targetHints":{"allow":["GET"]}}],"collection":[{"href":"https:\/\/www.europesays.com\/de\/wp-json\/wp\/v2\/posts"}],"about":[{"href":"https:\/\/www.europesays.com\/de\/wp-json\/wp\/v2\/types\/post"}],"author":[{"embeddable":true,"href":"https:\/\/www.europesays.com\/de\/wp-json\/wp\/v2\/users\/2"}],"replies":[{"embeddable":true,"href":"https:\/\/www.europesays.com\/de\/wp-json\/wp\/v2\/comments?post=760499"}],"version-history":[{"count":0,"href":"https:\/\/www.europesays.com\/de\/wp-json\/wp\/v2\/posts\/760499\/revisions"}],"wp:featuredmedia":[{"embeddable":true,"href":"https:\/\/www.europesays.com\/de\/wp-json\/wp\/v2\/media\/760500"}],"wp:attachment":[{"href":"https:\/\/www.europesays.com\/de\/wp-json\/wp\/v2\/media?parent=760499"}],"wp:term":[{"taxonomy":"category","embeddable":true,"href":"https:\/\/www.europesays.com\/de\/wp-json\/wp\/v2\/categories?post=760499"},{"taxonomy":"post_tag","embeddable":true,"href":"https:\/\/www.europesays.com\/de\/wp-json\/wp\/v2\/tags?post=760499"}],"curies":[{"name":"wp","href":"https:\/\/api.w.org\/{rel}","templated":true}]}}